{"id":17746,"date":"2021-10-14T01:31:38","date_gmt":"2021-10-14T04:31:38","guid":{"rendered":"https:\/\/www.jornaldaconstrucaocivil.com.br\/?p=17746"},"modified":"2021-10-14T01:31:38","modified_gmt":"2021-10-14T04:31:38","slug":"mais-jovem-baiana-supermercadista-faz-empresa-crescer-de-3-para-500-colaboradores-em-seis-anos","status":"publish","type":"post","link":"https:\/\/construcaocivil.siriusmarketingedesign.com.br\/?p=17746","title":{"rendered":"Mais jovem baiana supermercadista faz empresa crescer de 3 para 500 colaboradores, em seis anos"},"content":{"rendered":"<p class=\"v1MsoNormal\" style=\"text-align: justify;\"><span style=\"color: #000000;\"><span style=\"color: #ff0000;\">Outubro<\/span>, 2021 &#8211; O empreendedorismo feminino tem sido um importante movimento impulsionador para a luta das mulheres na busca por igualdade social e consolida\u00e7\u00e3o no mercado de trabalho e empresarial. No Brasil, as empreendedoras somam <b>mais de 30 milh\u00f5es<\/b>, de acordo com a Global Entrepreneurship Monitor (GEM),\u00a0<b>o que representa 48,7%<\/b>\u00a0do mercado empreendedor.<\/span><\/p>\n<p class=\"v1MsoNormal\" style=\"text-align: justify;\"><span style=\"color: #000000;\">\u00a0<\/span><span style=\"color: #000000;\">Segundo dados do Sebrae-BA, na Bahia a porcentagem de mulheres donas de neg\u00f3cios \u00e9 de 31%, em 2021.\u00a0\u00a0Entre as mulheres que decidiram empreender na regi\u00e3o, com o foco em gerar possibilidades, est\u00e1 a empres\u00e1ria baiana\u00a0<b>Daniela Lacerda, de 29 anos.<\/b><b><\/b><\/span><\/p>\n<p class=\"v1MsoNormal\" style=\"text-align: justify;\"><b><span style=\"color: #000000;\">\u00a0<\/span><\/b><span style=\"color: #000000;\">Reconhecida como a\u00a0<b>mulher mais jovem do setor supermercadista, de acordo com a Associa\u00e7\u00e3o Baiana de Supermercados (ABASE)<\/b>, a CEO da\u00a0<b>Rede Coruj\u00e3o 24h<\/b>,\u00a0<b>Dani Lacerda<\/b>, est\u00e1 \u00e0 frente da grande empresa, desde a funda\u00e7\u00e3o do empreendimento, que teve seu in\u00edcio como um pequeno dep\u00f3sito de bebidas, na cidade de Feira de Santana.<\/span><\/p>\n<p class=\"v1MsoNormal\" style=\"text-align: justify;\"><span style=\"color: #000000;\">\u00a0<\/span><span style=\"color: #000000;\">Empres\u00e1ria, com MBA em Gest\u00e3o de Empreendedorismo e Pessoas, pela PUCRS e forma\u00e7\u00e3o em Direito, pela UNIFAN,\u00a0<b>a gestora<\/b>\u00a0busca sempre estar atenta \u00e0s novidades do meio administrativo e os recursos modernos que dialogam com o momento atual, e neste aspecto, acredita que essas foram estas caracter\u00edsticas que a fizeram se destacar no setor majoritariamente masculino.<\/span><\/p>\n<p class=\"v1MsoNormal\" style=\"text-align: justify;\"><span style=\"color: #000000;\">\u00a0<\/span><span style=\"color: #000000;\">A CEO, que apresenta uma\u00a0<b>abordagem moderna\u00a0<\/b>em sua gest\u00e3o, iniciou o empreendimento contando com apenas tr\u00eas colaboradores e em seis anos, fizeram com que a empres\u00e1ria constru\u00edsse um imp\u00e9rio de seis outras grandes lojas espalhadas pelo estado, gerando emprego direto para cerca de 500 colaboradores.\u00a0<\/span><\/p>\n<p class=\"v1MsoNormal\" style=\"text-align: justify;\"><span style=\"color: #000000;\">\u00a0<\/span><span style=\"color: #000000;\">Para a empreendedora, ter a vis\u00e3o jovem de mercado \u00e9 um ponto positivo neste per\u00edodo de tantas mudan\u00e7as sociais, sendo um aspecto importante e que deve ser levado em considera\u00e7\u00e3o por outros gestores.\u00a0<i>&#8220;Principalmente para n\u00f3s, nessa era do e-commerce, a din\u00e2mica jovem permite uma vis\u00e3o ampla e mais diversificada no empreendedorismo. Quebrando, assim, paradigmas conservadores do setor&#8221;,<\/i>\u00a0completa\u00a0<b>Dani Lacerda.<\/b><\/span><\/p>\n<p class=\"v1MsoNormal\" style=\"text-align: justify;\"><span style=\"color: #000000;\">\u00a0<\/span><span style=\"color: #000000;\">A gestora conta que o principal diferencial em sua gest\u00e3o, al\u00e9m da dedica\u00e7\u00e3o ao neg\u00f3cio, \u00e9 pensar na import\u00e2ncia do corpo de colaboradores como um capital humano, que precisa ser visto, ouvido e valorizado e, al\u00e9m disso, misturar as ferramentas j\u00e1 existentes com as novas possibilidades. &#8220;<i>Sempre busquei sair do \u00f3bvio e pensar \u00e0 frente. Realizar coisas que ningu\u00e9m ainda tenha realizado e trazer mudan\u00e7as que ainda n\u00e3o eram acreditadas&#8221;,\u00a0<\/i>ressalta.<\/span><\/p>\n<p class=\"v1MsoNormal\" style=\"text-align: justify;\"><span style=\"color: #000000;\">\u00a0<\/span><span style=\"color: #000000;\">A CEO acrescenta que um dos pontos importantes para o crescimento do neg\u00f3cio, foi perceber que ter uma presen\u00e7a digital faria a empresa se aproximar do p\u00fablico, falando a mesma l\u00edngua.<\/span><\/p>\n<p class=\"v1MsoNormal\" style=\"text-align: justify;\"><span style=\"color: #000000;\">\u00a0<\/span><span style=\"color: #000000;\"><i>&#8220;Desde quando tive a ideia de trazer o Coruj\u00e3o 24h para as redes sociais, eu acreditei que conseguiria. Por isso, ousei. Eu sabia qual era o meu objetivo, enquanto gestora! E foi assim que o atingi. Hoje nos tornamos uma das maiores presen\u00e7as digitais dentro do ramo varejista alimentar na Bahia&#8221;<\/i>, comemora.<b><\/b><\/span><\/p>\n<p class=\"v1MsoNormal\" style=\"text-align: justify;\"><span style=\"color: #000000;\">\u00a0<\/span><span style=\"color: #000000;\"><b>Dani Lacerda<\/b>\u00a0destaca que o setor varejista \u00e9 intenso e que a velocidade do ramo aliment\u00edcio obriga a todos a estarem sempre ligados aos pequenos detalhes.<\/span><\/p>\n<p class=\"v1MsoNormal\" style=\"text-align: justify;\"><i><span style=\"color: #000000;\">\u00a0<\/span><\/i><span style=\"color: #000000;\"><i>&#8220;Apesar de ser uma obriga\u00e7\u00e3o de quem trabalha com o setor, n\u00e3o s\u00e3o todos que est\u00e3o atentos a esses pormenores. Por este motivo, \u00e9 importante investir no capital humano, para contar com uma equipe que esteja sempre atenta aos detalhes. Isso permite que possamos alcan\u00e7ar a lucratividade real&#8221;<\/i>, salienta.<\/span><\/p>\n<p class=\"v1MsoNormal\" style=\"text-align: justify;\"><span style=\"color: #000000;\">\u00a0<\/span><span style=\"color: #000000;\">No quesito poder feminino empresarial, ciente de\u00a0<b>sua responsabilidade enquanto mulher e empreendedora,<\/b>\u00a0a empres\u00e1ria compartilha conselhos para outras mulheres que desejam investir na lideran\u00e7a no ramo supermercadista<i>. &#8220;A aud\u00e1cia com certeza \u00e9 um dos principais pilares para a constru\u00e7\u00e3o de uma empresa s\u00f3lida. Pois foi ela quem me fez acreditar que tudo aquilo o que almejamos podemos conseguir&#8221;,\u00a0<\/i>finaliza.<\/span><\/p>\n<p class=\"v1MsoNormal\" style=\"text-align: justify;\"><span style=\"color: #000000;\">\u00a0<\/span><\/p>\n","protected":false},"excerpt":{"rendered":"<p>Outubro, 2021 &#8211; O empreendedorismo feminino tem sido um importante movimento impulsionador para a luta das mulheres na busca por igualdade social e consolida\u00e7\u00e3o no mercado de trabalho e empresarial. No Brasil, as empreendedoras somam mais de 30 milh\u00f5es, de acordo com a Global Entrepreneurship Monitor (GEM),\u00a0o que representa 48,7%\u00a0do mercado empreendedor. \u00a0Segundo dados do [&hellip;]<\/p>\n","protected":false},"author":1,"featured_media":17747,"comment_status":"open","ping_status":"open","sticky":false,"template":"","format":"standard","meta":{"_uag_custom_page_level_css":"","footnotes":""},"categories":[33],"tags":[22370,22368,22366,10584,22367,22369],"class_list":["post-17746","post","type-post","status-publish","format-standard","has-post-thumbnail","hentry","category-mercado","tag-500-novos-colaboradores","tag-empresaria-mais-jovem","tag-rede-corujao-24h","tag-salvador-bahia","tag-supermercado","tag-varejo-e-inovacao"],"blocksy_meta":[],"spectra_blocks_featured_image_url":{"thumbnail":{"url":"https:\/\/construcaocivil.siriusmarketingedesign.com.br\/wp-content\/uploads\/2021\/10\/Dani-Lacerda_foto_Taila-Silva-150x150.jpg","width":150,"height":150},"medium":{"url":"https:\/\/construcaocivil.siriusmarketingedesign.com.br\/wp-content\/uploads\/2021\/10\/Dani-Lacerda_foto_Taila-Silva-300x200.jpg","width":300,"height":200},"medium_large":{"url":"https:\/\/construcaocivil.siriusmarketingedesign.com.br\/wp-content\/uploads\/2021\/10\/Dani-Lacerda_foto_Taila-Silva-768x512.jpg","width":768,"height":512},"large":{"url":"https:\/\/construcaocivil.siriusmarketingedesign.com.br\/wp-content\/uploads\/2021\/10\/Dani-Lacerda_foto_Taila-Silva.jpg","width":1024,"height":683},"full":{"url":"https:\/\/construcaocivil.siriusmarketingedesign.com.br\/wp-content\/uploads\/2021\/10\/Dani-Lacerda_foto_Taila-Silva.jpg","width":1024,"height":683}},"spectra_blocks_author_info":{"display_name":"Jornal da Constru\u00e7\u00e3o Civil","avatar_url":"https:\/\/secure.gravatar.com\/avatar\/973c9774fd44ddaceb026973c4962faa70fc512bc4c9da68e8ebb40fecee6540?s=96&d=mm&r=g","author_link":"https:\/\/construcaocivil.siriusmarketingedesign.com.br\/?author=1","description":"Desde de 2013, levando muitas informa\u00e7\u00f5es, lan\u00e7amentos e produtos de qualidade para toda cadeia produtiva da constru\u00e7\u00e3o. O Futuro da constru\u00e7\u00e3o passa por aqui,"},"uagb_featured_image_src":{"full":["https:\/\/construcaocivil.siriusmarketingedesign.com.br\/wp-content\/uploads\/2021\/10\/Dani-Lacerda_foto_Taila-Silva.jpg",1024,683,false],"thumbnail":["https:\/\/construcaocivil.siriusmarketingedesign.com.br\/wp-content\/uploads\/2021\/10\/Dani-Lacerda_foto_Taila-Silva-150x150.jpg",150,150,true],"medium":["https:\/\/construcaocivil.siriusmarketingedesign.com.br\/wp-content\/uploads\/2021\/10\/Dani-Lacerda_foto_Taila-Silva-300x200.jpg",300,200,true],"medium_large":["https:\/\/construcaocivil.siriusmarketingedesign.com.br\/wp-content\/uploads\/2021\/10\/Dani-Lacerda_foto_Taila-Silva-768x512.jpg",768,512,true],"large":["https:\/\/construcaocivil.siriusmarketingedesign.com.br\/wp-content\/uploads\/2021\/10\/Dani-Lacerda_foto_Taila-Silva.jpg",1024,683,false],"1536x1536":["https:\/\/construcaocivil.siriusmarketingedesign.com.br\/wp-content\/uploads\/2021\/10\/Dani-Lacerda_foto_Taila-Silva.jpg",1024,683,false],"2048x2048":["https:\/\/construcaocivil.siriusmarketingedesign.com.br\/wp-content\/uploads\/2021\/10\/Dani-Lacerda_foto_Taila-Silva.jpg",1024,683,false]},"uagb_author_info":{"display_name":"Jornal da Constru\u00e7\u00e3o Civil","author_link":"https:\/\/construcaocivil.siriusmarketingedesign.com.br\/?author=1"},"uagb_comment_info":0,"uagb_excerpt":"Outubro, 2021 &#8211; O empreendedorismo feminino tem sido um importante movimento impulsionador para a luta das mulheres na busca por igualdade social e consolida\u00e7\u00e3o no mercado de trabalho e empresarial. No Brasil, as empreendedoras somam mais de 30 milh\u00f5es, de acordo com a Global Entrepreneurship Monitor (GEM),\u00a0o que representa 48,7%\u00a0do mercado empreendedor. \u00a0Segundo dados do&hellip;","_links":{"self":[{"href":"https:\/\/construcaocivil.siriusmarketingedesign.com.br\/index.php?rest_route=\/wp\/v2\/posts\/17746","targetHints":{"allow":["GET"]}}],"collection":[{"href":"https:\/\/construcaocivil.siriusmarketingedesign.com.br\/index.php?rest_route=\/wp\/v2\/posts"}],"about":[{"href":"https:\/\/construcaocivil.siriusmarketingedesign.com.br\/index.php?rest_route=\/wp\/v2\/types\/post"}],"author":[{"embeddable":true,"href":"https:\/\/construcaocivil.siriusmarketingedesign.com.br\/index.php?rest_route=\/wp\/v2\/users\/1"}],"replies":[{"embeddable":true,"href":"https:\/\/construcaocivil.siriusmarketingedesign.com.br\/index.php?rest_route=%2Fwp%2Fv2%2Fcomments&post=17746"}],"version-history":[{"count":0,"href":"https:\/\/construcaocivil.siriusmarketingedesign.com.br\/index.php?rest_route=\/wp\/v2\/posts\/17746\/revisions"}],"wp:featuredmedia":[{"embeddable":true,"href":"https:\/\/construcaocivil.siriusmarketingedesign.com.br\/index.php?rest_route=\/wp\/v2\/media\/17747"}],"wp:attachment":[{"href":"https:\/\/construcaocivil.siriusmarketingedesign.com.br\/index.php?rest_route=%2Fwp%2Fv2%2Fmedia&parent=17746"}],"wp:term":[{"taxonomy":"category","embeddable":true,"href":"https:\/\/construcaocivil.siriusmarketingedesign.com.br\/index.php?rest_route=%2Fwp%2Fv2%2Fcategories&post=17746"},{"taxonomy":"post_tag","embeddable":true,"href":"https:\/\/construcaocivil.siriusmarketingedesign.com.br\/index.php?rest_route=%2Fwp%2Fv2%2Ftags&post=17746"}],"curies":[{"name":"wp","href":"https:\/\/api.w.org\/{rel}","templated":true}]}}