{"id":17758,"date":"2021-10-14T16:06:59","date_gmt":"2021-10-14T19:06:59","guid":{"rendered":"https:\/\/www.jornaldaconstrucaocivil.com.br\/?p=17758"},"modified":"2021-10-14T16:06:59","modified_gmt":"2021-10-14T19:06:59","slug":"emop-oficializa-uma-reserva-de-vagas-para-mulheres-na-construcao-civil","status":"publish","type":"post","link":"https:\/\/construcaocivil.siriusmarketingedesign.com.br\/?p=17758","title":{"rendered":"Emop oficializa uma reserva de vagas para mulheres na constru\u00e7\u00e3o civil"},"content":{"rendered":"<div class=\"gmail_default\" style=\"text-align: justify;\"><span style=\"color: #ff0000;\">Outubro<\/span>, 2021 &#8211; A Empresa de Obras P\u00fablicas (Emop) passou a ter uma reserva de vagas de emprego para mulheres nas frentes de obras executadas pela institui\u00e7\u00e3o. Portaria publicada nesta quarta-feira (13\/10) no Di\u00e1rio Oficial do Estado do Rio de Janeiro orienta que 5% das oportunidades sejam destinadas a trabalhadoras nas novas obras contratadas. A iniciativa atende \u00e0 necessidade de fomento \u00e0 inser\u00e7\u00e3o de mulheres no mercado de trabalho da constru\u00e7\u00e3o civil no estado do Rio de Janeiro.<\/div>\n<div class=\"gmail_default\" style=\"text-align: justify;\"><\/div>\n<div class=\"gmail_default\" style=\"text-align: justify;\">Em sua justificativa, a Emop cita o art. 170, \u00a7 7\u00ba da Constitui\u00e7\u00e3o Federal, que disp\u00f5e sobre a necessidade de promover a redu\u00e7\u00e3o de desigualdades sociais, e o art. 116 da Lei Federal n\u00ba 6.404\/1976, que trata sobre a fun\u00e7\u00e3o social da empresa e seus deveres e responsabilidades com a comunidade em que atua.<\/div>\n<div class=\"gmail_default\" style=\"text-align: justify;\">\nPara o secret\u00e1rio de Estado de Infraestrutura e Obras, Max Lemos, a \u00a0constru\u00e7\u00e3o civil \u00e9 uma das maiores aliadas do governo quando se trata de gerar riqueza e dignidade \u00e0 popula\u00e7\u00e3o.<\/div>\n<div class=\"gmail_default\" style=\"text-align: justify;\">\n<span style=\"color: #0000ff;\"><strong><em>&#8211; O setor p\u00fablico tem o dever de abrir espa\u00e7o para as mulheres no mercado de trabalho, mesmo num setor predominantemente masculino como a constru\u00e7\u00e3o civil. Ter mulheres chefes de fam\u00edlia atuando nestas melhorias \u00e9 algo que queremos ver acontecendo em nossos projetos &#8211; <span style=\"color: #000000;\">ressaltou o secret\u00e1rio Max Lemos.<\/span><\/em><\/strong><\/span><\/div>\n<div class=\"gmail_default\" style=\"text-align: justify;\">\nSegundo o diretor-presidente da empresa de obras, Andr\u00e9 Braga, a medida tem o objetivo de promover cada vez mais o trabalho das mulheres no mercado da constru\u00e7\u00e3o civil.<\/div>\n<div class=\"gmail_default\" style=\"text-align: justify;\">\n<em><strong><span style=\"color: #993300;\">&#8211; Ao incentivar a contrata\u00e7\u00e3o de mulheres, a Emop, refer\u00eancia na hist\u00f3ria da constru\u00e7\u00e3o civil do estado, cumpre a sua fun\u00e7\u00e3o social e seus deveres com a comunidade e em especial com as mulheres. Atualmente, as mulheres s\u00e3o chefes de fam\u00edlia na maior parte dos lares brasileiros &#8211; <span style=\"color: #000000;\">afirmou Andr\u00e9 Braga.<\/span><\/span><\/strong><\/em><\/div>\n<div class=\"gmail_default\" style=\"text-align: justify;\">\n<p><strong><em>Estat\u00edsticas<\/em><\/strong><\/div>\n<div class=\"gmail_default\" style=\"text-align: justify;\">\nDados divulgados pelo IPEA e IBGE d\u00e3o conta de que 45% dos lares brasileiros s\u00e3o chefiados por mulheres, sendo que 63% deles por mulheres negras que est\u00e3o abaixo da linha de pobreza. Em 1995, esse percentual era de 25%. Com a pandemia, a crise do desemprego se agravou e atingiu mais duramente essas mulheres. Cerca de 58% das mulheres desempregadas s\u00e3o negras.<\/div>\n<div class=\"gmail_default\" style=\"text-align: justify;\"><\/div>\n<div class=\"gmail_default\" style=\"text-align: justify;\">Na totalidade, a pandemia da Covid-19 tirou, somente no terceiro semestre de 2020, perto de 8,5 milh\u00f5es de mulheres do mercado de trabalho, colocando em risco o sustento da casa, o pagamento das contas b\u00e1sicas e o acesso \u00e0 alimenta\u00e7\u00e3o.<\/div>\n<p style=\"text-align: justify;\">\n<p style=\"text-align: justify;\">Fonte: Governo do Estado do Rio de Janeiro<\/p>\n<p style=\"text-align: justify;\">\n<p style=\"text-align: justify;\">\n","protected":false},"excerpt":{"rendered":"<p>Outubro, 2021 &#8211; A Empresa de Obras P\u00fablicas (Emop) passou a ter uma reserva de vagas de emprego para mulheres nas frentes de obras executadas pela institui\u00e7\u00e3o. Portaria publicada nesta quarta-feira (13\/10) no Di\u00e1rio Oficial do Estado do Rio de Janeiro orienta que 5% das oportunidades sejam destinadas a trabalhadoras nas novas obras contratadas. A [&hellip;]<\/p>\n","protected":false},"author":1,"featured_media":17759,"comment_status":"open","ping_status":"open","sticky":false,"template":"","format":"standard","meta":{"_uag_custom_page_level_css":"","footnotes":""},"categories":[27],"tags":[22379,22381,20257,22382,22383,22380],"class_list":["post-17758","post","type-post","status-publish","format-standard","has-post-thumbnail","hentry","category-acontece","tag-emop","tag-mulheres-e-construcao-civil","tag-mulheres-na-construcao","tag-profissionais-e-cursos-na-construcao-civil","tag-secretaria-de-infraestrutura-do-estado-do-rj","tag-vagas-de-emprego-nos-canteiros-de-obras"],"blocksy_meta":[],"spectra_blocks_featured_image_url":{"thumbnail":{"url":"https:\/\/construcaocivil.siriusmarketingedesign.com.br\/wp-content\/uploads\/2021\/10\/LA-Mulheres-construcao-EMOP-19-150x150.jpg","width":150,"height":150},"medium":{"url":"https:\/\/construcaocivil.siriusmarketingedesign.com.br\/wp-content\/uploads\/2021\/10\/LA-Mulheres-construcao-EMOP-19-300x200.jpg","width":300,"height":200},"medium_large":{"url":"https:\/\/construcaocivil.siriusmarketingedesign.com.br\/wp-content\/uploads\/2021\/10\/LA-Mulheres-construcao-EMOP-19-768x512.jpg","width":768,"height":512},"large":{"url":"https:\/\/construcaocivil.siriusmarketingedesign.com.br\/wp-content\/uploads\/2021\/10\/LA-Mulheres-construcao-EMOP-19-1024x683.jpg","width":1024,"height":683},"full":{"url":"https:\/\/construcaocivil.siriusmarketingedesign.com.br\/wp-content\/uploads\/2021\/10\/LA-Mulheres-construcao-EMOP-19-scaled.jpg","width":2560,"height":1707}},"spectra_blocks_author_info":{"display_name":"Jornal da Constru\u00e7\u00e3o Civil","avatar_url":"https:\/\/secure.gravatar.com\/avatar\/973c9774fd44ddaceb026973c4962faa70fc512bc4c9da68e8ebb40fecee6540?s=96&d=mm&r=g","author_link":"https:\/\/construcaocivil.siriusmarketingedesign.com.br\/?author=1","description":"Desde de 2013, levando muitas informa\u00e7\u00f5es, lan\u00e7amentos e produtos de qualidade para toda cadeia produtiva da constru\u00e7\u00e3o. O Futuro da constru\u00e7\u00e3o passa por aqui,"},"uagb_featured_image_src":{"full":["https:\/\/construcaocivil.siriusmarketingedesign.com.br\/wp-content\/uploads\/2021\/10\/LA-Mulheres-construcao-EMOP-19-scaled.jpg",2560,1707,false],"thumbnail":["https:\/\/construcaocivil.siriusmarketingedesign.com.br\/wp-content\/uploads\/2021\/10\/LA-Mulheres-construcao-EMOP-19-150x150.jpg",150,150,true],"medium":["https:\/\/construcaocivil.siriusmarketingedesign.com.br\/wp-content\/uploads\/2021\/10\/LA-Mulheres-construcao-EMOP-19-300x200.jpg",300,200,true],"medium_large":["https:\/\/construcaocivil.siriusmarketingedesign.com.br\/wp-content\/uploads\/2021\/10\/LA-Mulheres-construcao-EMOP-19-768x512.jpg",768,512,true],"large":["https:\/\/construcaocivil.siriusmarketingedesign.com.br\/wp-content\/uploads\/2021\/10\/LA-Mulheres-construcao-EMOP-19-1024x683.jpg",1024,683,true],"1536x1536":["https:\/\/construcaocivil.siriusmarketingedesign.com.br\/wp-content\/uploads\/2021\/10\/LA-Mulheres-construcao-EMOP-19-1536x1024.jpg",1536,1024,true],"2048x2048":["https:\/\/construcaocivil.siriusmarketingedesign.com.br\/wp-content\/uploads\/2021\/10\/LA-Mulheres-construcao-EMOP-19-2048x1365.jpg",2048,1365,true]},"uagb_author_info":{"display_name":"Jornal da Constru\u00e7\u00e3o Civil","author_link":"https:\/\/construcaocivil.siriusmarketingedesign.com.br\/?author=1"},"uagb_comment_info":0,"uagb_excerpt":"Outubro, 2021 &#8211; A Empresa de Obras P\u00fablicas (Emop) passou a ter uma reserva de vagas de emprego para mulheres nas frentes de obras executadas pela institui\u00e7\u00e3o. Portaria publicada nesta quarta-feira (13\/10) no Di\u00e1rio Oficial do Estado do Rio de Janeiro orienta que 5% das oportunidades sejam destinadas a trabalhadoras nas novas obras contratadas. A&hellip;","_links":{"self":[{"href":"https:\/\/construcaocivil.siriusmarketingedesign.com.br\/index.php?rest_route=\/wp\/v2\/posts\/17758","targetHints":{"allow":["GET"]}}],"collection":[{"href":"https:\/\/construcaocivil.siriusmarketingedesign.com.br\/index.php?rest_route=\/wp\/v2\/posts"}],"about":[{"href":"https:\/\/construcaocivil.siriusmarketingedesign.com.br\/index.php?rest_route=\/wp\/v2\/types\/post"}],"author":[{"embeddable":true,"href":"https:\/\/construcaocivil.siriusmarketingedesign.com.br\/index.php?rest_route=\/wp\/v2\/users\/1"}],"replies":[{"embeddable":true,"href":"https:\/\/construcaocivil.siriusmarketingedesign.com.br\/index.php?rest_route=%2Fwp%2Fv2%2Fcomments&post=17758"}],"version-history":[{"count":0,"href":"https:\/\/construcaocivil.siriusmarketingedesign.com.br\/index.php?rest_route=\/wp\/v2\/posts\/17758\/revisions"}],"wp:featuredmedia":[{"embeddable":true,"href":"https:\/\/construcaocivil.siriusmarketingedesign.com.br\/index.php?rest_route=\/wp\/v2\/media\/17759"}],"wp:attachment":[{"href":"https:\/\/construcaocivil.siriusmarketingedesign.com.br\/index.php?rest_route=%2Fwp%2Fv2%2Fmedia&parent=17758"}],"wp:term":[{"taxonomy":"category","embeddable":true,"href":"https:\/\/construcaocivil.siriusmarketingedesign.com.br\/index.php?rest_route=%2Fwp%2Fv2%2Fcategories&post=17758"},{"taxonomy":"post_tag","embeddable":true,"href":"https:\/\/construcaocivil.siriusmarketingedesign.com.br\/index.php?rest_route=%2Fwp%2Fv2%2Ftags&post=17758"}],"curies":[{"name":"wp","href":"https:\/\/api.w.org\/{rel}","templated":true}]}}