{"id":17845,"date":"2021-10-25T00:43:04","date_gmt":"2021-10-25T03:43:04","guid":{"rendered":"https:\/\/www.jornaldaconstrucaocivil.com.br\/?p=17845"},"modified":"2021-10-25T00:43:04","modified_gmt":"2021-10-25T03:43:04","slug":"arcelormittal-abre-mais-de-150-vagas-para-estagio","status":"publish","type":"post","link":"https:\/\/construcaocivil.siriusmarketingedesign.com.br\/?p=17845","title":{"rendered":"ArcelorMittal abre mais de 150 vagas para est\u00e1gio"},"content":{"rendered":"<div>\n<div><span style=\"color: #993300;\">Outubro<\/span>, 2021 &#8211; A ArcelorMittal, empresa l\u00edder no mercado global de a\u00e7o, est\u00e1 com inscri\u00e7\u00f5es abertas, at\u00e9 dia 5 de novembro, para o Programa de Est\u00e1gio 2022. Est\u00e3o dispon\u00edveis mais de 150 vagas distribu\u00eddas em todo o Brasil para estudantes de cursos t\u00e9cnico (matriculados que ainda n\u00e3o realizaram est\u00e1gio curricular) e superior (conclus\u00e3o, a partir de julho\/2023). H\u00e1 vagas para unidades da produtora de a\u00e7o em Minas Gerais &#8211; Belo Horizonte, Monlevade, Juiz de Fora -, S\u00e3o Paulo &#8211; Piracicaba -, e Rio de Janeiro &#8211; Barra Mansa e Resende, entre outras oportunidades.<\/p>\n<p>De acordo com Silvia Hermenegildo Gomes, Gerente de Atra\u00e7\u00e3o da ArcelorMittal, &#8220;esperamos que candidatos e candidatas escolham a ArcelorMittal para fazer seu mundo, j\u00e1 que temos diversas frentes de atua\u00e7\u00e3o e muitas oportunidades para iniciar uma carreira profissional.&#8221; O Programa de Est\u00e1gio visa ajudar na forma\u00e7\u00e3o do(a) futuro(a) profissional, dando a essas pessoas a oportunidade de trabalhar nos processos desenvolvidos pelas diversas \u00e1reas da empresa e exercer, na pr\u00e1tica, os conhecimentos aprendidos nas escolas. Um processo de desenvolvimento para todos(as) os(as) selecionados(as) faz parte do programa, para gerar exposi\u00e7\u00e3o aos desafios da atividade profissional e para preparar o(a) jovem para seu futuro. &#8220;E lembrando que a ArcelorMittal \u00e9 uma empresa que valoriza a Diversidade e a Inclus\u00e3o. Por isso, incentivamos que mulheres, pessoas com defici\u00eancia, de diferentes ra\u00e7as, orienta\u00e7\u00f5es sexuais e identidades de g\u00eanero se candidatem \u00e0s vagas &#8211; inclusive estamos com um olhar muito direcionado para aumentar, cada vez mais, a presen\u00e7a feminina na nossa empresa&#8221;, complementa Silvia.<\/p>\n<p>O processo de sele\u00e7\u00e3o ser\u00e1 realizado em parceria com a Eureca, consultoria que conecta estudantes com o mercado de trabalho integrando tecnologia e humaniza\u00e7\u00e3o ao recrutamento. As inscri\u00e7\u00f5es devem ser feitas, exclusivamente, pelo site\u00a0<span style=\"color: #0000ff;\"><a style=\"color: #0000ff;\" href=\"https:\/\/oportunidades.eureca.me\/oportunidade\/estagio-arcelormittal#vagas\" target=\"_blank\" rel=\"noopener noreferrer\">https:\/\/oportunidades.eureca.me\/oportunidade\/estagio-arcelormittal#vagas<\/a>,<\/span> onde o(a) candidato(a) encontrar\u00e1 todas as informa\u00e7\u00f5es sobre a sele\u00e7\u00e3o, as vagas, benef\u00edcios, entre outras informa\u00e7\u00f5es.<br \/>\nA admiss\u00e3o dos(as) candidatos(as) selecionados(as) est\u00e1 prevista para o in\u00edcio do ano de 2022, de acordo com a programa\u00e7\u00e3o de cada unidade.<\/p>\n<\/div>\n<\/div>\n<div>\n<div>\n<\/div>\n<\/div>\n","protected":false},"excerpt":{"rendered":"<p>Outubro, 2021 &#8211; A ArcelorMittal, empresa l\u00edder no mercado global de a\u00e7o, est\u00e1 com inscri\u00e7\u00f5es abertas, at\u00e9 dia 5 de novembro, para o Programa de Est\u00e1gio 2022. Est\u00e3o dispon\u00edveis mais de 150 vagas distribu\u00eddas em todo o Brasil para estudantes de cursos t\u00e9cnico (matriculados que ainda n\u00e3o realizaram est\u00e1gio curricular) e superior (conclus\u00e3o, a partir [&hellip;]<\/p>\n","protected":false},"author":1,"featured_media":17846,"comment_status":"open","ping_status":"open","sticky":false,"template":"","format":"standard","meta":{"_uag_custom_page_level_css":"","footnotes":""},"categories":[27],"tags":[22454,15920,13251,22455,6586,22456,8934,22453,10375],"class_list":["post-17845","post","type-post","status-publish","format-standard","has-post-thumbnail","hentry","category-acontece","tag-aco-longo","tag-aco-na-construcao","tag-arcelormittal","tag-barra-mansa-rj","tag-juiz-de-fora-mg","tag-oportunidades-para-estudantes","tag-piracicaba","tag-programa-de-estagio-arcelormittal-2022","tag-rio-de-janeiro"],"blocksy_meta":[],"spectra_blocks_featured_image_url":{"thumbnail":{"url":"https:\/\/construcaocivil.siriusmarketingedesign.com.br\/wp-content\/uploads\/2021\/10\/ArcelorMittal-Programa-Estagio-2022-150x150.jpg","width":150,"height":150},"medium":{"url":"https:\/\/construcaocivil.siriusmarketingedesign.com.br\/wp-content\/uploads\/2021\/10\/ArcelorMittal-Programa-Estagio-2022-300x222.jpg","width":300,"height":222},"medium_large":{"url":"https:\/\/construcaocivil.siriusmarketingedesign.com.br\/wp-content\/uploads\/2021\/10\/ArcelorMittal-Programa-Estagio-2022-768x569.jpg","width":768,"height":569},"large":{"url":"https:\/\/construcaocivil.siriusmarketingedesign.com.br\/wp-content\/uploads\/2021\/10\/ArcelorMittal-Programa-Estagio-2022.jpg","width":1000,"height":741},"full":{"url":"https:\/\/construcaocivil.siriusmarketingedesign.com.br\/wp-content\/uploads\/2021\/10\/ArcelorMittal-Programa-Estagio-2022.jpg","width":1000,"height":741}},"spectra_blocks_author_info":{"display_name":"Jornal da Constru\u00e7\u00e3o Civil","avatar_url":"https:\/\/secure.gravatar.com\/avatar\/973c9774fd44ddaceb026973c4962faa70fc512bc4c9da68e8ebb40fecee6540?s=96&d=mm&r=g","author_link":"https:\/\/construcaocivil.siriusmarketingedesign.com.br\/?author=1","description":"Desde de 2013, levando muitas informa\u00e7\u00f5es, lan\u00e7amentos e produtos de qualidade para toda cadeia produtiva da constru\u00e7\u00e3o. O Futuro da constru\u00e7\u00e3o passa por aqui,"},"uagb_featured_image_src":{"full":["https:\/\/construcaocivil.siriusmarketingedesign.com.br\/wp-content\/uploads\/2021\/10\/ArcelorMittal-Programa-Estagio-2022.jpg",1000,741,false],"thumbnail":["https:\/\/construcaocivil.siriusmarketingedesign.com.br\/wp-content\/uploads\/2021\/10\/ArcelorMittal-Programa-Estagio-2022-150x150.jpg",150,150,true],"medium":["https:\/\/construcaocivil.siriusmarketingedesign.com.br\/wp-content\/uploads\/2021\/10\/ArcelorMittal-Programa-Estagio-2022-300x222.jpg",300,222,true],"medium_large":["https:\/\/construcaocivil.siriusmarketingedesign.com.br\/wp-content\/uploads\/2021\/10\/ArcelorMittal-Programa-Estagio-2022-768x569.jpg",768,569,true],"large":["https:\/\/construcaocivil.siriusmarketingedesign.com.br\/wp-content\/uploads\/2021\/10\/ArcelorMittal-Programa-Estagio-2022.jpg",1000,741,false],"1536x1536":["https:\/\/construcaocivil.siriusmarketingedesign.com.br\/wp-content\/uploads\/2021\/10\/ArcelorMittal-Programa-Estagio-2022.jpg",1000,741,false],"2048x2048":["https:\/\/construcaocivil.siriusmarketingedesign.com.br\/wp-content\/uploads\/2021\/10\/ArcelorMittal-Programa-Estagio-2022.jpg",1000,741,false]},"uagb_author_info":{"display_name":"Jornal da Constru\u00e7\u00e3o Civil","author_link":"https:\/\/construcaocivil.siriusmarketingedesign.com.br\/?author=1"},"uagb_comment_info":0,"uagb_excerpt":"Outubro, 2021 &#8211; A ArcelorMittal, empresa l\u00edder no mercado global de a\u00e7o, est\u00e1 com inscri\u00e7\u00f5es abertas, at\u00e9 dia 5 de novembro, para o Programa de Est\u00e1gio 2022. Est\u00e3o dispon\u00edveis mais de 150 vagas distribu\u00eddas em todo o Brasil para estudantes de cursos t\u00e9cnico (matriculados que ainda n\u00e3o realizaram est\u00e1gio curricular) e superior (conclus\u00e3o, a partir&hellip;","_links":{"self":[{"href":"https:\/\/construcaocivil.siriusmarketingedesign.com.br\/index.php?rest_route=\/wp\/v2\/posts\/17845","targetHints":{"allow":["GET"]}}],"collection":[{"href":"https:\/\/construcaocivil.siriusmarketingedesign.com.br\/index.php?rest_route=\/wp\/v2\/posts"}],"about":[{"href":"https:\/\/construcaocivil.siriusmarketingedesign.com.br\/index.php?rest_route=\/wp\/v2\/types\/post"}],"author":[{"embeddable":true,"href":"https:\/\/construcaocivil.siriusmarketingedesign.com.br\/index.php?rest_route=\/wp\/v2\/users\/1"}],"replies":[{"embeddable":true,"href":"https:\/\/construcaocivil.siriusmarketingedesign.com.br\/index.php?rest_route=%2Fwp%2Fv2%2Fcomments&post=17845"}],"version-history":[{"count":0,"href":"https:\/\/construcaocivil.siriusmarketingedesign.com.br\/index.php?rest_route=\/wp\/v2\/posts\/17845\/revisions"}],"wp:featuredmedia":[{"embeddable":true,"href":"https:\/\/construcaocivil.siriusmarketingedesign.com.br\/index.php?rest_route=\/wp\/v2\/media\/17846"}],"wp:attachment":[{"href":"https:\/\/construcaocivil.siriusmarketingedesign.com.br\/index.php?rest_route=%2Fwp%2Fv2%2Fmedia&parent=17845"}],"wp:term":[{"taxonomy":"category","embeddable":true,"href":"https:\/\/construcaocivil.siriusmarketingedesign.com.br\/index.php?rest_route=%2Fwp%2Fv2%2Fcategories&post=17845"},{"taxonomy":"post_tag","embeddable":true,"href":"https:\/\/construcaocivil.siriusmarketingedesign.com.br\/index.php?rest_route=%2Fwp%2Fv2%2Ftags&post=17845"}],"curies":[{"name":"wp","href":"https:\/\/api.w.org\/{rel}","templated":true}]}}