{"id":17854,"date":"2021-10-26T11:18:56","date_gmt":"2021-10-26T14:18:56","guid":{"rendered":"https:\/\/www.jornaldaconstrucaocivil.com.br\/?p=17854"},"modified":"2021-10-26T11:18:56","modified_gmt":"2021-10-26T14:18:56","slug":"leilao-emergencial-privilegia-fontes-fosseis-mais-caras-e-conta-de-luz-deve-aumentar-ainda-mais-no-pais-avalia-absolar","status":"publish","type":"post","link":"https:\/\/construcaocivil.siriusmarketingedesign.com.br\/?p=17854","title":{"rendered":"Leil\u00e3o emergencial privilegia fontes f\u00f3sseis mais caras e conta de luz deve aumentar ainda mais no Pa\u00eds, avalia ABSOLAR"},"content":{"rendered":"<p style=\"text-align: justify;\"><strong><span style=\"color: #ff0000;\">Outubro de 2021<\/span> \u2013<\/strong>\u00a0Mapeamento da Associa\u00e7\u00e3o Brasileira de Energia Solar Fotovoltaica (ABSOLAR), aponta que os projetos de grandes usinas solares fotovoltaicas cadastrados no Procedimento Competitivo Simplificado (PCS) n\u00ba 001 de 2021, realizado hoje, dia 25 de outubro, foram respons\u00e1veis pela oferta de apenas 3% de toda a pot\u00eancia dispon\u00edvel no certame. A expectativa da entidade \u00e9 que, com a baixa contrata\u00e7\u00e3o de menos de 1% de energia solar mais competitiva em contrapartida com mais de 97% de contrata\u00e7\u00e3o de termel\u00e9tricas a g\u00e1s natural, a conta de luz dos brasileiros continue a subir nos pr\u00f3ximos meses.<\/p>\n<p>Segundo a entidade, a fonte solar, reconhecidamente mais competitiva no Brasil e no mundo, teve resultado irris\u00f3rio no certame e, assim, os brasileiros v\u00e3o pagar mais caro para \u201csujar\u201d a matriz el\u00e9trica. Para a associa\u00e7\u00e3o, uma das raz\u00f5es para baixo de n\u00edvel de contrata\u00e7\u00e3o nos leil\u00f5es deste ano, sobretudo de energia mais competitiva, \u00e9 a \u201csobrecontrata\u00e7\u00e3o\u201d das distribuidoras, que possuem contratos antigos de fornecimento de eletricidade de usinas que hoje n\u00e3o possuem condi\u00e7\u00f5es estruturais de entregar os megawatts acordados, a chamada garantia f\u00edsica. \u201cPor isso, \u00e9 necess\u00e1ria uma revis\u00e3o da garantia f\u00edsica, para que os leil\u00f5es possam ter contrata\u00e7\u00f5es alinhadas com as necessidades de gera\u00e7\u00e3o de energia do Pa\u00eds, comenta o presidente executivo da ABSOLAR, Rodrigo Sauaia,<\/p>\n<p>O leil\u00e3o contou com a participa\u00e7\u00e3o de empreendimentos solares fotovoltaicos, e\u00f3licos, termel\u00e9tricos a biomassa, \u00f3leo combust\u00edvel, \u00f3leo diesel e g\u00e1s natural. Ao todo, foram cadastrados 972 projetos, totalizando 62 gigawatts (GW) de pot\u00eancia, o equivalente a mais de um ter\u00e7o da pot\u00eancia atual da matriz el\u00e9trica brasileira.<\/p>\n<p>A fonte solar fotovoltaica foi cadastrada com apenas 78 projetos, totalizando 1,86 GW de pot\u00eancia. A contrata\u00e7\u00e3o das usinas a g\u00e1s natural representou 97,1% do leil\u00e3o, enquanto a biomassa ficou com 2,6% e a solar fotovoltaica com apenas 0,3%.<\/p>\n<p>Para o vice-presidente de Gera\u00e7\u00e3o Centralizada da ABSOLAR, Anderson Concon, a fonte solar \u00e9 uma das melhores solu\u00e7\u00f5es para a expans\u00e3o da capacidade de gera\u00e7\u00e3o de energia el\u00e9trica renov\u00e1vel do Brasil, especialmente neste per\u00edodo cr\u00edtico de crise h\u00eddrica, nova bandeira tarif\u00e1ria e importa\u00e7\u00e3o de energia. \u201cInfelizmente, a fonte solar, que \u00e9 a mais competitiva para os cidad\u00e3os, ficou muito aqu\u00e9m das necessidades do Pa\u00eds, de diversifica\u00e7\u00e3o da matriz a partir de fontes mais competitivas e acess\u00edveis \u00e0 popula\u00e7\u00e3o\u201d, comenta.<\/p>\n<p>\u201cCom a versatilidade e agilidade da tecnologia solar, uma usina fotovoltaica de grande porte fica operacional em menos de 18 meses, desde o leil\u00e3o at\u00e9 o in\u00edcio da gera\u00e7\u00e3o de energia el\u00e9trica. A solar \u00e9 reconhecidamente campe\u00e3 na rapidez de novas usinas de gera\u00e7\u00e3o\u201d, comenta. \u201cPor isso, se os leil\u00f5es cancelados no passado recente tivessem contratado energia solar, o cen\u00e1rio atual estaria menos cr\u00edtico\u201d, avalia.<\/p>\n<p>Segundo a entidade, a pot\u00eancia instalada das grandes usinas solares fotovoltaicas conectadas ao Sistema Interligado Nacional (SIN) j\u00e1 ultrapassou a soma das usinas termel\u00e9tricas f\u00f3sseis \u00e0 carv\u00e3o mineral. De acordo com mapeamento, s\u00e3o 3,8 GW de pot\u00eancia instalada da fonte solar nas grandes usinas, ante um total de 3,6 GW de termel\u00e9tricas movidas a carv\u00e3o mineral. Desde 2012, as grandes usinas solares j\u00e1 trouxeram ao Brasil mais de R$ 20,8 bilh\u00f5es em novos investimentos e geraram mais de 114 mil empregos acumulados, al\u00e9m de proporcionarem uma arrecada\u00e7\u00e3o de R$ 6,3 bilh\u00f5es aos cofres p\u00fablicos.<\/p>\n<p>Em 2019, a solar foi a fonte mais competitiva entre as renov\u00e1veis nos dois LEN A-4 e A-6, com pre\u00e7os-m\u00e9dios abaixo dos US$ 21,00\/MWh. Em julho de 2021, repetiu o feito nos LEN A-3 e A-4, com os menores pre\u00e7os-m\u00e9dios dos dois leil\u00f5es, abaixo dos US$ 26,00\/MWh. No leil\u00e3o A-5 de 2021, realizado no \u00faltimo dia 30 de setembro, a fonte solar fotovoltaica apresentou o segundo menor pre\u00e7o-m\u00e9dio com US$ 30,90\/MWh. Com isso, a solar segue como uma das mais fontes mais competitivas do Brasil. Hoje, no PCS, a fonte solar fotovoltaica apresentou o pre\u00e7o mais baixo das fontes contratadas, com pre\u00e7o-m\u00e9dio de US$ 60,43\/MWh, o que corresponde a aproximadamente 22,1% do pre\u00e7o-m\u00e9dio das negocia\u00e7\u00f5es realizadas nesta segunda-feira.<\/p>\n<p>Para Sauaia, a situa\u00e7\u00e3o cr\u00edtica de escassez h\u00eddrica, com elevados reajustes tarif\u00e1rios na conta de luz, refor\u00e7a o papel estrat\u00e9gico da energia solar como parte da solu\u00e7\u00e3o para diversificar e fortalecer o suprimento de eletricidade no Pa\u00eds, fundamental para a retomada do crescimento econ\u00f4mico nacional.<\/p>\n<p>\u201cAs grandes usinas solares geram eletricidade a pre\u00e7os at\u00e9 dez vezes menores do que as termel\u00e9tricas f\u00f3sseis emergenciais ou a energia el\u00e9trica importada de pa\u00edses vizinhos atualmente, duas das principais respons\u00e1veis pelo aumento tarif\u00e1rio sobre os consumidores\u201d, esclarece. \u201cDiante da crise e da nova bandeira de escassez h\u00eddrica \u00e9 fundamental que o Governo Federal acelere a energia solar no Brasil, para diversificar a matriz el\u00e9trica e baratear a energia para a popula\u00e7\u00e3o e os setores produtivos\u201d, acrescenta.<\/p>\n","protected":false},"excerpt":{"rendered":"<p>Outubro de 2021 \u2013\u00a0Mapeamento da Associa\u00e7\u00e3o Brasileira de Energia Solar Fotovoltaica (ABSOLAR), aponta que os projetos de grandes usinas solares fotovoltaicas cadastrados no Procedimento Competitivo Simplificado (PCS) n\u00ba 001 de 2021, realizado hoje, dia 25 de outubro, foram respons\u00e1veis pela oferta de apenas 3% de toda a pot\u00eancia dispon\u00edvel no certame. A expectativa da entidade [&hellip;]<\/p>\n","protected":false},"author":1,"featured_media":17855,"comment_status":"open","ping_status":"open","sticky":false,"template":"","format":"standard","meta":{"_uag_custom_page_level_css":"","footnotes":""},"categories":[29],"tags":[345,3007,4316,22465,7714,22466],"class_list":["post-17854","post","type-post","status-publish","format-standard","has-post-thumbnail","hentry","category-energia","tag-absolar","tag-conta-de-luz","tag-energia-solar-fotovoltaica","tag-leilao-prejudica-energia-solar-fotovoltaica","tag-ministerio-de-minas-e-energia","tag-sao-francisco-da-itabapoana"],"blocksy_meta":[],"spectra_blocks_featured_image_url":{"thumbnail":{"url":"https:\/\/construcaocivil.siriusmarketingedesign.com.br\/wp-content\/uploads\/2021\/10\/ENERGIA-FAZENDA-150x150.jpg","width":150,"height":150},"medium":{"url":"https:\/\/construcaocivil.siriusmarketingedesign.com.br\/wp-content\/uploads\/2021\/10\/ENERGIA-FAZENDA-300x225.jpg","width":300,"height":225},"medium_large":{"url":"https:\/\/construcaocivil.siriusmarketingedesign.com.br\/wp-content\/uploads\/2021\/10\/ENERGIA-FAZENDA-768x576.jpg","width":768,"height":576},"large":{"url":"https:\/\/construcaocivil.siriusmarketingedesign.com.br\/wp-content\/uploads\/2021\/10\/ENERGIA-FAZENDA-1024x768.jpg","width":1024,"height":768},"full":{"url":"https:\/\/construcaocivil.siriusmarketingedesign.com.br\/wp-content\/uploads\/2021\/10\/ENERGIA-FAZENDA.jpg","width":1280,"height":960}},"spectra_blocks_author_info":{"display_name":"Jornal da Constru\u00e7\u00e3o Civil","avatar_url":"https:\/\/secure.gravatar.com\/avatar\/973c9774fd44ddaceb026973c4962faa70fc512bc4c9da68e8ebb40fecee6540?s=96&d=mm&r=g","author_link":"https:\/\/construcaocivil.siriusmarketingedesign.com.br\/?author=1","description":"Desde de 2013, levando muitas informa\u00e7\u00f5es, lan\u00e7amentos e produtos de qualidade para toda cadeia produtiva da constru\u00e7\u00e3o. O Futuro da constru\u00e7\u00e3o passa por aqui,"},"uagb_featured_image_src":{"full":["https:\/\/construcaocivil.siriusmarketingedesign.com.br\/wp-content\/uploads\/2021\/10\/ENERGIA-FAZENDA.jpg",1280,960,false],"thumbnail":["https:\/\/construcaocivil.siriusmarketingedesign.com.br\/wp-content\/uploads\/2021\/10\/ENERGIA-FAZENDA-150x150.jpg",150,150,true],"medium":["https:\/\/construcaocivil.siriusmarketingedesign.com.br\/wp-content\/uploads\/2021\/10\/ENERGIA-FAZENDA-300x225.jpg",300,225,true],"medium_large":["https:\/\/construcaocivil.siriusmarketingedesign.com.br\/wp-content\/uploads\/2021\/10\/ENERGIA-FAZENDA-768x576.jpg",768,576,true],"large":["https:\/\/construcaocivil.siriusmarketingedesign.com.br\/wp-content\/uploads\/2021\/10\/ENERGIA-FAZENDA-1024x768.jpg",1024,768,true],"1536x1536":["https:\/\/construcaocivil.siriusmarketingedesign.com.br\/wp-content\/uploads\/2021\/10\/ENERGIA-FAZENDA.jpg",1280,960,false],"2048x2048":["https:\/\/construcaocivil.siriusmarketingedesign.com.br\/wp-content\/uploads\/2021\/10\/ENERGIA-FAZENDA.jpg",1280,960,false]},"uagb_author_info":{"display_name":"Jornal da Constru\u00e7\u00e3o Civil","author_link":"https:\/\/construcaocivil.siriusmarketingedesign.com.br\/?author=1"},"uagb_comment_info":0,"uagb_excerpt":"Outubro de 2021 \u2013\u00a0Mapeamento da Associa\u00e7\u00e3o Brasileira de Energia Solar Fotovoltaica (ABSOLAR), aponta que os projetos de grandes usinas solares fotovoltaicas cadastrados no Procedimento Competitivo Simplificado (PCS) n\u00ba 001 de 2021, realizado hoje, dia 25 de outubro, foram respons\u00e1veis pela oferta de apenas 3% de toda a pot\u00eancia dispon\u00edvel no certame. A expectativa da entidade&hellip;","_links":{"self":[{"href":"https:\/\/construcaocivil.siriusmarketingedesign.com.br\/index.php?rest_route=\/wp\/v2\/posts\/17854","targetHints":{"allow":["GET"]}}],"collection":[{"href":"https:\/\/construcaocivil.siriusmarketingedesign.com.br\/index.php?rest_route=\/wp\/v2\/posts"}],"about":[{"href":"https:\/\/construcaocivil.siriusmarketingedesign.com.br\/index.php?rest_route=\/wp\/v2\/types\/post"}],"author":[{"embeddable":true,"href":"https:\/\/construcaocivil.siriusmarketingedesign.com.br\/index.php?rest_route=\/wp\/v2\/users\/1"}],"replies":[{"embeddable":true,"href":"https:\/\/construcaocivil.siriusmarketingedesign.com.br\/index.php?rest_route=%2Fwp%2Fv2%2Fcomments&post=17854"}],"version-history":[{"count":0,"href":"https:\/\/construcaocivil.siriusmarketingedesign.com.br\/index.php?rest_route=\/wp\/v2\/posts\/17854\/revisions"}],"wp:featuredmedia":[{"embeddable":true,"href":"https:\/\/construcaocivil.siriusmarketingedesign.com.br\/index.php?rest_route=\/wp\/v2\/media\/17855"}],"wp:attachment":[{"href":"https:\/\/construcaocivil.siriusmarketingedesign.com.br\/index.php?rest_route=%2Fwp%2Fv2%2Fmedia&parent=17854"}],"wp:term":[{"taxonomy":"category","embeddable":true,"href":"https:\/\/construcaocivil.siriusmarketingedesign.com.br\/index.php?rest_route=%2Fwp%2Fv2%2Fcategories&post=17854"},{"taxonomy":"post_tag","embeddable":true,"href":"https:\/\/construcaocivil.siriusmarketingedesign.com.br\/index.php?rest_route=%2Fwp%2Fv2%2Ftags&post=17854"}],"curies":[{"name":"wp","href":"https:\/\/api.w.org\/{rel}","templated":true}]}}