{"id":17872,"date":"2021-10-28T00:59:07","date_gmt":"2021-10-28T03:59:07","guid":{"rendered":"https:\/\/www.jornaldaconstrucaocivil.com.br\/?p=17872"},"modified":"2021-10-28T01:02:05","modified_gmt":"2021-10-28T04:02:05","slug":"mercado-de-beleza-cresce-durante-a-pandemia-e-estetica-in-rio-marca-a-volta-dos-eventos-presenciais-do-setor","status":"publish","type":"post","link":"https:\/\/construcaocivil.siriusmarketingedesign.com.br\/?p=17872","title":{"rendered":"Mercado de beleza cresce durante a pandemia e Est\u00e9tica In Rio marca a volta dos eventos presenciais do setor"},"content":{"rendered":"<div style=\"text-align: justify;\">\n<p><span style=\"color: #ff0000;\">Outubro<\/span>, 2021 &#8211; Dados divulgados pela Associa\u00e7\u00e3o Brasileira da Ind\u00fastria de Higiene Pessoal, Perfumaria e Cosm\u00e9ticos (ABIHPEC) evidenciam que a est\u00e9tica \u00e9 um dos ramos de maior expans\u00e3o no mercado brasileiro, colocando o pa\u00eds em terceiro lugar no ranking mundial. S\u00f3 entre os anos de 2014 e 2019, o mercado de est\u00e9tica cresceu 567% no pa\u00eds.<\/p>\n<\/div>\n<div style=\"text-align: justify;\">\n<p>A Sociedade Brasileira de Cirurgia Pl\u00e1stica divulgou que a busca por procedimentos minimamente invasivos cresceu 390% em dois anos. Al\u00e9m disso, mesmo em meio \u00e0 pandemia durante o ano de 2020, houve um crescimento de 5,8% do setor, que tamb\u00e9m se confirmou no primeiro quadrimestre, com 5,7% de crescimento em 2021, segundo a ABIHPEC.<\/p>\n<\/div>\n<div style=\"text-align: justify;\">\n<p>Devido \u00e0 const\u00e2ncia positiva desse mercado, o mundo recebia frequentemente as mais diversas feiras de est\u00e9tica, para apresentar inova\u00e7\u00e3o e lan\u00e7amentos das mais renomadas empresas, mas esses eventos haviam parado devido \u00e0 pandemia. Nesta semana, a partir do dia 30 de outubro e at\u00e9 dia 01 de novembro, eles retornam no Brasil, com a Est\u00e9tica in Rio, marcando a volta das feiras presenciais no pa\u00eds.<\/p>\n<\/div>\n<div style=\"text-align: justify;\">\n<p>O Est\u00e9tica In Rio \u00e9 um evento dedicado ao setor de beleza, est\u00e9tica, sa\u00fade e bem-estar, que acontecer\u00e1 no Centro de Conven\u00e7\u00f5es SulAm\u00e9rica, no Rio de Janeiro. Al\u00e9m de promover debates sobre pesquisas e tend\u00eancias do mercado, vai apresentar lan\u00e7amentos de equipamentos, produtos e servi\u00e7os, recebendo grandes nomes, como a\u00a0<span style=\"color: #0000ff;\"><a style=\"color: #0000ff;\" href=\"https:\/\/homeenvios.com\/link.php?code=bDpodHRwcyUzQSUyRiUyRmh0bWVsZXRyb25pY2EuY29tLmJyJTJGOjI0NTk3MjgzOTg6cmVkYWNhb0Bqb3JuYWxkYWNvbnN0cnVjYW9jaXZpbC5jb20uYnI6ZjViMWQz\" target=\"_blank\" rel=\"noopener noreferrer\">HTM Eletr\u00f4nica\u00a0<\/a><\/span>&#8211; refer\u00eancia no desenvolvimento e na fabrica\u00e7\u00e3o de equipamentos est\u00e9ticos.<\/p>\n<\/div>\n<div style=\"text-align: justify;\">\n<p>&#8220;Depois de um longo per\u00edodo sem eventos presenciais, estamos com uma expectativa boa e acreditamos que essa feira ser\u00e1 diferenciada. Essas rela\u00e7\u00f5es presenciais e networking s\u00e3o muito importantes e abrem oportunidade para mostrarmos os benef\u00edcios de nossos equipamentos e, claro, nossos lan\u00e7amentos inovadores para o mercado e o p\u00fablico&#8221;, aponta Jo\u00e3o Geraldini, Gerente de Marketing e Comercial da HTM.<\/p>\n<\/div>\n<div style=\"text-align: justify;\">\n<p>Sobre o Est\u00e9tica In Rio<\/p>\n<\/div>\n<div style=\"text-align: justify;\">\n<p>Site:\u00a0<span style=\"color: #0000ff;\"><a style=\"color: #0000ff;\" href=\"https:\/\/homeenvios.com\/link.php?code=bDpodHRwcyUzQSUyRiUyRnd3dy5lc3RldGljYWlucmlvLmNvbS5iciUyRjoyNDU5NzI4Mzk4OnJlZGFjYW9Aam9ybmFsZGFjb25zdHJ1Y2FvY2l2aWwuY29tLmJyOjNjMGIwYw==\" target=\"_blank\" rel=\"noopener noreferrer\">Est\u00e9tica in Rio<\/a><\/span><\/p>\n<\/div>\n<div style=\"text-align: justify;\">\n<p>Data:\u00a030 e 31 de outubro e 1\u00ba de novembro<\/p>\n<\/div>\n<div style=\"text-align: justify;\">Local:\u00a0Centro de Conven\u00e7\u00f5es SulAm\u00e9rica, Rio de Janeiro<\/div>\n","protected":false},"excerpt":{"rendered":"<p>Outubro, 2021 &#8211; Dados divulgados pela Associa\u00e7\u00e3o Brasileira da Ind\u00fastria de Higiene Pessoal, Perfumaria e Cosm\u00e9ticos (ABIHPEC) evidenciam que a est\u00e9tica \u00e9 um dos ramos de maior expans\u00e3o no mercado brasileiro, colocando o pa\u00eds em terceiro lugar no ranking mundial. S\u00f3 entre os anos de 2014 e 2019, o mercado de est\u00e9tica cresceu 567% no [&hellip;]<\/p>\n","protected":false},"author":1,"featured_media":17873,"comment_status":"open","ping_status":"open","sticky":false,"template":"","format":"standard","meta":{"_uag_custom_page_level_css":"","footnotes":""},"categories":[33],"tags":[2095,22495,22496,22491,22493,22492,22494,22281],"class_list":["post-17872","post","type-post","status-publish","format-standard","has-post-thumbnail","hentry","category-mercado","tag-centro-de-convencoes-sulamerica","tag-cirurgia-plastica","tag-cuidar-do-corpo-e-mente","tag-estetica-in-rio-2021","tag-higiene-pessoal","tag-htm-eletronica","tag-perfumaria-e-cosmeticos","tag-saude-e-beleza"],"blocksy_meta":[],"spectra_blocks_featured_image_url":{"thumbnail":{"url":"https:\/\/construcaocivil.siriusmarketingedesign.com.br\/wp-content\/uploads\/2021\/10\/Estetica-in-Rio-150x150.jpeg","width":150,"height":150},"medium":{"url":"https:\/\/construcaocivil.siriusmarketingedesign.com.br\/wp-content\/uploads\/2021\/10\/Estetica-in-Rio-300x169.jpeg","width":300,"height":169},"medium_large":{"url":"https:\/\/construcaocivil.siriusmarketingedesign.com.br\/wp-content\/uploads\/2021\/10\/Estetica-in-Rio-768x431.jpeg","width":768,"height":431},"large":{"url":"https:\/\/construcaocivil.siriusmarketingedesign.com.br\/wp-content\/uploads\/2021\/10\/Estetica-in-Rio-1024x575.jpeg","width":1024,"height":575},"full":{"url":"https:\/\/construcaocivil.siriusmarketingedesign.com.br\/wp-content\/uploads\/2021\/10\/Estetica-in-Rio.jpeg","width":1280,"height":719}},"spectra_blocks_author_info":{"display_name":"Jornal da Constru\u00e7\u00e3o Civil","avatar_url":"https:\/\/secure.gravatar.com\/avatar\/973c9774fd44ddaceb026973c4962faa70fc512bc4c9da68e8ebb40fecee6540?s=96&d=mm&r=g","author_link":"https:\/\/construcaocivil.siriusmarketingedesign.com.br\/?author=1","description":"Desde de 2013, levando muitas informa\u00e7\u00f5es, lan\u00e7amentos e produtos de qualidade para toda cadeia produtiva da constru\u00e7\u00e3o. O Futuro da constru\u00e7\u00e3o passa por aqui,"},"uagb_featured_image_src":{"full":["https:\/\/construcaocivil.siriusmarketingedesign.com.br\/wp-content\/uploads\/2021\/10\/Estetica-in-Rio.jpeg",1280,719,false],"thumbnail":["https:\/\/construcaocivil.siriusmarketingedesign.com.br\/wp-content\/uploads\/2021\/10\/Estetica-in-Rio-150x150.jpeg",150,150,true],"medium":["https:\/\/construcaocivil.siriusmarketingedesign.com.br\/wp-content\/uploads\/2021\/10\/Estetica-in-Rio-300x169.jpeg",300,169,true],"medium_large":["https:\/\/construcaocivil.siriusmarketingedesign.com.br\/wp-content\/uploads\/2021\/10\/Estetica-in-Rio-768x431.jpeg",768,431,true],"large":["https:\/\/construcaocivil.siriusmarketingedesign.com.br\/wp-content\/uploads\/2021\/10\/Estetica-in-Rio-1024x575.jpeg",1024,575,true],"1536x1536":["https:\/\/construcaocivil.siriusmarketingedesign.com.br\/wp-content\/uploads\/2021\/10\/Estetica-in-Rio.jpeg",1280,719,false],"2048x2048":["https:\/\/construcaocivil.siriusmarketingedesign.com.br\/wp-content\/uploads\/2021\/10\/Estetica-in-Rio.jpeg",1280,719,false]},"uagb_author_info":{"display_name":"Jornal da Constru\u00e7\u00e3o Civil","author_link":"https:\/\/construcaocivil.siriusmarketingedesign.com.br\/?author=1"},"uagb_comment_info":0,"uagb_excerpt":"Outubro, 2021 &#8211; Dados divulgados pela Associa\u00e7\u00e3o Brasileira da Ind\u00fastria de Higiene Pessoal, Perfumaria e Cosm\u00e9ticos (ABIHPEC) evidenciam que a est\u00e9tica \u00e9 um dos ramos de maior expans\u00e3o no mercado brasileiro, colocando o pa\u00eds em terceiro lugar no ranking mundial. S\u00f3 entre os anos de 2014 e 2019, o mercado de est\u00e9tica cresceu 567% no&hellip;","_links":{"self":[{"href":"https:\/\/construcaocivil.siriusmarketingedesign.com.br\/index.php?rest_route=\/wp\/v2\/posts\/17872","targetHints":{"allow":["GET"]}}],"collection":[{"href":"https:\/\/construcaocivil.siriusmarketingedesign.com.br\/index.php?rest_route=\/wp\/v2\/posts"}],"about":[{"href":"https:\/\/construcaocivil.siriusmarketingedesign.com.br\/index.php?rest_route=\/wp\/v2\/types\/post"}],"author":[{"embeddable":true,"href":"https:\/\/construcaocivil.siriusmarketingedesign.com.br\/index.php?rest_route=\/wp\/v2\/users\/1"}],"replies":[{"embeddable":true,"href":"https:\/\/construcaocivil.siriusmarketingedesign.com.br\/index.php?rest_route=%2Fwp%2Fv2%2Fcomments&post=17872"}],"version-history":[{"count":0,"href":"https:\/\/construcaocivil.siriusmarketingedesign.com.br\/index.php?rest_route=\/wp\/v2\/posts\/17872\/revisions"}],"wp:featuredmedia":[{"embeddable":true,"href":"https:\/\/construcaocivil.siriusmarketingedesign.com.br\/index.php?rest_route=\/wp\/v2\/media\/17873"}],"wp:attachment":[{"href":"https:\/\/construcaocivil.siriusmarketingedesign.com.br\/index.php?rest_route=%2Fwp%2Fv2%2Fmedia&parent=17872"}],"wp:term":[{"taxonomy":"category","embeddable":true,"href":"https:\/\/construcaocivil.siriusmarketingedesign.com.br\/index.php?rest_route=%2Fwp%2Fv2%2Fcategories&post=17872"},{"taxonomy":"post_tag","embeddable":true,"href":"https:\/\/construcaocivil.siriusmarketingedesign.com.br\/index.php?rest_route=%2Fwp%2Fv2%2Ftags&post=17872"}],"curies":[{"name":"wp","href":"https:\/\/api.w.org\/{rel}","templated":true}]}}