{"id":17928,"date":"2021-11-04T16:21:00","date_gmt":"2021-11-04T19:21:00","guid":{"rendered":"https:\/\/www.jornaldaconstrucaocivil.com.br\/?p=17928"},"modified":"2021-11-04T16:21:00","modified_gmt":"2021-11-04T19:21:00","slug":"cop-26-energia-solar-e-estrategica-para-acelerar-o-desenvolvimento-sustentavel-do-brasil-aponta-absolar","status":"publish","type":"post","link":"https:\/\/construcaocivil.siriusmarketingedesign.com.br\/?p=17928","title":{"rendered":"COP 26: Energia solar \u00e9 estrat\u00e9gica para acelerar o desenvolvimento sustent\u00e1vel do Brasil, aponta ABSOLAR"},"content":{"rendered":"<p style=\"text-align: justify;\"><strong>Novembro de 2021<\/strong>\u00a0\u2013 A fonte solar fotovoltaica, incluindo usinas de grande porte e sistemas de menor porte em edif\u00edcios e terrenos, j\u00e1 evitou a emiss\u00e3o de 12,5 milh\u00f5es de toneladas de CO<sub>2<\/sub>\u00a0na gera\u00e7\u00e3o de eletricidade no Brasil, desde 2012. Este \u00e9 um dos indicadores apresentados pela Associa\u00e7\u00e3o Brasileira de Energia Solar fotovoltaica (ABSOLAR) ao longo da COP26, Confer\u00eancia das Na\u00e7\u00f5es Unidas para Mudan\u00e7as Clim\u00e1ticas, que acontece essa semana em Glasgow, Esc\u00f3cia.<\/p>\n<p style=\"text-align: justify;\">Entre os diversos benef\u00edcios ambientais da fonte solar ao Pa\u00eds, destacam-se, ainda, a economia de \u00e1gua nos reservat\u00f3rios das hidrel\u00e9tricas, dado que a energia solar n\u00e3o requer o uso de \u00e1gua para gerar energia el\u00e9trica. A energia solar tamb\u00e9m ajuda a reduzir o uso de termel\u00e9tricas f\u00f3sseis, mais caras e poluentes, para a gera\u00e7\u00e3o de eletricidade, aliviando custos aos consumidores brasileiros. Adicionalmente, a opera\u00e7\u00e3o dos sistemas solares \u00e9 silenciosa e limpa, n\u00e3o emitindo ru\u00eddos nem poluentes atmosf\u00e9ricos ou efluentes l\u00edquidos ou s\u00f3lidos durante seu funcionamento.<\/p>\n<p style=\"text-align: justify;\">Ao final da vida \u00fatil de mais de 25 anos, os equipamentos solares tamb\u00e9m possuem alto \u00edndice de reciclagem, a exemplo dos m\u00f3dulos fotovoltaicos, principal componente dos sistemas. Segundo estudo da PV Cycle, entidade independente respons\u00e1vel pela reciclagem de equipamentos fotovoltaicos no setor, at\u00e9 96% dos m\u00f3dulos fotovoltaicos pode ser recuperado e reaproveitado em novas atividades produtivas. Para latinhas de alum\u00ednio, este \u00edndice \u00e9 de 97%.<\/p>\n<p>Outra vantagem est\u00e1 na possibilidade de instala\u00e7\u00e3o de sistemas solares flutuantes, em espelhos d\u2019\u00e1gua, que ajudam a reduzir em cerca de 70% a evapora\u00e7\u00e3o h\u00eddrica, segundo estudos internacionais.<\/p>\n<p>Por ter um dos melhores recursos solares do mundo, o Brasil tamb\u00e9m sai na frente na produtividade dos sistemas solares. Um sistema solar instalado no territ\u00f3rio nacional produzir\u00e1, em m\u00e9dia, 17 vezes mais energia durante sua opera\u00e7\u00e3o do que aquela usada para produzi-lo. Ou seja, em menos de 1,5 ano de funcionamento, a energia gerada pelo sistema solar, compensa toda a eletricidade consumida no seu processo de fabrica\u00e7\u00e3o, um grande super\u00e1vit energ\u00e9tico.<\/p>\n<p>Para o CEO da ABSOLAR, Rodrigo Sauaia, o avan\u00e7o da energia solar no Pa\u00eds, via grandes usinas e pela gera\u00e7\u00e3o pr\u00f3pria em resid\u00eancias, pequenos neg\u00f3cios, propriedades rurais e pr\u00e9dios p\u00fablicos, \u00e9 fundamental para o desenvolvimento social, econ\u00f4mico e ambiental do Brasil. A fonte ajuda a diversificar o suprimento de energia el\u00e9trica do Pa\u00eds, reduzindo a press\u00e3o sobre os recursos h\u00eddricos e o risco de ainda mais aumentos na conta de luz da popula\u00e7\u00e3o.<\/p>\n<p>\u201cAs usinas solares de grande porte geram eletricidade a pre\u00e7os at\u00e9 dez vezes menores do que as termel\u00e9tricas f\u00f3sseis emergenciais ou a energia el\u00e9trica importada de pa\u00edses vizinhos atualmente, duas das principais respons\u00e1veis pelo aumento tarif\u00e1rio sobre os consumidores\u201d, comenta.<\/p>\n<p>Para o presidente do Conselho de Administra\u00e7\u00e3o da ABSOLAR, Ronaldo Koloszuk, al\u00e9m de competitiva e acess\u00edvel, a energia solar \u00e9 r\u00e1pida de instalar e ajuda a aliviar o bolso dos consumidores, reduzindo em at\u00e9 90% seus gastos com energia el\u00e9trica. \u201cEnergia el\u00e9trica competitiva e limpa \u00e9 fundamental para o Pa\u00eds recuperar a sua economia e conseguir crescer com sustentabilidade. A fonte solar \u00e9 parte desta solu\u00e7\u00e3o e um verdadeiro motor de gera\u00e7\u00e3o de oportunidades, novos empregos e renda aos cidad\u00e3os\u201d, conclui Koloszuk.<\/p>\n","protected":false},"excerpt":{"rendered":"<p>Novembro de 2021\u00a0\u2013 A fonte solar fotovoltaica, incluindo usinas de grande porte e sistemas de menor porte em edif\u00edcios e terrenos, j\u00e1 evitou a emiss\u00e3o de 12,5 milh\u00f5es de toneladas de CO2\u00a0na gera\u00e7\u00e3o de eletricidade no Brasil, desde 2012. Este \u00e9 um dos indicadores apresentados pela Associa\u00e7\u00e3o Brasileira de Energia Solar fotovoltaica (ABSOLAR) ao longo [&hellip;]<\/p>\n","protected":false},"author":1,"featured_media":17929,"comment_status":"open","ping_status":"open","sticky":false,"template":"","format":"standard","meta":{"_uag_custom_page_level_css":"","footnotes":""},"categories":[29],"tags":[345,22546,22550,22549,22547,22548],"class_list":["post-17928","post","type-post","status-publish","format-standard","has-post-thumbnail","hentry","category-energia","tag-absolar","tag-cop-26-energia-solar","tag-cop-26-escocia-reino-unido","tag-credito-e-finaciamento-para-energia-solar","tag-energia-barata-e-democratica","tag-energia-para-povos-pobres"],"blocksy_meta":[],"spectra_blocks_featured_image_url":{"thumbnail":{"url":"https:\/\/construcaocivil.siriusmarketingedesign.com.br\/wp-content\/uploads\/2021\/11\/AB-SOLAR-II-150x150.jpg","width":150,"height":150},"medium":{"url":"https:\/\/construcaocivil.siriusmarketingedesign.com.br\/wp-content\/uploads\/2021\/11\/AB-SOLAR-II-300x202.jpg","width":300,"height":202},"medium_large":{"url":"https:\/\/construcaocivil.siriusmarketingedesign.com.br\/wp-content\/uploads\/2021\/11\/AB-SOLAR-II.jpg","width":708,"height":476},"large":{"url":"https:\/\/construcaocivil.siriusmarketingedesign.com.br\/wp-content\/uploads\/2021\/11\/AB-SOLAR-II.jpg","width":708,"height":476},"full":{"url":"https:\/\/construcaocivil.siriusmarketingedesign.com.br\/wp-content\/uploads\/2021\/11\/AB-SOLAR-II.jpg","width":708,"height":476}},"spectra_blocks_author_info":{"display_name":"Jornal da Constru\u00e7\u00e3o Civil","avatar_url":"https:\/\/secure.gravatar.com\/avatar\/973c9774fd44ddaceb026973c4962faa70fc512bc4c9da68e8ebb40fecee6540?s=96&d=mm&r=g","author_link":"https:\/\/construcaocivil.siriusmarketingedesign.com.br\/?author=1","description":"Desde de 2013, levando muitas informa\u00e7\u00f5es, lan\u00e7amentos e produtos de qualidade para toda cadeia produtiva da constru\u00e7\u00e3o. O Futuro da constru\u00e7\u00e3o passa por aqui,"},"uagb_featured_image_src":{"full":["https:\/\/construcaocivil.siriusmarketingedesign.com.br\/wp-content\/uploads\/2021\/11\/AB-SOLAR-II.jpg",708,476,false],"thumbnail":["https:\/\/construcaocivil.siriusmarketingedesign.com.br\/wp-content\/uploads\/2021\/11\/AB-SOLAR-II-150x150.jpg",150,150,true],"medium":["https:\/\/construcaocivil.siriusmarketingedesign.com.br\/wp-content\/uploads\/2021\/11\/AB-SOLAR-II-300x202.jpg",300,202,true],"medium_large":["https:\/\/construcaocivil.siriusmarketingedesign.com.br\/wp-content\/uploads\/2021\/11\/AB-SOLAR-II.jpg",708,476,false],"large":["https:\/\/construcaocivil.siriusmarketingedesign.com.br\/wp-content\/uploads\/2021\/11\/AB-SOLAR-II.jpg",708,476,false],"1536x1536":["https:\/\/construcaocivil.siriusmarketingedesign.com.br\/wp-content\/uploads\/2021\/11\/AB-SOLAR-II.jpg",708,476,false],"2048x2048":["https:\/\/construcaocivil.siriusmarketingedesign.com.br\/wp-content\/uploads\/2021\/11\/AB-SOLAR-II.jpg",708,476,false]},"uagb_author_info":{"display_name":"Jornal da Constru\u00e7\u00e3o Civil","author_link":"https:\/\/construcaocivil.siriusmarketingedesign.com.br\/?author=1"},"uagb_comment_info":0,"uagb_excerpt":"Novembro de 2021\u00a0\u2013 A fonte solar fotovoltaica, incluindo usinas de grande porte e sistemas de menor porte em edif\u00edcios e terrenos, j\u00e1 evitou a emiss\u00e3o de 12,5 milh\u00f5es de toneladas de CO2\u00a0na gera\u00e7\u00e3o de eletricidade no Brasil, desde 2012. Este \u00e9 um dos indicadores apresentados pela Associa\u00e7\u00e3o Brasileira de Energia Solar fotovoltaica (ABSOLAR) ao longo&hellip;","_links":{"self":[{"href":"https:\/\/construcaocivil.siriusmarketingedesign.com.br\/index.php?rest_route=\/wp\/v2\/posts\/17928","targetHints":{"allow":["GET"]}}],"collection":[{"href":"https:\/\/construcaocivil.siriusmarketingedesign.com.br\/index.php?rest_route=\/wp\/v2\/posts"}],"about":[{"href":"https:\/\/construcaocivil.siriusmarketingedesign.com.br\/index.php?rest_route=\/wp\/v2\/types\/post"}],"author":[{"embeddable":true,"href":"https:\/\/construcaocivil.siriusmarketingedesign.com.br\/index.php?rest_route=\/wp\/v2\/users\/1"}],"replies":[{"embeddable":true,"href":"https:\/\/construcaocivil.siriusmarketingedesign.com.br\/index.php?rest_route=%2Fwp%2Fv2%2Fcomments&post=17928"}],"version-history":[{"count":0,"href":"https:\/\/construcaocivil.siriusmarketingedesign.com.br\/index.php?rest_route=\/wp\/v2\/posts\/17928\/revisions"}],"wp:featuredmedia":[{"embeddable":true,"href":"https:\/\/construcaocivil.siriusmarketingedesign.com.br\/index.php?rest_route=\/wp\/v2\/media\/17929"}],"wp:attachment":[{"href":"https:\/\/construcaocivil.siriusmarketingedesign.com.br\/index.php?rest_route=%2Fwp%2Fv2%2Fmedia&parent=17928"}],"wp:term":[{"taxonomy":"category","embeddable":true,"href":"https:\/\/construcaocivil.siriusmarketingedesign.com.br\/index.php?rest_route=%2Fwp%2Fv2%2Fcategories&post=17928"},{"taxonomy":"post_tag","embeddable":true,"href":"https:\/\/construcaocivil.siriusmarketingedesign.com.br\/index.php?rest_route=%2Fwp%2Fv2%2Ftags&post=17928"}],"curies":[{"name":"wp","href":"https:\/\/api.w.org\/{rel}","templated":true}]}}