{"id":17951,"date":"2021-11-05T21:11:20","date_gmt":"2021-11-06T00:11:20","guid":{"rendered":"https:\/\/www.jornaldaconstrucaocivil.com.br\/?p=17951"},"modified":"2021-11-05T21:11:20","modified_gmt":"2021-11-06T00:11:20","slug":"escravidao-digital-depois-de-longa-batalha-facebook-fecha-acordo-com-imprensa-francesa-para-pagar-por-conteudo-jornalistico","status":"publish","type":"post","link":"https:\/\/construcaocivil.siriusmarketingedesign.com.br\/?p=17951","title":{"rendered":"Escravid\u00e3o digital: Depois de longa batalha, Facebook fecha acordo com imprensa francesa para pagar por conte\u00fado jornal\u00edstico"},"content":{"rendered":"<p><span style=\"color: #0000ff;\"><em>Por \u00a0Luciana Gurgel\u00a0<\/em><\/span><\/p>\n<p class=\"\" style=\"text-align: justify;\"><span style=\"color: #993300;\"><strong>Londres<\/strong> <\/span>\u2013 A Fran\u00e7a celebrou (21\/10) uma vit\u00f3ria em sua luta para levar as gigantes de m\u00eddia digital a compensarem os ve\u00edculos de imprensa pelo uso de conte\u00fado jornal\u00edstico em suas plataformas.<\/p>\n<p class=\"\" style=\"text-align: justify;\">A empresa americana fechou um acordo de v\u00e1rios anos com\u00a0um grupo de jornais nacionais e regionais franceses para pagar pelo conte\u00fado compartilhado por seus usu\u00e1rios.<\/p>\n<p class=\"\" style=\"text-align: justify;\">O contrato envolve a alian\u00e7a APIG, que inclui publica\u00e7\u00f5es como Le Parisien e Ouest-France, al\u00e9m de t\u00edtulos menores.<\/p>\n<p class=\"\" style=\"text-align: justify;\">O valor do neg\u00f3cio n\u00e3o foi revelado. O comunicado que anunciou o acordo diz que o Facebook \u00a0investir\u00e1 \u00a0pelo menos um bilh\u00e3o de d\u00f3lares para apoiar empresas de m\u00eddia nos pr\u00f3ximos tr\u00eas anos, sem especificar em que pa\u00edses ou projetos.<\/p>\n<p class=\"\" style=\"text-align: justify;\">Mas a julgar pelas declara\u00e7\u00f5es dos envolvidos, o acordo foi bom para os ve\u00edculos.<\/p>\n<p class=\"\" style=\"text-align: justify;\">Pierre Louette, chefe do grupo de m\u00eddia Les Echos-Le Parisien, disse que os termos do contrato permitir\u00e3o ao Facebook implementar a lei francesa \u201cao mesmo tempo em que gerar\u00e3o receitas significativa\u201d para os editores de not\u00edcias, principalmente os menores.<\/p>\n<p class=\"\" style=\"text-align: justify;\">Outros jornais, como o di\u00e1rio nacional Le Monde, j\u00e1 tinham negociado seus pr\u00f3prios acordos nos \u00faltimos meses.<\/p>\n<p class=\"\" style=\"text-align: justify;\">O Facebook disse em seu comunicado que al\u00e9m de pagar pelo conte\u00fado franc\u00eas, tamb\u00e9m lan\u00e7ar\u00e1 um servi\u00e7o de not\u00edcias franc\u00eas, o Facebook News, em janeiro de 2022, para \u201cdar \u00e0s pessoas um espa\u00e7o dedicado para acessar conte\u00fado de confian\u00e7a e fontes de not\u00edcias confi\u00e1veis. \u201d. O servi\u00e7o j\u00e1 existe\u00a0nos EUA e no Reino Unido.<\/p>\n<h5 class=\"\" style=\"text-align: justify;\">Fran\u00e7a contra a domina\u00e7\u00e3o das Big Techs<\/h5>\n<p class=\"\" style=\"text-align: justify;\">O acordo foi interpretado como uma vit\u00f3ria da Fran\u00e7a , que vem lutando h\u00e1 dois anos para proteger os direitos de publica\u00e7\u00e3o e as receitas da m\u00eddia de not\u00edcias contra o que chama de \u201cdomina\u00e7\u00e3o de poderosas empresas de tecnologia que compartilham conte\u00fado de not\u00edcias ou mostram not\u00edcias em pesquisas na web\u201d.<\/p>\n<p class=\"\" style=\"text-align: justify;\">O gigante das redes sociais disse que o acordo de licenciamento com a alian\u00e7a de jornais nacionais e regionais \u201csignifica que as pessoas no Facebook poder\u00e3o continuar a carregar e a compartilhar not\u00edcias livremente entre as suas comunidades, ao mesmo tempo que garantem a protec\u00e7\u00e3o dos direitos de autor dos nossos parceiros de publica\u00e7\u00e3o.\u201d<\/p>\n<h5 class=\"\" style=\"text-align: justify;\"><span style=\"color: #0000ff;\">Press\u00e3o legislativa contra plataformas digitais<\/span><\/h5>\n<p class=\"\" style=\"text-align: justify;\">A decis\u00e3o da empresa americana foi tomada em um cen\u00e1rio de crescente press\u00e3o legislativa na Fran\u00e7a e na Europa.<\/p>\n<p class=\"\" style=\"text-align: justify;\">A lei da Uni\u00e3o Europeia que rege direitos autorais foi reformulada em 2019 e passou a cobrir fragmentos de conte\u00fado jornal\u00edstico exibidos por terceiros.<\/p>\n<p class=\"\" style=\"text-align: justify;\">A Fran\u00e7a \u00e9 um dos poucos pa\u00edses que implementou a reforma, que concede a publica\u00e7\u00f5es o direito de solicitar remunera\u00e7\u00e3o quando seu conte\u00fado \u00e9 exibido em redes sociais e plataformas online, o chamado \u201cdireito vizinho\u201d.<\/p>\n<p class=\"\" style=\"text-align: justify;\"><span style=\"color: #ff0000;\"><em><strong>O Google foi o primeiro a firmar contratos na Fran\u00e7a.\u00a0Mas n\u00e3o se livrou de problemas<\/strong><\/em><\/span><\/p>\n","protected":false},"excerpt":{"rendered":"<p>Por \u00a0Luciana Gurgel\u00a0 Londres \u2013 A Fran\u00e7a celebrou (21\/10) uma vit\u00f3ria em sua luta para levar as gigantes de m\u00eddia digital a compensarem os ve\u00edculos de imprensa pelo uso de conte\u00fado jornal\u00edstico em suas plataformas. A empresa americana fechou um acordo de v\u00e1rios anos com\u00a0um grupo de jornais nacionais e regionais franceses para pagar pelo [&hellip;]<\/p>\n","protected":false},"author":1,"featured_media":17952,"comment_status":"open","ping_status":"open","sticky":false,"template":"","format":"standard","meta":{"_uag_custom_page_level_css":"","footnotes":""},"categories":[27],"tags":[22569,22268,22574,22570,22571,22572,17751,22573],"class_list":["post-17951","post","type-post","status-publish","format-standard","has-post-thumbnail","hentry","category-acontece","tag-bigtechs-processadas-na-franca","tag-escravidao-digital","tag-eua-australia-e-franca-processam-bigtechs","tag-facebook-e-condenado-na-franca","tag-google-paga-indenizacao-na-franca","tag-jornalistas-prejudicados","tag-londres","tag-sites-e-blogs-vitimas-do-facebook-e-google"],"blocksy_meta":[],"spectra_blocks_featured_image_url":{"thumbnail":{"url":"https:\/\/construcaocivil.siriusmarketingedesign.com.br\/wp-content\/uploads\/2021\/11\/FACEBOOK-PROCESSO-150x150.jpg","width":150,"height":150},"medium":{"url":"https:\/\/construcaocivil.siriusmarketingedesign.com.br\/wp-content\/uploads\/2021\/11\/FACEBOOK-PROCESSO-300x200.jpg","width":300,"height":200},"medium_large":{"url":"https:\/\/construcaocivil.siriusmarketingedesign.com.br\/wp-content\/uploads\/2021\/11\/FACEBOOK-PROCESSO.jpg","width":640,"height":427},"large":{"url":"https:\/\/construcaocivil.siriusmarketingedesign.com.br\/wp-content\/uploads\/2021\/11\/FACEBOOK-PROCESSO.jpg","width":640,"height":427},"full":{"url":"https:\/\/construcaocivil.siriusmarketingedesign.com.br\/wp-content\/uploads\/2021\/11\/FACEBOOK-PROCESSO.jpg","width":640,"height":427}},"spectra_blocks_author_info":{"display_name":"Jornal da Constru\u00e7\u00e3o Civil","avatar_url":"https:\/\/secure.gravatar.com\/avatar\/973c9774fd44ddaceb026973c4962faa70fc512bc4c9da68e8ebb40fecee6540?s=96&d=mm&r=g","author_link":"https:\/\/construcaocivil.siriusmarketingedesign.com.br\/?author=1","description":"Desde de 2013, levando muitas informa\u00e7\u00f5es, lan\u00e7amentos e produtos de qualidade para toda cadeia produtiva da constru\u00e7\u00e3o. O Futuro da constru\u00e7\u00e3o passa por aqui,"},"uagb_featured_image_src":{"full":["https:\/\/construcaocivil.siriusmarketingedesign.com.br\/wp-content\/uploads\/2021\/11\/FACEBOOK-PROCESSO.jpg",640,427,false],"thumbnail":["https:\/\/construcaocivil.siriusmarketingedesign.com.br\/wp-content\/uploads\/2021\/11\/FACEBOOK-PROCESSO-150x150.jpg",150,150,true],"medium":["https:\/\/construcaocivil.siriusmarketingedesign.com.br\/wp-content\/uploads\/2021\/11\/FACEBOOK-PROCESSO-300x200.jpg",300,200,true],"medium_large":["https:\/\/construcaocivil.siriusmarketingedesign.com.br\/wp-content\/uploads\/2021\/11\/FACEBOOK-PROCESSO.jpg",640,427,false],"large":["https:\/\/construcaocivil.siriusmarketingedesign.com.br\/wp-content\/uploads\/2021\/11\/FACEBOOK-PROCESSO.jpg",640,427,false],"1536x1536":["https:\/\/construcaocivil.siriusmarketingedesign.com.br\/wp-content\/uploads\/2021\/11\/FACEBOOK-PROCESSO.jpg",640,427,false],"2048x2048":["https:\/\/construcaocivil.siriusmarketingedesign.com.br\/wp-content\/uploads\/2021\/11\/FACEBOOK-PROCESSO.jpg",640,427,false]},"uagb_author_info":{"display_name":"Jornal da Constru\u00e7\u00e3o Civil","author_link":"https:\/\/construcaocivil.siriusmarketingedesign.com.br\/?author=1"},"uagb_comment_info":0,"uagb_excerpt":"Por \u00a0Luciana Gurgel\u00a0 Londres \u2013 A Fran\u00e7a celebrou (21\/10) uma vit\u00f3ria em sua luta para levar as gigantes de m\u00eddia digital a compensarem os ve\u00edculos de imprensa pelo uso de conte\u00fado jornal\u00edstico em suas plataformas. A empresa americana fechou um acordo de v\u00e1rios anos com\u00a0um grupo de jornais nacionais e regionais franceses para pagar pelo&hellip;","_links":{"self":[{"href":"https:\/\/construcaocivil.siriusmarketingedesign.com.br\/index.php?rest_route=\/wp\/v2\/posts\/17951","targetHints":{"allow":["GET"]}}],"collection":[{"href":"https:\/\/construcaocivil.siriusmarketingedesign.com.br\/index.php?rest_route=\/wp\/v2\/posts"}],"about":[{"href":"https:\/\/construcaocivil.siriusmarketingedesign.com.br\/index.php?rest_route=\/wp\/v2\/types\/post"}],"author":[{"embeddable":true,"href":"https:\/\/construcaocivil.siriusmarketingedesign.com.br\/index.php?rest_route=\/wp\/v2\/users\/1"}],"replies":[{"embeddable":true,"href":"https:\/\/construcaocivil.siriusmarketingedesign.com.br\/index.php?rest_route=%2Fwp%2Fv2%2Fcomments&post=17951"}],"version-history":[{"count":0,"href":"https:\/\/construcaocivil.siriusmarketingedesign.com.br\/index.php?rest_route=\/wp\/v2\/posts\/17951\/revisions"}],"wp:featuredmedia":[{"embeddable":true,"href":"https:\/\/construcaocivil.siriusmarketingedesign.com.br\/index.php?rest_route=\/wp\/v2\/media\/17952"}],"wp:attachment":[{"href":"https:\/\/construcaocivil.siriusmarketingedesign.com.br\/index.php?rest_route=%2Fwp%2Fv2%2Fmedia&parent=17951"}],"wp:term":[{"taxonomy":"category","embeddable":true,"href":"https:\/\/construcaocivil.siriusmarketingedesign.com.br\/index.php?rest_route=%2Fwp%2Fv2%2Fcategories&post=17951"},{"taxonomy":"post_tag","embeddable":true,"href":"https:\/\/construcaocivil.siriusmarketingedesign.com.br\/index.php?rest_route=%2Fwp%2Fv2%2Ftags&post=17951"}],"curies":[{"name":"wp","href":"https:\/\/api.w.org\/{rel}","templated":true}]}}