{"id":17974,"date":"2021-11-08T21:08:50","date_gmt":"2021-11-09T00:08:50","guid":{"rendered":"https:\/\/www.jornaldaconstrucaocivil.com.br\/?p=17974"},"modified":"2021-11-08T21:08:50","modified_gmt":"2021-11-09T00:08:50","slug":"cancer-de-prostata-seconci-sp-alerta-sobre-a-importancia-dos-exames-preventivos","status":"publish","type":"post","link":"https:\/\/construcaocivil.siriusmarketingedesign.com.br\/?p=17974","title":{"rendered":"C\u00e2ncer de pr\u00f3stata: Seconci-SP alerta sobre a import\u00e2ncia dos exames preventivos"},"content":{"rendered":"<p class=\"v1MsoNormal\" style=\"text-align: justify;\"><span style=\"color: #ff0000;\">Novembro de 2021<\/span>\u00a0\u2013\u00a0O c\u00e2ncer de pr\u00f3stata \u00e9 o segundo mais prevalente entre os homens no Brasil,\u00a0atr\u00e1s apenas do c\u00e2ncer de pele n\u00e3o melanoma. Segundo o Instituto Nacional de C\u00e2ncer (Inca), anualmente s\u00e3o diagnosticados cerca de 66 mil novos casos, e a cada 41 homens, um morrer\u00e1 dessa doen\u00e7a. Por ocasi\u00e3o da Campanha do Novembro Azul, o dr. Paulo Fischer Junior, urologista do\u00a0<span class=\"v1MsoHyperlink\" style=\"color: #0000ff;\"><a style=\"color: #0000ff;\" href=\"https:\/\/www.seconci-sp.org.br\/\" target=\"_blank\" rel=\"noopener noreferrer\">Seconci-SP<\/a><\/span>\u00a0(Servi\u00e7o Social da Constru\u00e7\u00e3o), destaca a import\u00e2ncia dos exames preventivos para o diagn\u00f3stico precoce, para elevar os \u00edndices de cura.<\/p>\n<p style=\"text-align: justify;\">A pr\u00f3stata \u00e9 uma gl\u00e2ndula que produz parte do s\u00eamen, l\u00edquido que cont\u00e9m os espermatozoides. Ela envolve a por\u00e7\u00e3o inicial da uretra, tubo pelo qual a urina \u00e9 eliminada.<\/p>\n<p style=\"text-align: justify;\">&#8220;Mais do que qualquer outro tipo, o c\u00e2ncer de pr\u00f3stata \u00e9 uma doen\u00e7a da terceira idade, pois cerca de 75% dos casos no mundo ocorrem ap\u00f3s os 65 anos. Homens mais jovens tamb\u00e9m podem desenvolv\u00ea-la. Outros fatores de risco s\u00e3o obesidade, tabagismo e hist\u00f3rico familiar, ter pai ou irm\u00e3o com c\u00e2ncer de pr\u00f3stata antes dos 60 anos&#8221;, afirma o m\u00e9dico.<\/p>\n<p style=\"text-align: justify;\">Entre os sinais que precisam ser investigados est\u00e3o dificuldade de urinar, diminui\u00e7\u00e3o do jato de urina, necessidade de urinar mais vezes durante o dia ou \u00e0 noite, e presen\u00e7a de sangue na urina. &#8220;No entanto, em sua fase inicial o c\u00e2ncer de pr\u00f3stata muitas vezes n\u00e3o apresenta sintomas. Da\u00ed a import\u00e2ncia dos exames preventivos para homens a partir dos 45 anos, ou 40 anos para os que t\u00eam hist\u00f3rico familiar&#8221;.<\/p>\n<p style=\"text-align: justify;\"><strong>Preconceito prejudica<\/strong><\/p>\n<p style=\"text-align: justify;\">O diagn\u00f3stico \u00e9 feito pela consulta cl\u00ednica, toque retal e exames de ultrassom e PSA, sigla em ingl\u00eas para o Ant\u00edgeno Prost\u00e1tico Espec\u00edfico, um exame de sangue. O m\u00e9dico tamb\u00e9m pode solicitar bi\u00f3psia. &#8220;Se o c\u00e2ncer for detectado precocemente, o \u00edndice de cura pode chegar a 95%. Mas o preconceito ainda tem grande impacto em todas as classes sociais e n\u00edveis de escolaridade. Por causa do toque retal, muitos homens n\u00e3o fazem os exames preventivos anuais e v\u00e3o ao m\u00e9dico quando o c\u00e2ncer j\u00e1 atingiu est\u00e1gios avan\u00e7ados e at\u00e9 outros \u00f3rg\u00e3os, diminuindo significativamente as chances de cura&#8221;, alerta o urologista.<\/p>\n<p style=\"text-align: justify;\">O tratamento consiste de cirurgia e radioterapia, mas pode exigir outros procedimentos m\u00e9dicos, dependendo do est\u00e1gio e avan\u00e7o da doen\u00e7a. A escolha do tratamento mais indicado \u00e9 definida ap\u00f3s m\u00e9dico e paciente discutirem os riscos e avaliarem os benef\u00edcios de cada um.<\/p>\n<p style=\"text-align: justify;\">&#8220;A mensagem deste Novembro Azul: a consulta anual ao m\u00e9dico urologista \u00e9 mais do que obrigat\u00f3ria, um investimento na sa\u00fade e na qualidade de vida do homem&#8221;, diz o dr. Fischer.<\/p>\n<p class=\"v1MsoNormal\" style=\"text-align: justify;\"><b>\u00a0<\/b><\/p>\n","protected":false},"excerpt":{"rendered":"<p>Novembro de 2021\u00a0\u2013\u00a0O c\u00e2ncer de pr\u00f3stata \u00e9 o segundo mais prevalente entre os homens no Brasil,\u00a0atr\u00e1s apenas do c\u00e2ncer de pele n\u00e3o melanoma. Segundo o Instituto Nacional de C\u00e2ncer (Inca), anualmente s\u00e3o diagnosticados cerca de 66 mil novos casos, e a cada 41 homens, um morrer\u00e1 dessa doen\u00e7a. Por ocasi\u00e3o da Campanha do Novembro Azul, [&hellip;]<\/p>\n","protected":false},"author":1,"featured_media":17975,"comment_status":"open","ping_status":"open","sticky":false,"template":"","format":"standard","meta":{"_uag_custom_page_level_css":"","footnotes":""},"categories":[27],"tags":[1804,22602,22601,10693,10734],"class_list":["post-17974","post","type-post","status-publish","format-standard","has-post-thumbnail","hentry","category-acontece","tag-cancer-de-prostata","tag-exames-preventivos","tag-novembro-azul-na-construcao","tag-saude","tag-seconci-sp"],"blocksy_meta":[],"spectra_blocks_featured_image_url":{"thumbnail":{"url":"https:\/\/construcaocivil.siriusmarketingedesign.com.br\/wp-content\/uploads\/2021\/11\/Novembro-Azul-Cartaz-AA-150x150.jpg","width":150,"height":150},"medium":{"url":"https:\/\/construcaocivil.siriusmarketingedesign.com.br\/wp-content\/uploads\/2021\/11\/Novembro-Azul-Cartaz-AA-212x300.jpg","width":212,"height":300},"medium_large":{"url":"https:\/\/construcaocivil.siriusmarketingedesign.com.br\/wp-content\/uploads\/2021\/11\/Novembro-Azul-Cartaz-AA.jpg","width":351,"height":496},"large":{"url":"https:\/\/construcaocivil.siriusmarketingedesign.com.br\/wp-content\/uploads\/2021\/11\/Novembro-Azul-Cartaz-AA.jpg","width":351,"height":496},"full":{"url":"https:\/\/construcaocivil.siriusmarketingedesign.com.br\/wp-content\/uploads\/2021\/11\/Novembro-Azul-Cartaz-AA.jpg","width":351,"height":496}},"spectra_blocks_author_info":{"display_name":"Jornal da Constru\u00e7\u00e3o Civil","avatar_url":"https:\/\/secure.gravatar.com\/avatar\/973c9774fd44ddaceb026973c4962faa70fc512bc4c9da68e8ebb40fecee6540?s=96&d=mm&r=g","author_link":"https:\/\/construcaocivil.siriusmarketingedesign.com.br\/?author=1","description":"Desde de 2013, levando muitas informa\u00e7\u00f5es, lan\u00e7amentos e produtos de qualidade para toda cadeia produtiva da constru\u00e7\u00e3o. O Futuro da constru\u00e7\u00e3o passa por aqui,"},"uagb_featured_image_src":{"full":["https:\/\/construcaocivil.siriusmarketingedesign.com.br\/wp-content\/uploads\/2021\/11\/Novembro-Azul-Cartaz-AA.jpg",351,496,false],"thumbnail":["https:\/\/construcaocivil.siriusmarketingedesign.com.br\/wp-content\/uploads\/2021\/11\/Novembro-Azul-Cartaz-AA-150x150.jpg",150,150,true],"medium":["https:\/\/construcaocivil.siriusmarketingedesign.com.br\/wp-content\/uploads\/2021\/11\/Novembro-Azul-Cartaz-AA-212x300.jpg",212,300,true],"medium_large":["https:\/\/construcaocivil.siriusmarketingedesign.com.br\/wp-content\/uploads\/2021\/11\/Novembro-Azul-Cartaz-AA.jpg",351,496,false],"large":["https:\/\/construcaocivil.siriusmarketingedesign.com.br\/wp-content\/uploads\/2021\/11\/Novembro-Azul-Cartaz-AA.jpg",351,496,false],"1536x1536":["https:\/\/construcaocivil.siriusmarketingedesign.com.br\/wp-content\/uploads\/2021\/11\/Novembro-Azul-Cartaz-AA.jpg",351,496,false],"2048x2048":["https:\/\/construcaocivil.siriusmarketingedesign.com.br\/wp-content\/uploads\/2021\/11\/Novembro-Azul-Cartaz-AA.jpg",351,496,false]},"uagb_author_info":{"display_name":"Jornal da Constru\u00e7\u00e3o Civil","author_link":"https:\/\/construcaocivil.siriusmarketingedesign.com.br\/?author=1"},"uagb_comment_info":0,"uagb_excerpt":"Novembro de 2021\u00a0\u2013\u00a0O c\u00e2ncer de pr\u00f3stata \u00e9 o segundo mais prevalente entre os homens no Brasil,\u00a0atr\u00e1s apenas do c\u00e2ncer de pele n\u00e3o melanoma. Segundo o Instituto Nacional de C\u00e2ncer (Inca), anualmente s\u00e3o diagnosticados cerca de 66 mil novos casos, e a cada 41 homens, um morrer\u00e1 dessa doen\u00e7a. Por ocasi\u00e3o da Campanha do Novembro Azul,&hellip;","_links":{"self":[{"href":"https:\/\/construcaocivil.siriusmarketingedesign.com.br\/index.php?rest_route=\/wp\/v2\/posts\/17974","targetHints":{"allow":["GET"]}}],"collection":[{"href":"https:\/\/construcaocivil.siriusmarketingedesign.com.br\/index.php?rest_route=\/wp\/v2\/posts"}],"about":[{"href":"https:\/\/construcaocivil.siriusmarketingedesign.com.br\/index.php?rest_route=\/wp\/v2\/types\/post"}],"author":[{"embeddable":true,"href":"https:\/\/construcaocivil.siriusmarketingedesign.com.br\/index.php?rest_route=\/wp\/v2\/users\/1"}],"replies":[{"embeddable":true,"href":"https:\/\/construcaocivil.siriusmarketingedesign.com.br\/index.php?rest_route=%2Fwp%2Fv2%2Fcomments&post=17974"}],"version-history":[{"count":0,"href":"https:\/\/construcaocivil.siriusmarketingedesign.com.br\/index.php?rest_route=\/wp\/v2\/posts\/17974\/revisions"}],"wp:featuredmedia":[{"embeddable":true,"href":"https:\/\/construcaocivil.siriusmarketingedesign.com.br\/index.php?rest_route=\/wp\/v2\/media\/17975"}],"wp:attachment":[{"href":"https:\/\/construcaocivil.siriusmarketingedesign.com.br\/index.php?rest_route=%2Fwp%2Fv2%2Fmedia&parent=17974"}],"wp:term":[{"taxonomy":"category","embeddable":true,"href":"https:\/\/construcaocivil.siriusmarketingedesign.com.br\/index.php?rest_route=%2Fwp%2Fv2%2Fcategories&post=17974"},{"taxonomy":"post_tag","embeddable":true,"href":"https:\/\/construcaocivil.siriusmarketingedesign.com.br\/index.php?rest_route=%2Fwp%2Fv2%2Ftags&post=17974"}],"curies":[{"name":"wp","href":"https:\/\/api.w.org\/{rel}","templated":true}]}}