{"id":17979,"date":"2021-11-09T01:55:30","date_gmt":"2021-11-09T04:55:30","guid":{"rendered":"https:\/\/www.jornaldaconstrucaocivil.com.br\/?p=17979"},"modified":"2021-11-09T01:55:30","modified_gmt":"2021-11-09T04:55:30","slug":"educacao-uerj-abre-selecao-para-vagas-remanescentes-e-aceitara-nota-do-enem","status":"publish","type":"post","link":"https:\/\/construcaocivil.siriusmarketingedesign.com.br\/?p=17979","title":{"rendered":"Educa\u00e7\u00e3o:  Uerj abre sele\u00e7\u00e3o para vagas remanescentes e aceitar\u00e1 nota do Enem"},"content":{"rendered":"<p style=\"text-align: justify;\"><span style=\"color: #003366;\">Novembro<\/span>, 2021 &#8211; A partir do dia 9 de novembro, a Universidade do Estado do Rio de Janeiro (Uerj) estar\u00e1 com inscri\u00e7\u00f5es abertas para preenchimento de vagas em alguns de seus cursos, para o segundo semestre do Vestibular Estadual 2021. Os interessados devem se inscrever at\u00e9 o dia 18 de novembro e poder\u00e3o utilizar a pontua\u00e7\u00e3o obtida no Exame Nacional do Ensino M\u00e9dio (Enem) desde a edi\u00e7\u00e3o de 2017.<\/p>\n<p style=\"text-align: justify;\">As vagas ofertadas s\u00e3o para os munic\u00edpios de S\u00e3o Gon\u00e7alo, Duque de Caxias, Resende e Nova Friburgo, com in\u00edcio das aulas previsto para o primeiro semestre de 2022.<\/p>\n<p style=\"text-align: justify;\"><strong><span style=\"color: #ff0000;\">Cursos<\/span><\/strong>:<\/p>\n<p><strong>Faculdade de Forma\u00e7\u00e3o de Professores (FFP), em S\u00e3o Gon\u00e7alo:<\/strong><\/p>\n<p>&#8211; Ci\u00eancias Biol\u00f3gicas;<\/p>\n<p>&#8211; Geografia;<\/p>\n<p>&#8211; Hist\u00f3ria;<\/p>\n<p>&#8211; Letras;<\/p>\n<p>&#8211; Matem\u00e1tica;<\/p>\n<p>&#8211; Pedagogia.<\/p>\n<p><strong>Faculdade de Educa\u00e7\u00e3o da Baixada Fluminense (FEBF), em Duque de Caxias:<\/strong><\/p>\n<p>&#8211; Geografia;<\/p>\n<p>&#8211; Matem\u00e1tica;<\/p>\n<p>&#8211; Pedagogia.<\/p>\n<p><strong>Instituto Polit\u00e9cnico do Rio de Janeiro (IPRJ), em Nova Friburgo:<\/strong><\/p>\n<p>&#8211; Engenharia Mec\u00e2nica.<\/p>\n<p><strong>Faculdade de Tecnologia (FAT), em Resende:<\/strong><\/p>\n<p>&#8211; Engenharia de Produ\u00e7\u00e3o;<\/p>\n<p>&#8211; Engenharia Mec\u00e2nica;<\/p>\n<p>&#8211; Engenharia Qu\u00edmica.<\/p>\n<p><strong>Requisitos:<\/strong><\/p>\n<p>&#8211; Ter realizado o Exame Nacional do Ensino M\u00e9dio (ENEM) nas edi\u00e7\u00f5es 2017, 2018, 2019 ou 2020 e ter sido aprovado com nota m\u00ednima de 200 pontos em cada uma das provas objetivas e 300 pontos na prova de reda\u00e7\u00e3o;<\/p>\n<p>&#8211; Ensino M\u00e9dio completo ou em fase de conclus\u00e3o.<\/p>\n<p>Servi\u00e7o:<\/p>\n<p>Inscri\u00e7\u00f5es: de 09 a 18 de novembro de 2021<\/p>\n<p>Taxa: R$50,00<\/p>\n<p>Confira mais informa\u00e7\u00f5es e realize as inscri\u00e7\u00f5es no portal: https:\/\/bit.ly\/estudar_na_UERJ_com_nota_do_ENEM<\/p>\n<p>&nbsp;<\/p>\n","protected":false},"excerpt":{"rendered":"<p>Novembro, 2021 &#8211; A partir do dia 9 de novembro, a Universidade do Estado do Rio de Janeiro (Uerj) estar\u00e1 com inscri\u00e7\u00f5es abertas para preenchimento de vagas em alguns de seus cursos, para o segundo semestre do Vestibular Estadual 2021. Os interessados devem se inscrever at\u00e9 o dia 18 de novembro e poder\u00e3o utilizar a [&hellip;]<\/p>\n","protected":false},"author":1,"featured_media":17980,"comment_status":"open","ping_status":"open","sticky":false,"template":"","format":"standard","meta":{"_uag_custom_page_level_css":"","footnotes":""},"categories":[27],"tags":[22603,21871,19475,17437,7339,22604,8197,10214,14721,12026],"class_list":["post-17979","post","type-post","status-publish","format-standard","has-post-thumbnail","hentry","category-acontece","tag-cursos-de-graduacao","tag-duque-de-caxias","tag-engenharia-de-producao","tag-engenharia-mecanica","tag-matematica","tag-notas-do-enem","tag-nova-friburgo","tag-resende","tag-sao-goncalo","tag-uerj"],"blocksy_meta":[],"spectra_blocks_featured_image_url":{"thumbnail":{"url":"https:\/\/construcaocivil.siriusmarketingedesign.com.br\/wp-content\/uploads\/2021\/11\/UERJ-logo-1200x694-AA-150x150.jpg","width":150,"height":150},"medium":{"url":"https:\/\/construcaocivil.siriusmarketingedesign.com.br\/wp-content\/uploads\/2021\/11\/UERJ-logo-1200x694-AA-300x174.jpg","width":300,"height":174},"medium_large":{"url":"https:\/\/construcaocivil.siriusmarketingedesign.com.br\/wp-content\/uploads\/2021\/11\/UERJ-logo-1200x694-AA-768x444.jpg","width":768,"height":444},"large":{"url":"https:\/\/construcaocivil.siriusmarketingedesign.com.br\/wp-content\/uploads\/2021\/11\/UERJ-logo-1200x694-AA-1024x592.jpg","width":1024,"height":592},"full":{"url":"https:\/\/construcaocivil.siriusmarketingedesign.com.br\/wp-content\/uploads\/2021\/11\/UERJ-logo-1200x694-AA.jpg","width":1200,"height":694}},"spectra_blocks_author_info":{"display_name":"Jornal da Constru\u00e7\u00e3o Civil","avatar_url":"https:\/\/secure.gravatar.com\/avatar\/973c9774fd44ddaceb026973c4962faa70fc512bc4c9da68e8ebb40fecee6540?s=96&d=mm&r=g","author_link":"https:\/\/construcaocivil.siriusmarketingedesign.com.br\/?author=1","description":"Desde de 2013, levando muitas informa\u00e7\u00f5es, lan\u00e7amentos e produtos de qualidade para toda cadeia produtiva da constru\u00e7\u00e3o. O Futuro da constru\u00e7\u00e3o passa por aqui,"},"uagb_featured_image_src":{"full":["https:\/\/construcaocivil.siriusmarketingedesign.com.br\/wp-content\/uploads\/2021\/11\/UERJ-logo-1200x694-AA.jpg",1200,694,false],"thumbnail":["https:\/\/construcaocivil.siriusmarketingedesign.com.br\/wp-content\/uploads\/2021\/11\/UERJ-logo-1200x694-AA-150x150.jpg",150,150,true],"medium":["https:\/\/construcaocivil.siriusmarketingedesign.com.br\/wp-content\/uploads\/2021\/11\/UERJ-logo-1200x694-AA-300x174.jpg",300,174,true],"medium_large":["https:\/\/construcaocivil.siriusmarketingedesign.com.br\/wp-content\/uploads\/2021\/11\/UERJ-logo-1200x694-AA-768x444.jpg",768,444,true],"large":["https:\/\/construcaocivil.siriusmarketingedesign.com.br\/wp-content\/uploads\/2021\/11\/UERJ-logo-1200x694-AA-1024x592.jpg",1024,592,true],"1536x1536":["https:\/\/construcaocivil.siriusmarketingedesign.com.br\/wp-content\/uploads\/2021\/11\/UERJ-logo-1200x694-AA.jpg",1200,694,false],"2048x2048":["https:\/\/construcaocivil.siriusmarketingedesign.com.br\/wp-content\/uploads\/2021\/11\/UERJ-logo-1200x694-AA.jpg",1200,694,false]},"uagb_author_info":{"display_name":"Jornal da Constru\u00e7\u00e3o Civil","author_link":"https:\/\/construcaocivil.siriusmarketingedesign.com.br\/?author=1"},"uagb_comment_info":0,"uagb_excerpt":"Novembro, 2021 &#8211; A partir do dia 9 de novembro, a Universidade do Estado do Rio de Janeiro (Uerj) estar\u00e1 com inscri\u00e7\u00f5es abertas para preenchimento de vagas em alguns de seus cursos, para o segundo semestre do Vestibular Estadual 2021. Os interessados devem se inscrever at\u00e9 o dia 18 de novembro e poder\u00e3o utilizar a&hellip;","_links":{"self":[{"href":"https:\/\/construcaocivil.siriusmarketingedesign.com.br\/index.php?rest_route=\/wp\/v2\/posts\/17979","targetHints":{"allow":["GET"]}}],"collection":[{"href":"https:\/\/construcaocivil.siriusmarketingedesign.com.br\/index.php?rest_route=\/wp\/v2\/posts"}],"about":[{"href":"https:\/\/construcaocivil.siriusmarketingedesign.com.br\/index.php?rest_route=\/wp\/v2\/types\/post"}],"author":[{"embeddable":true,"href":"https:\/\/construcaocivil.siriusmarketingedesign.com.br\/index.php?rest_route=\/wp\/v2\/users\/1"}],"replies":[{"embeddable":true,"href":"https:\/\/construcaocivil.siriusmarketingedesign.com.br\/index.php?rest_route=%2Fwp%2Fv2%2Fcomments&post=17979"}],"version-history":[{"count":0,"href":"https:\/\/construcaocivil.siriusmarketingedesign.com.br\/index.php?rest_route=\/wp\/v2\/posts\/17979\/revisions"}],"wp:featuredmedia":[{"embeddable":true,"href":"https:\/\/construcaocivil.siriusmarketingedesign.com.br\/index.php?rest_route=\/wp\/v2\/media\/17980"}],"wp:attachment":[{"href":"https:\/\/construcaocivil.siriusmarketingedesign.com.br\/index.php?rest_route=%2Fwp%2Fv2%2Fmedia&parent=17979"}],"wp:term":[{"taxonomy":"category","embeddable":true,"href":"https:\/\/construcaocivil.siriusmarketingedesign.com.br\/index.php?rest_route=%2Fwp%2Fv2%2Fcategories&post=17979"},{"taxonomy":"post_tag","embeddable":true,"href":"https:\/\/construcaocivil.siriusmarketingedesign.com.br\/index.php?rest_route=%2Fwp%2Fv2%2Ftags&post=17979"}],"curies":[{"name":"wp","href":"https:\/\/api.w.org\/{rel}","templated":true}]}}