{"id":18002,"date":"2021-11-12T18:52:03","date_gmt":"2021-11-12T21:52:03","guid":{"rendered":"https:\/\/www.jornaldaconstrucaocivil.com.br\/?p=18002"},"modified":"2021-11-12T18:52:03","modified_gmt":"2021-11-12T21:52:03","slug":"gratuito-ultimos-dias-de-inscricoes-para-mais-de-duas-mil-vagas-do-novo-ensino-medio-da-firjan-sesi-com-itinerario-de-formacao-tecnica-em-parceria-com-a-firjan-senai","status":"publish","type":"post","link":"https:\/\/construcaocivil.siriusmarketingedesign.com.br\/?p=18002","title":{"rendered":"GRATUITO: \u00daltimos dias de inscri\u00e7\u00f5es para mais de duas mil vagas do Novo Ensino M\u00e9dio da Firjan SESI com Itiner\u00e1rio de Forma\u00e7\u00e3o T\u00e9cnica em parceria com a Firjan SENAI"},"content":{"rendered":"<p class=\"v1MsoNormal\" style=\"text-align: justify;\">Novembro, 2021 &#8211; Jovens do estado do Rio, que estejam cursando ou tenham terminado o 9\u00ba do Ensino Fundamental, podem se candidatar ao processo seletivo de <b>2.320 vagas gratuitas para o Novo Ensino M\u00e9dio da Firjan SESI com Itiner\u00e1rio de Forma\u00e7\u00e3o T\u00e9cnica em parceria com a Firjan SENAI.<\/b>\u00a0As oportunidades est\u00e3o distribu\u00eddas em 16 unidades, para aulas em turno integral em 2022. O edital completo est\u00e1 dispon\u00edvel no site da Escola Firjan SESI\u00a0<span style=\"color: #0000ff;\"><a style=\"color: #0000ff;\" href=\"http:\/\/www.escolafirjansesi.com.br\/ensinomedio\" target=\"_blank\" rel=\"noopener noreferrer\">www.escolafirjansesi.com.br\/ensinomedio<\/a><\/span>\u00a0e as inscri\u00e7\u00f5es devem ser realizadas atrav\u00e9s do mesmo,\u00a0<b>at\u00e9\u00a0\u00e0s 17h do dia 15 de\u00a0novembro.<\/b><\/p>\n<figure id=\"attachment_18004\" aria-describedby=\"caption-attachment-18004\" style=\"width: 300px\" class=\"wp-caption alignleft\"><img loading=\"lazy\" decoding=\"async\" class=\"size-medium wp-image-18004\" src=\"https:\/\/www.jornaldaconstrucaocivil.com.br\/wp-content\/uploads\/2021\/11\/Novo-ensino-medio-Firjan-SESI\u00a9vinicius-magalhaes_5600-300x200.jpg\" alt=\"\" width=\"300\" height=\"200\" srcset=\"https:\/\/construcaocivil.siriusmarketingedesign.com.br\/wp-content\/uploads\/2021\/11\/Novo-ensino-medio-Firjan-SESI\u00a9vinicius-magalhaes_5600-300x200.jpg 300w, https:\/\/construcaocivil.siriusmarketingedesign.com.br\/wp-content\/uploads\/2021\/11\/Novo-ensino-medio-Firjan-SESI\u00a9vinicius-magalhaes_5600-1024x683.jpg 1024w, https:\/\/construcaocivil.siriusmarketingedesign.com.br\/wp-content\/uploads\/2021\/11\/Novo-ensino-medio-Firjan-SESI\u00a9vinicius-magalhaes_5600-768x512.jpg 768w, https:\/\/construcaocivil.siriusmarketingedesign.com.br\/wp-content\/uploads\/2021\/11\/Novo-ensino-medio-Firjan-SESI\u00a9vinicius-magalhaes_5600-1536x1024.jpg 1536w, https:\/\/construcaocivil.siriusmarketingedesign.com.br\/wp-content\/uploads\/2021\/11\/Novo-ensino-medio-Firjan-SESI\u00a9vinicius-magalhaes_5600-450x300.jpg 450w, https:\/\/construcaocivil.siriusmarketingedesign.com.br\/wp-content\/uploads\/2021\/11\/Novo-ensino-medio-Firjan-SESI\u00a9vinicius-magalhaes_5600.jpg 1620w\" sizes=\"auto, (max-width: 300px) 100vw, 300px\" \/><figcaption id=\"caption-attachment-18004\" class=\"wp-caption-text\">Novo ensino m\u00e9dio Firjan SESI Vinicius-Magalhaes<\/figcaption><\/figure>\n<p class=\"v1MsoNormal\" style=\"text-align: justify;\"><b><span style=\"color: #0000ff;\">No ato de inscri\u00e7\u00e3o<\/span>,<\/b>\u00a0os interessados devem fornecer uma autodeclara\u00e7\u00e3o de renda familiar per capita bruta de at\u00e9 1,5 sal\u00e1rio m\u00ednimo (alguns candidatos s\u00e3o dispensados desta obrigatoriedade &#8211; confira detalhes no edital) e apresentar declara\u00e7\u00e3o de escolaridade ou certificado de conclus\u00e3o do 9\u00ba ano do Ensino Fundamental. O processo \u00e9 aberto para a comunidade em geral, com prioridade de vagas para candidatos do 9\u00ba ano da Escola Firjan SESI e para dependentes de industri\u00e1rios ou ex-industri\u00e1rios (neste caso, com at\u00e9 tr\u00eas anos de desligamento da empresa at\u00e9 a data de publica\u00e7\u00e3o do edital).<\/p>\n<p class=\"v1MsoNormal\" style=\"text-align: justify;\"><b>S\u00f3 na Regi\u00e3o Metropolitana s\u00e3o ofertadas 1.440 oportunidades nas seguintes unidades:<\/b>\u00a0Benfica (152 vagas ampla concorr\u00eancia e 8 vagas PCD); Jacarepagu\u00e1 (152 vagas ampla concorr\u00eancia e 8 vagas PCD); Laranjeiras (152 vagas ampla concorr\u00eancia e 8 vagas PCD); Maracan\u00e3 (228 vagas ampla concorr\u00eancia e 12 vagas PCD); Tijuca (152 vagas ampla concorr\u00eancia e 8 vagas PCD); Duque de Caxias (152 vagas ampla concorr\u00eancia e 8 vagas PCD); Nova Igua\u00e7u (76 vagas ampla concorr\u00eancia e 4 vagas PCD); e S\u00e3o Gon\u00e7alo (304 vagas ampla concorr\u00eancia e 16 vagas PCD).<\/p>\n<figure id=\"attachment_18005\" aria-describedby=\"caption-attachment-18005\" style=\"width: 300px\" class=\"wp-caption alignright\"><img loading=\"lazy\" decoding=\"async\" class=\"size-medium wp-image-18005\" src=\"https:\/\/www.jornaldaconstrucaocivil.com.br\/wp-content\/uploads\/2021\/11\/Novo-ensino-medio-Firjan-SESI\u00a9vinicius-magalhaes_5689-300x200.jpg\" alt=\"\" width=\"300\" height=\"200\" srcset=\"https:\/\/construcaocivil.siriusmarketingedesign.com.br\/wp-content\/uploads\/2021\/11\/Novo-ensino-medio-Firjan-SESI\u00a9vinicius-magalhaes_5689-300x200.jpg 300w, https:\/\/construcaocivil.siriusmarketingedesign.com.br\/wp-content\/uploads\/2021\/11\/Novo-ensino-medio-Firjan-SESI\u00a9vinicius-magalhaes_5689-1024x683.jpg 1024w, https:\/\/construcaocivil.siriusmarketingedesign.com.br\/wp-content\/uploads\/2021\/11\/Novo-ensino-medio-Firjan-SESI\u00a9vinicius-magalhaes_5689-768x512.jpg 768w, https:\/\/construcaocivil.siriusmarketingedesign.com.br\/wp-content\/uploads\/2021\/11\/Novo-ensino-medio-Firjan-SESI\u00a9vinicius-magalhaes_5689-1536x1024.jpg 1536w, https:\/\/construcaocivil.siriusmarketingedesign.com.br\/wp-content\/uploads\/2021\/11\/Novo-ensino-medio-Firjan-SESI\u00a9vinicius-magalhaes_5689-450x300.jpg 450w, https:\/\/construcaocivil.siriusmarketingedesign.com.br\/wp-content\/uploads\/2021\/11\/Novo-ensino-medio-Firjan-SESI\u00a9vinicius-magalhaes_5689.jpg 1620w\" sizes=\"auto, (max-width: 300px) 100vw, 300px\" \/><figcaption id=\"caption-attachment-18005\" class=\"wp-caption-text\">Novo ensino m\u00e9dio Firjan SESI \u00a9vinicius-Magalhaes<\/figcaption><\/figure>\n<p class=\"v1MsoNormal\" style=\"text-align: justify;\"><b>E, para o interior, ser\u00e3o destinadas 880 oportunidades, distribu\u00eddas entre as unidades de<\/b>\u00a0Barra do Pira\u00ed (76 vagas ampla concorr\u00eancia e 4 vagas PCD); Barra Mansa (152 vagas ampla concorr\u00eancia e 8 vagas PCD); Resende (152 vagas ampla concorr\u00eancia e 8 vagas PCD); Volta Redonda (76 vagas ampla concorr\u00eancia e 4 vagas PCD); Tr\u00eas Rios (76 vagas ampla concorr\u00eancia e 4 vagas PCD); Nova Friburgo (76 vagas ampla concorr\u00eancia e 4 vagas PCD); Petr\u00f3polis (152 vagas ampla concorr\u00eancia e 8 vagas PCD); e Maca\u00e9 (76 vagas ampla concorr\u00eancia e 4 vagas PCD).<\/p>\n<p class=\"v1MsoNormal\" style=\"text-align: justify;\"><b>Regina Malta, gerente geral de Educa\u00e7\u00e3o da Firjan SENAI SESI<\/b>, destaca que a proposta da institui\u00e7\u00e3o \u00e9 investir na forma\u00e7\u00e3o de jovens com a perspectiva de futuro, com uma educa\u00e7\u00e3o de qualidade, voltada para o desenvolvimento humano e tecnol\u00f3gico sustent\u00e1vel coerente com os desafios do s\u00e9culo XXI. \u201cA Escola Firjan SESI refor\u00e7a sua proposta de forma\u00e7\u00e3o integral, com o Novo Ensino M\u00e9dio com itiner\u00e1rio de Forma\u00e7\u00e3o T\u00e9cnica em parceria com a Firjan SENAI, agregando a perspectiva das \u00c1reas de Conhecimento, da Criatividade e das Tecnologias, para preparar os jovens para os desafios da cidadania, do trabalho, da inova\u00e7\u00e3o e da continuidade de estudos\u201d.<\/p>\n<p class=\"v1MsoNormal\" style=\"text-align: justify;\"><b>O in\u00edcio das aulas est\u00e1 previsto para 7 de fevereiro de 2022.<\/b>\u00a0Mais informa\u00e7\u00f5es tamb\u00e9m podem ser obtidas atrav\u00e9s do telefone <span style=\"color: #0000ff;\"><strong>0800 0231 231.<\/strong><\/span><\/p>\n<p class=\"v1MsoNormal\" style=\"text-align: justify;\"><b>NOVO ENSINO M\u00c9DIO DA FIRJAN SESI COM ITINER\u00c1RIO DE FORMA\u00c7\u00c3O T\u00c9CNICA EM PARCERIA COM A FIRJAN SENAI<\/b><\/p>\n<p class=\"v1MsoNormal\" style=\"text-align: justify;\"><b>Em sintonia com a nova legisla\u00e7\u00e3o, o Novo Ensino M\u00e9dio da Firjan SESI<\/b>\u00a0agrega \u00e0 forma\u00e7\u00e3o geral, ancorada na Base Nacional Comum Curricular, um itiner\u00e1rio de forma\u00e7\u00e3o t\u00e9cnica em parceria com a Firjan SENAI, com diferentes possibilidades em cada escola. Al\u00e9m disso, os alunos ir\u00e3o complementar sua forma\u00e7\u00e3o com 2 itiner\u00e1rios de \u00e1rea de conhecimento a serem escolhidos a cada ano (linguagem, matem\u00e1tica, ci\u00eancias da natureza ou ci\u00eancias humanas), e o\u00a0Itiner\u00e1rio Inova\u00e7\u00e3o, com op\u00e7\u00e3o de aulas de rob\u00f3tica para desenvolvimento cient\u00edfico, ou de arte\/maker, com foco no desenvolvimento da criatividade a partir da arte contempor\u00e2nea, al\u00e9m de oficinas extraclasse, incorporando mais cultura na educa\u00e7\u00e3o b\u00e1sica.<\/p>\n<p class=\"v1MsoNormal\" style=\"text-align: justify;\"><b>A perspectiva<\/b>\u00a0\u00e9 aprofundar a utiliza\u00e7\u00e3o de metodologias ativas, a pesquisa, a tecnologia e os projetos a partir de desafios reais, e enfatizar cada vez mais o protagonismo dos alunos na realiza\u00e7\u00e3o de suas escolhas com base em seus projetos de vida, desejos e potenciais.<\/p>\n<p class=\"v1MsoNormal\" style=\"text-align: justify;\"><b>A proposta do programa inclui,<\/b>\u00a0portanto, a Base Nacional Comum Curricular referente \u00e0 forma\u00e7\u00e3o geral, com 2.400 horas; o Itiner\u00e1rio V, referente \u00e0 forma\u00e7\u00e3o t\u00e9cnica, com 1.200 horas; e ainda, no m\u00ednimo, 600 horas de Itiner\u00e1rios de \u00c1reas de Conhecimento e de Inova\u00e7\u00e3o, totalizando 4.200 horas. O hor\u00e1rio ser\u00e1 integral e ainda haver\u00e1 aulas aos s\u00e1bados.<\/p>\n<p class=\"v1MsoNormal\" style=\"text-align: justify;\"><b>O Itiner\u00e1rio de Forma\u00e7\u00e3o T\u00e9cnica em cada escola ir\u00e1 oferecer ao menos duas op\u00e7\u00f5es, conforme sua voca\u00e7\u00e3o regional (conferir no edital a oferta de cada escola):<\/b>\u00a0Inform\u00e1tica, Redes de Computadores, Desenvolvimento de Sistemas, Automa\u00e7\u00e3o Industrial, Mecatr\u00f4nica, Internet das Coisas, Mec\u00e2nica, Manuten\u00e7\u00e3o Automotiva, Eletrot\u00e9cnica, Eletroeletr\u00f4nica, Design Gr\u00e1fico, Multim\u00eddia, Programa\u00e7\u00e3o de Jogos Digitais, Produ\u00e7\u00e3o de \u00c1udio e V\u00eddeo, Computa\u00e7\u00e3o Gr\u00e1fica, Alimentos, Confeitaria, Edifica\u00e7\u00f5es, Energias Renov\u00e1veis, Log\u00edstica, Planejamento e Controle de Produ\u00e7\u00e3o e Seguran\u00e7a do Trabalho.<\/p>\n<p class=\"v1MsoNormal\" style=\"text-align: justify;\"><b>CALEND\u00c1RIO DO EDITAL<\/b><\/p>\n<p class=\"v1MsoNormal\" style=\"text-align: justify;\"><b>O edital completo est\u00e1 dispon\u00edvel no site da Escola Firjan SESI<\/b>\u00a0<span style=\"color: #0000ff;\"><a style=\"color: #0000ff;\" href=\"http:\/\/www.escolafirjansesi.com.br\/ensinomedio\" target=\"_blank\" rel=\"noopener noreferrer\">www.escolafirjansesi.com.br\/ensinomedio<\/a><\/span>\u00a0.<\/p>\n<p class=\"v1MsoNormal\" style=\"text-align: justify;\"><b>As inscri\u00e7\u00f5es<\/b>\u00a0devem ser\u00a0feitas, at\u00e9 \u00e0s 17h do dia 15 de novembro, apenas pelo site da escola e os candidatos t\u00eam que anexar os documentos no momento da mesma.<\/p>\n<p class=\"v1MsoNormal\" style=\"text-align: justify;\">Cada documento anexado deve ter no m\u00e1ximo 1MB e ser de um dos formatos (pdf, bmp, jpeg ou jpg):<\/p>\n<p class=\"v1MsoNormal\" style=\"text-align: justify;\">\u2022 carteira de identidade e CPF;<\/p>\n<p class=\"v1MsoNormal\" style=\"text-align: justify;\">\u2022 declara\u00e7\u00e3o de escolaridade ou da declara\u00e7\u00e3o de conclus\u00e3o do 9\u00ba ano do Ensino Fundamental;<\/p>\n<p class=\"v1MsoNormal\" style=\"text-align: justify;\">\u2022 autodeclara\u00e7\u00e3o de renda (exceto casos justific\u00e1veis &#8211; de acordo com o edital, que requerem, tamb\u00e9m documenta\u00e7\u00e3o espec\u00edfica);<\/p>\n<p class=\"v1MsoNormal\" style=\"text-align: justify;\">\u2022 comprovante de depend\u00eancia de industri\u00e1rio ou ex-industri\u00e1rio com v\u00ednculo at\u00e9 tr\u00eas anos antes da data de publica\u00e7\u00e3o do edital.<\/p>\n<p class=\"v1MsoNormal\" style=\"text-align: justify;\">\n<p class=\"v1MsoNormal\" style=\"text-align: justify;\"><b>Os locais de prova ser\u00e3o divulgados (on-line) \u00e0s 13h do dia 26 de novembro. As provas ser\u00e3o aplicadas presencialmente no dia 4 de dezembro, das 10h \u00e0s 13h.<\/b>\u00a0A avalia\u00e7\u00e3o ser\u00e1 composta por 50 quest\u00f5es objetivas de m\u00faltipla escolha, contemplando conte\u00fados de L\u00edngua Portuguesa, Matem\u00e1tica, Ci\u00eancias da Natureza e Ci\u00eancias Humanas dos Anos Finais do Ensino Fundamental.<\/p>\n<p class=\"v1MsoNormal\" style=\"text-align: justify;\">\n<p class=\"v1MsoNormal\" style=\"text-align: justify;\">\n","protected":false},"excerpt":{"rendered":"<p>Novembro, 2021 &#8211; Jovens do estado do Rio, que estejam cursando ou tenham terminado o 9\u00ba do Ensino Fundamental, podem se candidatar ao processo seletivo de 2.320 vagas gratuitas para o Novo Ensino M\u00e9dio da Firjan SESI com Itiner\u00e1rio de Forma\u00e7\u00e3o T\u00e9cnica em parceria com a Firjan SENAI.\u00a0As oportunidades est\u00e3o distribu\u00eddas em 16 unidades, para [&hellip;]<\/p>\n","protected":false},"author":1,"featured_media":18003,"comment_status":"open","ping_status":"open","sticky":false,"template":"","format":"standard","meta":{"_uag_custom_page_level_css":"","footnotes":""},"categories":[27],"tags":[22618,22614,22615,22617,10096,14721,10891,22616],"class_list":["post-18002","post","type-post","status-publish","format-standard","has-post-thumbnail","hentry","category-acontece","tag-educacao-profissional-tecnica","tag-ensino-medio-5-mil-vagas","tag-firjan-sesi","tag-laranjeiras","tag-regiao-metropolitana","tag-sao-goncalo","tag-senai-rj","tag-tres-rios"],"blocksy_meta":[],"spectra_blocks_featured_image_url":{"thumbnail":{"url":"https:\/\/construcaocivil.siriusmarketingedesign.com.br\/wp-content\/uploads\/2021\/11\/Novo-ensino-medio-Firjan-SESI\u00a9vinicius-magalhaes_5541-150x150.jpg","width":150,"height":150},"medium":{"url":"https:\/\/construcaocivil.siriusmarketingedesign.com.br\/wp-content\/uploads\/2021\/11\/Novo-ensino-medio-Firjan-SESI\u00a9vinicius-magalhaes_5541-300x200.jpg","width":300,"height":200},"medium_large":{"url":"https:\/\/construcaocivil.siriusmarketingedesign.com.br\/wp-content\/uploads\/2021\/11\/Novo-ensino-medio-Firjan-SESI\u00a9vinicius-magalhaes_5541-768x512.jpg","width":768,"height":512},"large":{"url":"https:\/\/construcaocivil.siriusmarketingedesign.com.br\/wp-content\/uploads\/2021\/11\/Novo-ensino-medio-Firjan-SESI\u00a9vinicius-magalhaes_5541-1024x683.jpg","width":1024,"height":683},"full":{"url":"https:\/\/construcaocivil.siriusmarketingedesign.com.br\/wp-content\/uploads\/2021\/11\/Novo-ensino-medio-Firjan-SESI\u00a9vinicius-magalhaes_5541.jpg","width":1620,"height":1080}},"spectra_blocks_author_info":{"display_name":"Jornal da Constru\u00e7\u00e3o Civil","avatar_url":"https:\/\/secure.gravatar.com\/avatar\/973c9774fd44ddaceb026973c4962faa70fc512bc4c9da68e8ebb40fecee6540?s=96&d=mm&r=g","author_link":"https:\/\/construcaocivil.siriusmarketingedesign.com.br\/?author=1","description":"Desde de 2013, levando muitas informa\u00e7\u00f5es, lan\u00e7amentos e produtos de qualidade para toda cadeia produtiva da constru\u00e7\u00e3o. O Futuro da constru\u00e7\u00e3o passa por aqui,"},"uagb_featured_image_src":{"full":["https:\/\/construcaocivil.siriusmarketingedesign.com.br\/wp-content\/uploads\/2021\/11\/Novo-ensino-medio-Firjan-SESI\u00a9vinicius-magalhaes_5541.jpg",1620,1080,false],"thumbnail":["https:\/\/construcaocivil.siriusmarketingedesign.com.br\/wp-content\/uploads\/2021\/11\/Novo-ensino-medio-Firjan-SESI\u00a9vinicius-magalhaes_5541-150x150.jpg",150,150,true],"medium":["https:\/\/construcaocivil.siriusmarketingedesign.com.br\/wp-content\/uploads\/2021\/11\/Novo-ensino-medio-Firjan-SESI\u00a9vinicius-magalhaes_5541-300x200.jpg",300,200,true],"medium_large":["https:\/\/construcaocivil.siriusmarketingedesign.com.br\/wp-content\/uploads\/2021\/11\/Novo-ensino-medio-Firjan-SESI\u00a9vinicius-magalhaes_5541-768x512.jpg",768,512,true],"large":["https:\/\/construcaocivil.siriusmarketingedesign.com.br\/wp-content\/uploads\/2021\/11\/Novo-ensino-medio-Firjan-SESI\u00a9vinicius-magalhaes_5541-1024x683.jpg",1024,683,true],"1536x1536":["https:\/\/construcaocivil.siriusmarketingedesign.com.br\/wp-content\/uploads\/2021\/11\/Novo-ensino-medio-Firjan-SESI\u00a9vinicius-magalhaes_5541-1536x1024.jpg",1536,1024,true],"2048x2048":["https:\/\/construcaocivil.siriusmarketingedesign.com.br\/wp-content\/uploads\/2021\/11\/Novo-ensino-medio-Firjan-SESI\u00a9vinicius-magalhaes_5541.jpg",1620,1080,false]},"uagb_author_info":{"display_name":"Jornal da Constru\u00e7\u00e3o Civil","author_link":"https:\/\/construcaocivil.siriusmarketingedesign.com.br\/?author=1"},"uagb_comment_info":0,"uagb_excerpt":"Novembro, 2021 &#8211; Jovens do estado do Rio, que estejam cursando ou tenham terminado o 9\u00ba do Ensino Fundamental, podem se candidatar ao processo seletivo de 2.320 vagas gratuitas para o Novo Ensino M\u00e9dio da Firjan SESI com Itiner\u00e1rio de Forma\u00e7\u00e3o T\u00e9cnica em parceria com a Firjan SENAI.\u00a0As oportunidades est\u00e3o distribu\u00eddas em 16 unidades, para&hellip;","_links":{"self":[{"href":"https:\/\/construcaocivil.siriusmarketingedesign.com.br\/index.php?rest_route=\/wp\/v2\/posts\/18002","targetHints":{"allow":["GET"]}}],"collection":[{"href":"https:\/\/construcaocivil.siriusmarketingedesign.com.br\/index.php?rest_route=\/wp\/v2\/posts"}],"about":[{"href":"https:\/\/construcaocivil.siriusmarketingedesign.com.br\/index.php?rest_route=\/wp\/v2\/types\/post"}],"author":[{"embeddable":true,"href":"https:\/\/construcaocivil.siriusmarketingedesign.com.br\/index.php?rest_route=\/wp\/v2\/users\/1"}],"replies":[{"embeddable":true,"href":"https:\/\/construcaocivil.siriusmarketingedesign.com.br\/index.php?rest_route=%2Fwp%2Fv2%2Fcomments&post=18002"}],"version-history":[{"count":0,"href":"https:\/\/construcaocivil.siriusmarketingedesign.com.br\/index.php?rest_route=\/wp\/v2\/posts\/18002\/revisions"}],"wp:featuredmedia":[{"embeddable":true,"href":"https:\/\/construcaocivil.siriusmarketingedesign.com.br\/index.php?rest_route=\/wp\/v2\/media\/18003"}],"wp:attachment":[{"href":"https:\/\/construcaocivil.siriusmarketingedesign.com.br\/index.php?rest_route=%2Fwp%2Fv2%2Fmedia&parent=18002"}],"wp:term":[{"taxonomy":"category","embeddable":true,"href":"https:\/\/construcaocivil.siriusmarketingedesign.com.br\/index.php?rest_route=%2Fwp%2Fv2%2Fcategories&post=18002"},{"taxonomy":"post_tag","embeddable":true,"href":"https:\/\/construcaocivil.siriusmarketingedesign.com.br\/index.php?rest_route=%2Fwp%2Fv2%2Ftags&post=18002"}],"curies":[{"name":"wp","href":"https:\/\/api.w.org\/{rel}","templated":true}]}}