{"id":18010,"date":"2021-11-13T15:22:52","date_gmt":"2021-11-13T18:22:52","guid":{"rendered":"https:\/\/www.jornaldaconstrucaocivil.com.br\/?p=18010"},"modified":"2021-11-13T15:22:52","modified_gmt":"2021-11-13T18:22:52","slug":"de-olho-no-brasil-na-europa-lula-discute-america-latina-e-recebe-premio","status":"publish","type":"post","link":"https:\/\/construcaocivil.siriusmarketingedesign.com.br\/?p=18010","title":{"rendered":"De olho no Brasil: Na Europa, Lula discute Am\u00e9rica Latina e recebe pr\u00eamio"},"content":{"rendered":"<section><span style=\"color: #ff0000;\">Novembro<\/span>, 2021 &#8211; O ex-presidente Luiz In\u00e1cio Lula da Silva chegou na quinta-feira (11) \u00e0 Europa, <a href=\"https:\/\/lula.com.br\/lula-tera-agendas-com-liderancas-progressistas-na-europa\/\" target=\"_blank\" rel=\"noreferrer noopener\"><span style=\"color: #0000ff;\">onde ter\u00e1 uma s\u00e9rie de eventos e manter\u00e1 di\u00e1logos sobre o cen\u00e1rio atual no mundo e na Am\u00e9rica Latina<\/span>.<\/a>\u00a0Lula come\u00e7a sua viagem pela Alemanha e em seguida ter\u00e1 agendas na B\u00e9lgica, Fran\u00e7a e Espanha. Entre os compromissos, destacam-se eventos nos dias 15, 16 e 17, em Bruxelas e em Paris.<\/p>\n<p>Na segunda-feira, dia 15, na B\u00e9lgica, o ex-presidente participar\u00e1 de uma Reuni\u00e3o de Alto N\u00edvel no plen\u00e1rio do Parlamento Europeu. O bloco social democrata do Parlamento reunir\u00e1 em Bruxelas l\u00edderes da Europa e da Am\u00e9rica Latina, para discutir uma agenda progressista para os desafios no mundo p\u00f3s-pandemia.<\/p>\n<p>Al\u00e9m de Lula, que far\u00e1 o discurso de encerramento do evento, participam da reuni\u00e3o Josep Borrel, vice-presidente da Uni\u00e3o Europeia; Jos\u00e9 Luis Rodr\u00edguez Zapatero, ex-primeiro-ministro da Espanha; Claudia Sheinbaum Pardo, governadora da Cidade do M\u00e9xico; Claudia Nayibe L\u00f3pez Hern\u00e1ndez, prefeita de Bogot\u00e1 (Col\u00f4mbia) e o l\u00edder do bloco social democrata, Iratxe Garc\u00eda P\u00e9rez.<\/p>\n<p>A reuni\u00e3o ocorrer\u00e1 \u00e0s 17h hor\u00e1rio local \u2013 13h, no hor\u00e1rio de Bras\u00edlia. Um pouco antes, \u00e0s 16h15, Lula dar\u00e1 uma entrevista coletiva no Parlamento, ao lado de Iratxe P\u00e9rez. A entrevista ser\u00e1 transmitida ao vivo pelas redes sociais de Lula.<\/p>\n<p>Em Paris, dia 16, tamb\u00e9m \u00e0s 17h, Lula dar\u00e1 uma palestra durante a confer\u00eancia sobre o Brasil no Instituto de Estudos Pol\u00edticos de Paris (Sciences Po). A confer\u00eancia \u201cQual o lugar do Brasil no mundo de amanh\u00e3?\u201d marca os dez anos do t\u00edtulo de Doutor Honoris Causa que Lula recebeu da Sciences Po. O ex-presidente foi o primeiro l\u00edder latino-americano a receber esse t\u00edtulo de uma das institui\u00e7\u00e3o mais respeitadas do mundo na \u00e1rea de ci\u00eancia pol\u00edtica e social.<\/p>\n<p>J\u00e1 no dia 17, pela manh\u00e3, Lula receber\u00e1 o pr\u00eamio Coragem Pol\u00edtica 2021, concedido pela revista Politique Internationale por sua gest\u00e3o \u201cmarcada pelo desejo de promover a igualdade\u201d, na Presid\u00eancia da Rep\u00fablica. A premia\u00e7\u00e3o \u00e9 concedida apenas em ocasi\u00f5es extraordin\u00e1rias e entregue quando o conselho da publica\u00e7\u00e3o, uma das principais do mundo na \u00e1rea das rela\u00e7\u00f5es internacionais, reconhece que alguma personalidade se destaca globalmente por sua coragem de pensamento e a\u00e7\u00e3o na pol\u00edtica.<\/p>\n<p>Al\u00e9m de premiar sua atua\u00e7\u00e3o contra a desigualdade social e racial como presidente do Brasil, a revista aponta a tenacidade do ex-presidente ao enfrentar a persegui\u00e7\u00e3o pol\u00edtica e judicial, \u201cesfor\u00e7os recompensados com a decis\u00e3o do Supremo Tribunal Federal de anular as suas condena\u00e7\u00f5es\u201d.<\/p>\n<p>Antes de Lula, a premia\u00e7\u00e3o foi para o ex-presidente do Egito Anwar Al Sadat, em 1981, por ser o primeiro l\u00edder de um pa\u00eds \u00e1rabe a visitar Israel, num gesto que foi considerado fundamental para selar a paz entre os dois pa\u00edses ap\u00f3s a Guerra do Iom Kippur. Em 1992, a revista voltou a entregar o pr\u00eamio, desta vez para o ent\u00e3o presidente da \u00c1frica do Sul Frederik De Klerk, que, ao lado de Nelson Mandela, foi respons\u00e1vel por conduzir os acordos e processos pol\u00edticos que levaram ao fim do regime racista do Apartheid sul-africano. O pr\u00eamio foi entregue novamente s\u00f3 em 2004, quando a revista reconheceu o papa Jo\u00e3o Paulo II como um l\u00edder pol\u00edtico que enfrentou ditaduras de diferentes espectros pol\u00edticos.<\/p>\n<p>Al\u00e9m dos eventos, o ex-presidente ter\u00e1 uma s\u00e9rie de reuni\u00f5es e encontros. Em Berlim, Lula se reunir\u00e1 com Martin Schulz, ex-l\u00edder do Partido Social-Democrata (SPD) da Alemanha e ex-presidente do Parlamento Europeu. J\u00e1 em Paris, Lula se reunir\u00e1 com a prefeita Anne Hidalgo.<\/p>\n<p class=\"italico\">Fonte: Lula.com.br<\/p>\n<div class=\"blocos\"><\/div>\n<\/section>\n<div class=\"lateral\"><\/div>\n","protected":false},"excerpt":{"rendered":"<p>Novembro, 2021 &#8211; O ex-presidente Luiz In\u00e1cio Lula da Silva chegou na quinta-feira (11) \u00e0 Europa, onde ter\u00e1 uma s\u00e9rie de eventos e manter\u00e1 di\u00e1logos sobre o cen\u00e1rio atual no mundo e na Am\u00e9rica Latina.\u00a0Lula come\u00e7a sua viagem pela Alemanha e em seguida ter\u00e1 agendas na B\u00e9lgica, Fran\u00e7a e Espanha. Entre os compromissos, destacam-se eventos [&hellip;]<\/p>\n","protected":false},"author":1,"featured_media":18011,"comment_status":"open","ping_status":"open","sticky":false,"template":"","format":"standard","meta":{"_uag_custom_page_level_css":"","footnotes":""},"categories":[27],"tags":[22623,22625,2821,20578,22627,22626,21352,22624],"class_list":["post-18010","post","type-post","status-publish","format-standard","has-post-thumbnail","hentry","category-acontece","tag-alemanha-x-brasil","tag-biotecnologia-e-industria-4-0","tag-construcao","tag-eleicoes-2022","tag-franca-e-brasil","tag-lideres-europeus-apoiam-lula","tag-lula-lidera-pesquisas","tag-negocios-entre-brsil-e-alemanha"],"blocksy_meta":[],"spectra_blocks_featured_image_url":{"thumbnail":{"url":"https:\/\/construcaocivil.siriusmarketingedesign.com.br\/wp-content\/uploads\/2021\/11\/ALEMANHA-LULA-FEBHUvMXIAoxqa7-150x150.jpg","width":150,"height":150},"medium":{"url":"https:\/\/construcaocivil.siriusmarketingedesign.com.br\/wp-content\/uploads\/2021\/11\/ALEMANHA-LULA-FEBHUvMXIAoxqa7-300x190.jpg","width":300,"height":190},"medium_large":{"url":"https:\/\/construcaocivil.siriusmarketingedesign.com.br\/wp-content\/uploads\/2021\/11\/ALEMANHA-LULA-FEBHUvMXIAoxqa7-768x487.jpg","width":768,"height":487},"large":{"url":"https:\/\/construcaocivil.siriusmarketingedesign.com.br\/wp-content\/uploads\/2021\/11\/ALEMANHA-LULA-FEBHUvMXIAoxqa7-1024x649.jpg","width":1024,"height":649},"full":{"url":"https:\/\/construcaocivil.siriusmarketingedesign.com.br\/wp-content\/uploads\/2021\/11\/ALEMANHA-LULA-FEBHUvMXIAoxqa7.jpg","width":1600,"height":1014}},"spectra_blocks_author_info":{"display_name":"Jornal da Constru\u00e7\u00e3o Civil","avatar_url":"https:\/\/secure.gravatar.com\/avatar\/973c9774fd44ddaceb026973c4962faa70fc512bc4c9da68e8ebb40fecee6540?s=96&d=mm&r=g","author_link":"https:\/\/construcaocivil.siriusmarketingedesign.com.br\/?author=1","description":"Desde de 2013, levando muitas informa\u00e7\u00f5es, lan\u00e7amentos e produtos de qualidade para toda cadeia produtiva da constru\u00e7\u00e3o. O Futuro da constru\u00e7\u00e3o passa por aqui,"},"uagb_featured_image_src":{"full":["https:\/\/construcaocivil.siriusmarketingedesign.com.br\/wp-content\/uploads\/2021\/11\/ALEMANHA-LULA-FEBHUvMXIAoxqa7.jpg",1600,1014,false],"thumbnail":["https:\/\/construcaocivil.siriusmarketingedesign.com.br\/wp-content\/uploads\/2021\/11\/ALEMANHA-LULA-FEBHUvMXIAoxqa7-150x150.jpg",150,150,true],"medium":["https:\/\/construcaocivil.siriusmarketingedesign.com.br\/wp-content\/uploads\/2021\/11\/ALEMANHA-LULA-FEBHUvMXIAoxqa7-300x190.jpg",300,190,true],"medium_large":["https:\/\/construcaocivil.siriusmarketingedesign.com.br\/wp-content\/uploads\/2021\/11\/ALEMANHA-LULA-FEBHUvMXIAoxqa7-768x487.jpg",768,487,true],"large":["https:\/\/construcaocivil.siriusmarketingedesign.com.br\/wp-content\/uploads\/2021\/11\/ALEMANHA-LULA-FEBHUvMXIAoxqa7-1024x649.jpg",1024,649,true],"1536x1536":["https:\/\/construcaocivil.siriusmarketingedesign.com.br\/wp-content\/uploads\/2021\/11\/ALEMANHA-LULA-FEBHUvMXIAoxqa7-1536x973.jpg",1536,973,true],"2048x2048":["https:\/\/construcaocivil.siriusmarketingedesign.com.br\/wp-content\/uploads\/2021\/11\/ALEMANHA-LULA-FEBHUvMXIAoxqa7.jpg",1600,1014,false]},"uagb_author_info":{"display_name":"Jornal da Constru\u00e7\u00e3o Civil","author_link":"https:\/\/construcaocivil.siriusmarketingedesign.com.br\/?author=1"},"uagb_comment_info":0,"uagb_excerpt":"Novembro, 2021 &#8211; O ex-presidente Luiz In\u00e1cio Lula da Silva chegou na quinta-feira (11) \u00e0 Europa, onde ter\u00e1 uma s\u00e9rie de eventos e manter\u00e1 di\u00e1logos sobre o cen\u00e1rio atual no mundo e na Am\u00e9rica Latina.\u00a0Lula come\u00e7a sua viagem pela Alemanha e em seguida ter\u00e1 agendas na B\u00e9lgica, Fran\u00e7a e Espanha. Entre os compromissos, destacam-se eventos&hellip;","_links":{"self":[{"href":"https:\/\/construcaocivil.siriusmarketingedesign.com.br\/index.php?rest_route=\/wp\/v2\/posts\/18010","targetHints":{"allow":["GET"]}}],"collection":[{"href":"https:\/\/construcaocivil.siriusmarketingedesign.com.br\/index.php?rest_route=\/wp\/v2\/posts"}],"about":[{"href":"https:\/\/construcaocivil.siriusmarketingedesign.com.br\/index.php?rest_route=\/wp\/v2\/types\/post"}],"author":[{"embeddable":true,"href":"https:\/\/construcaocivil.siriusmarketingedesign.com.br\/index.php?rest_route=\/wp\/v2\/users\/1"}],"replies":[{"embeddable":true,"href":"https:\/\/construcaocivil.siriusmarketingedesign.com.br\/index.php?rest_route=%2Fwp%2Fv2%2Fcomments&post=18010"}],"version-history":[{"count":0,"href":"https:\/\/construcaocivil.siriusmarketingedesign.com.br\/index.php?rest_route=\/wp\/v2\/posts\/18010\/revisions"}],"wp:featuredmedia":[{"embeddable":true,"href":"https:\/\/construcaocivil.siriusmarketingedesign.com.br\/index.php?rest_route=\/wp\/v2\/media\/18011"}],"wp:attachment":[{"href":"https:\/\/construcaocivil.siriusmarketingedesign.com.br\/index.php?rest_route=%2Fwp%2Fv2%2Fmedia&parent=18010"}],"wp:term":[{"taxonomy":"category","embeddable":true,"href":"https:\/\/construcaocivil.siriusmarketingedesign.com.br\/index.php?rest_route=%2Fwp%2Fv2%2Fcategories&post=18010"},{"taxonomy":"post_tag","embeddable":true,"href":"https:\/\/construcaocivil.siriusmarketingedesign.com.br\/index.php?rest_route=%2Fwp%2Fv2%2Ftags&post=18010"}],"curies":[{"name":"wp","href":"https:\/\/api.w.org\/{rel}","templated":true}]}}