{"id":18018,"date":"2021-11-15T22:39:40","date_gmt":"2021-11-16T01:39:40","guid":{"rendered":"https:\/\/www.jornaldaconstrucaocivil.com.br\/?p=18018"},"modified":"2021-11-15T23:01:14","modified_gmt":"2021-11-16T02:01:14","slug":"arcelormittal-anuncia-investimento-de-r-43-bilhoes-no-brasil","status":"publish","type":"post","link":"https:\/\/construcaocivil.siriusmarketingedesign.com.br\/?p=18018","title":{"rendered":"ArcelorMittal anuncia investimento  de R$ 4,3 bilh\u00f5es no Brasil"},"content":{"rendered":"<p dir=\"ltr\"><span style=\"color: #ff0000;\">Novembro<\/span>, 2021 &#8211; A ArcelorMittal, que completa em dezembro deste ano 100 anos de atividades no Brasil no segmento de a\u00e7os longos, anuncia no \u00faltimo dia 11\/11\/2021 que investir\u00e1 R$ 4,3 bilh\u00f5es em sua opera\u00e7\u00e3o brasileira a partir de agora at\u00e9 2024. Os investimentos ser\u00e3o feitos na Usina de Monlevade, na cidade de Jo\u00e3o Monlevade, e na Mina de Serra Azul, em Itatiaiu\u00e7u, ambas em Minas Gerais.<\/p>\n<figure id=\"attachment_18022\" aria-describedby=\"caption-attachment-18022\" style=\"width: 300px\" class=\"wp-caption alignleft\"><img loading=\"lazy\" decoding=\"async\" class=\"size-medium wp-image-18022\" src=\"https:\/\/www.jornaldaconstrucaocivil.com.br\/wp-content\/uploads\/2021\/11\/Mina-de-Serra-Azul-da-ArcelorMittal-em-Itatiaiu\u2021u-MG.-NITRO-Hist\u00a2rias-Visuais-4-300x200.jpg\" alt=\"\" width=\"300\" height=\"200\" srcset=\"https:\/\/construcaocivil.siriusmarketingedesign.com.br\/wp-content\/uploads\/2021\/11\/Mina-de-Serra-Azul-da-ArcelorMittal-em-Itatiaiu\u2021u-MG.-NITRO-Hist\u00a2rias-Visuais-4-300x200.jpg 300w, https:\/\/construcaocivil.siriusmarketingedesign.com.br\/wp-content\/uploads\/2021\/11\/Mina-de-Serra-Azul-da-ArcelorMittal-em-Itatiaiu\u2021u-MG.-NITRO-Hist\u00a2rias-Visuais-4-1024x683.jpg 1024w, https:\/\/construcaocivil.siriusmarketingedesign.com.br\/wp-content\/uploads\/2021\/11\/Mina-de-Serra-Azul-da-ArcelorMittal-em-Itatiaiu\u2021u-MG.-NITRO-Hist\u00a2rias-Visuais-4-768x512.jpg 768w, https:\/\/construcaocivil.siriusmarketingedesign.com.br\/wp-content\/uploads\/2021\/11\/Mina-de-Serra-Azul-da-ArcelorMittal-em-Itatiaiu\u2021u-MG.-NITRO-Hist\u00a2rias-Visuais-4-1536x1024.jpg 1536w, https:\/\/construcaocivil.siriusmarketingedesign.com.br\/wp-content\/uploads\/2021\/11\/Mina-de-Serra-Azul-da-ArcelorMittal-em-Itatiaiu\u2021u-MG.-NITRO-Hist\u00a2rias-Visuais-4-2048x1365.jpg 2048w, https:\/\/construcaocivil.siriusmarketingedesign.com.br\/wp-content\/uploads\/2021\/11\/Mina-de-Serra-Azul-da-ArcelorMittal-em-Itatiaiu\u2021u-MG.-NITRO-Hist\u00a2rias-Visuais-4-450x300.jpg 450w\" sizes=\"auto, (max-width: 300px) 100vw, 300px\" \/><figcaption id=\"caption-attachment-18022\" class=\"wp-caption-text\">ArcelorMittal_Serra Azul. Itatiaucu &#8211; MG<br \/>Foto: Marcus Desimoni \/ NITRO<\/figcaption><\/figure>\n<p dir=\"ltr\">A Usina de Monlevade quase dobrar\u00e1 a capacidade produtiva, passando do atual 1,2 milh\u00e3o de toneladas\/ano de a\u00e7o bruto para 2,2 milh\u00f5es de toneladas\/ano em 2024. J\u00e1 a Mina de Serra Azul ter\u00e1 sua produ\u00e7\u00e3o praticamente triplicada, do atual 1,6 milh\u00e3o de toneladas\/ano para 4,5 milh\u00f5es de toneladas\/ano de min\u00e9rio de ferro.<\/p>\n<p dir=\"ltr\">O aporte refor\u00e7a o comprometimento da ArcelorMittal com Minas Gerais, com o Brasil e com as comunidades que abrigam suas opera\u00e7\u00f5es. O Estado, maior produtor de a\u00e7o e de min\u00e9rio de ferro do pa\u00eds, ter\u00e1 aumentada a produ\u00e7\u00e3o de a\u00e7o em cerca de um milh\u00e3o de toneladas\/ano para aplica\u00e7\u00e3o em produtos de alto valor agregado. J\u00e1 a produ\u00e7\u00e3o de min\u00e9rio de ferro ser\u00e1 aumentada em 4,9 milh\u00f5es de toneladas\/ano \u2013 considerando os 2,9 milh\u00f5es de toneladas de Serra Azul somados ao acr\u00e9scimo de 2 milh\u00f5es de toneladas da Mina do Andrade, localizada em Bela Vista de Minas, que abastece a Usina de Monlevade. As expans\u00f5es gerar\u00e3o equivalente eleva\u00e7\u00e3o da contribui\u00e7\u00e3o de impostos para munic\u00edpios, Estado e Uni\u00e3o.<\/p>\n<p dir=\"ltr\">A meta de aumento de produ\u00e7\u00e3o projeta tamb\u00e9m a abertura de novas vagas de empregos permanentes. Quando as plantas estiverem operando a plena capacidade, em 2024, ser\u00e3o 1.350 novos postos de trabalho a serem preenchidos preferencialmente pelos moradores das comunidades que abrigam as unidades. Do total de posi\u00e7\u00f5es, 650 novos trabalhadores ser\u00e3o contratados para a Usina de Monlevade e 330 para a Mina do Andrade, enquanto 370 novos profissionais ir\u00e3o atuar na Mina de Serra Azul.<\/p>\n<figure id=\"attachment_18023\" aria-describedby=\"caption-attachment-18023\" style=\"width: 300px\" class=\"wp-caption alignright\"><img loading=\"lazy\" decoding=\"async\" class=\"size-medium wp-image-18023\" src=\"https:\/\/www.jornaldaconstrucaocivil.com.br\/wp-content\/uploads\/2021\/11\/Arcellor-Metals-300x200.jpg\" alt=\"\" width=\"300\" height=\"200\" srcset=\"https:\/\/construcaocivil.siriusmarketingedesign.com.br\/wp-content\/uploads\/2021\/11\/Arcellor-Metals-300x200.jpg 300w, https:\/\/construcaocivil.siriusmarketingedesign.com.br\/wp-content\/uploads\/2021\/11\/Arcellor-Metals-1024x683.jpg 1024w, https:\/\/construcaocivil.siriusmarketingedesign.com.br\/wp-content\/uploads\/2021\/11\/Arcellor-Metals-768x512.jpg 768w, https:\/\/construcaocivil.siriusmarketingedesign.com.br\/wp-content\/uploads\/2021\/11\/Arcellor-Metals-450x300.jpg 450w, https:\/\/construcaocivil.siriusmarketingedesign.com.br\/wp-content\/uploads\/2021\/11\/Arcellor-Metals.jpg 1152w\" sizes=\"auto, (max-width: 300px) 100vw, 300px\" \/><figcaption id=\"caption-attachment-18023\" class=\"wp-caption-text\">Controle de Tarugos<br \/>Foto: NITRO Historias Visuais<\/figcaption><\/figure>\n<p dir=\"ltr\">As obras de amplia\u00e7\u00e3o da Usina de Monlevade e da Mina de Serra Azul tamb\u00e9m gerar\u00e3o empregos tempor\u00e1rios pelas construtoras e empresas terceirizadas contratadas. A previs\u00e3o \u00e9 que, no pico das obras, cinco mil pessoas estejam trabalhando em Monlevade e 2,5 mil em Serra Azul, totalizando 7,5 mil trabalhadores.<\/p>\n<p dir=\"ltr\"><strong>Perspectivas<\/strong><\/p>\n<p dir=\"ltr\">Os investimentos foram decididos por uma an\u00e1lise estrat\u00e9gica de neg\u00f3cios. A empresa est\u00e1 confiante no cen\u00e1rio a m\u00e9dio e longo prazo do pa\u00eds, apesar do entendimento de que o mercado brasileiro de 2021 est\u00e1 sendo at\u00edpico. A organiza\u00e7\u00e3o acredita no crescimento sustent\u00e1vel do Brasil e no aumento da demanda por a\u00e7o, especialmente em setores-chave da\u00a0economia\u00a0brasileira, como constru\u00e7\u00e3o civil, automotivo, m\u00e1quinas e equipamentos, e por min\u00e9rio de ferro, tanto no mercado interno quanto para exporta\u00e7\u00e3o para ambos os produtos.<\/p>\n<p dir=\"ltr\">&#8220;Estamos otimistas com a demanda futura por parte das ind\u00fastrias que trabalham com o nosso a\u00e7o. O an\u00fancio dos investimentos refor\u00e7a a confian\u00e7a do Grupo ArcelorMittal no futuro do Brasil e queremos continuar contribuindo fortemente, a partir de nossos neg\u00f3cios, para o desenvolvimento econ\u00f4mico e social do pa\u00eds&#8221;, destaca Jefferson De Paula, presidente da ArcelorMittal Brasil e CEO Longos LATAM e Minera\u00e7\u00e3o Brasil.<\/p>\n<p dir=\"ltr\"><strong>Usina de Monlevade<\/strong><\/p>\n<p dir=\"ltr\">A Usina de Monlevade \u00e9 a \u00fanica fabricante brasileira de a\u00e7o utilizado para a produ\u00e7\u00e3o de cordoalhas aplicadas na fabrica\u00e7\u00e3o de pneus (steelcord). Al\u00e9m disso, produz a\u00e7os longos com caracter\u00edsticas especiais para fabrica\u00e7\u00e3o de autope\u00e7as como barras para amortecedores, molas helicoidais, fixadores, l\u00e3 de a\u00e7o, cabos e soldas. Com a entrada em opera\u00e7\u00e3o de toda a linha, a Usina ser\u00e1 uma das maiores do pa\u00eds de a\u00e7os longos.<\/p>\n<p dir=\"ltr\">Ser\u00e3o implantados mais uma sinteriza\u00e7\u00e3o, um novo alto-forno e ser\u00e1 feita a duplica\u00e7\u00e3o da aciaria. O investimento tamb\u00e9m compreende amplia\u00e7\u00e3o dos sistemas log\u00edsticos de recep\u00e7\u00e3o de mat\u00e9rias-primas e expedi\u00e7\u00e3o. Essa nova fase de produ\u00e7\u00e3o alimentar\u00e1 o trem de lamina\u00e7\u00e3o de fio m\u00e1quina (TL3), que come\u00e7ar\u00e1 a operar em janeiro de 2022. Trata-se, portanto, de uma nova linha de produ\u00e7\u00e3o de a\u00e7o completa e integrada.<\/p>\n<p dir=\"ltr\">O projeto de expans\u00e3o da Usina de Monlevade tamb\u00e9m contempla investimentos para amplia\u00e7\u00e3o da produ\u00e7\u00e3o da Mina do Andrade, fornecedora de min\u00e9rio de ferro para a planta. A unidade est\u00e1 localizada a onze quil\u00f4metros da usina, na cidade vizinha Bela Vista de Minas. A mina mais que dobrar\u00e1 a produ\u00e7\u00e3o, do atual 1,5 milh\u00e3o de toneladas\/ano para 3,5 milh\u00f5es de toneladas\/ano. A unidade j\u00e1 possui capacidade instalada para atender \u00e0 demanda futura da Usina de Monlevade, portanto, n\u00e3o precisar\u00e1 de novas instala\u00e7\u00f5es industriais. Receber\u00e1 investimentos para aquisi\u00e7\u00e3o de equipamentos m\u00f3veis j\u00e1 contabilizados no montante a ser investido na Usina de Monlevade.<\/p>\n<p dir=\"ltr\"><strong>Serra Azul<\/strong><\/p>\n<p dir=\"ltr\">J\u00e1 em Serra Azul ser\u00e1 constru\u00edda uma nova planta de produ\u00e7\u00e3o de pellet feed (fino de min\u00e9rio de alto teor) que, al\u00e9m de aumentar a capacidade de produ\u00e7\u00e3o, estender\u00e1 a vida \u00fatil da mina em 33 anos, at\u00e9 2056.<\/p>\n<p dir=\"ltr\">A atual planta de beneficiamento do min\u00e9rio foi planejada para processar somente o chamado itabirito fri\u00e1vel, que \u00e9 um min\u00e9rio mais f\u00e1cil de ser britado, mo\u00eddo e concentrado. Esse min\u00e9rio se esgotar\u00e1 em 2023, quando ser\u00e1 feita a transi\u00e7\u00e3o da planta atual para a nova.<\/p>\n<p dir=\"ltr\">Essa unidade de produ\u00e7\u00e3o de pellet feed ser\u00e1 capaz de beneficiar o chamado itabirito compacto, que \u00e9 mais resistente, apresenta menor teor de ferro e exige t\u00e9cnicas especiais de beneficiamento e concentra\u00e7\u00e3o. O produto final ser\u00e1 um min\u00e9rio de ferro classificado como pellet feed, produto nobre, com alto teor de ferro.<\/p>\n<p dir=\"ltr\"><strong>100 anos de ArcelorMittal<\/strong><\/p>\n<p dir=\"ltr\">O an\u00fancio dos investimentos coincide com o anivers\u00e1rio de 100 anos do segmento de a\u00e7os longos da ArcelorMittal no Brasil, que teve sua hist\u00f3ria iniciada em dezembro de 1921, na Usina de Sabar\u00e1, a primeira usina integrada da Am\u00e9rica do Sul e pioneira na fabrica\u00e7\u00e3o de laminados com a\u00e7o 100% brasileiro.<\/p>\n<p dir=\"ltr\">&#8220;Temos uma trajet\u00f3ria no pa\u00eds marcada por pioneirismo e inova\u00e7\u00e3o. Neste ano do centen\u00e1rio, o segmento de Longos criou a Diretoria de Estrat\u00e9gia, ESG\u00a0e\u00a0Transforma\u00e7\u00e3o do Neg\u00f3cio, chamada de Diretoria do Futuro, com o intuito de direcionar a empresa para\u00a0os\u00a0pr\u00f3ximos cem anos de atua\u00e7\u00e3o, conectada com os principais desafios da sociedade. Com os p\u00e9s no ch\u00e3o e olhos no futuro, continuaremos fortalecendo a nossa presen\u00e7a no pa\u00eds e liderando as transforma\u00e7\u00f5es na ind\u00fastria e na sociedade visando um mundo melhor&#8221;, pontua De Paula.<\/p>\n<p dir=\"ltr\"><strong>Outros investimentos no Brasil<\/strong><\/p>\n<p dir=\"ltr\">Em abril deste ano, a ArcelorMittal anunciou a retomada da expans\u00e3o da unidade de Vega, em S\u00e3o Francisco do Sul (SC). O projeto contempla uma terceira linha de galvaniza\u00e7\u00e3o e uma nova linha de recozimento cont\u00ednuo, o Cold Mill Complex (CMC). O aporte para a expans\u00e3o \u00e9 da ordem de R$ 1,95 bilh\u00e3o, com conclus\u00e3o da obra prevista para o terceiro trimestre de 2023.<\/p>\n<p dir=\"ltr\">Em setembro, foram retomadas as opera\u00e7\u00f5es na Aciaria da unidade de Barra Mansa (RJ), que demandaram investimentos da ordem de R$ 19 milh\u00f5es para a manuten\u00e7\u00e3o e a reforma de equipamentos.<\/p>\n<p dir=\"ltr\">Confira mais informa\u00e7\u00f5es sobre o centen\u00e1rio neste link: <span style=\"color: #0000ff;\"><a style=\"color: #0000ff;\" href=\"https:\/\/na01.safelinks.protection.outlook.com\/?url=https%3A%2F%2F100anos.arcelormittal.com.br%2F&amp;data=04%7C01%7C%7Cc81a3d69e96c4efcb84808d9a523a0d9%7C84df9e7fe9f640afb435aaaaaaaaaaaa%7C1%7C0%7C637722394712183448%7CUnknown%7CTWFpbGZsb3d8eyJWIjoiMC4wLjAwMDAiLCJQIjoiV2luMzIiLCJBTiI6Ik1haWwiLCJXVCI6Mn0%3D%7C1000&amp;sdata=kruuTw1L7vrOa66W4spcfg5Y0V7ZOaVKldHM9EAoLeE%3D&amp;reserved=0\" target=\"_blank\" rel=\"noopener noreferrer\">https:\/\/100anos.arcelormittal.com.br\/<\/a>\u00a0<\/span><\/p>\n","protected":false},"excerpt":{"rendered":"<p>Novembro, 2021 &#8211; A ArcelorMittal, que completa em dezembro deste ano 100 anos de atividades no Brasil no segmento de a\u00e7os longos, anuncia no \u00faltimo dia 11\/11\/2021 que investir\u00e1 R$ 4,3 bilh\u00f5es em sua opera\u00e7\u00e3o brasileira a partir de agora at\u00e9 2024. Os investimentos ser\u00e3o feitos na Usina de Monlevade, na cidade de Jo\u00e3o Monlevade, [&hellip;]<\/p>\n","protected":false},"author":1,"featured_media":18019,"comment_status":"open","ping_status":"open","sticky":false,"template":"","format":"standard","meta":{"_uag_custom_page_level_css":"","footnotes":""},"categories":[33],"tags":[22634,431,22633,22632,22455,22631],"class_list":["post-18018","post","type-post","status-publish","format-standard","has-post-thumbnail","hentry","category-mercado","tag-650-novos-empregos","tag-acos-longos","tag-acos-para-construcao-civil","tag-arcelormittal-100-anos","tag-barra-mansa-rj","tag-mina-de-serra-azul"],"blocksy_meta":[],"spectra_blocks_featured_image_url":{"thumbnail":{"url":"https:\/\/construcaocivil.siriusmarketingedesign.com.br\/wp-content\/uploads\/2021\/11\/Jefferson-De-Paula-Presidente-da-ArcelorMittal-Brasil-e-CEO-da-ArcelorMittal-Longos-LATAM-e-Minera\u2021AEo-Brasil.-NITRO-Hist\u00a2rias-Visuais-150x150.jpg","width":150,"height":150},"medium":{"url":"https:\/\/construcaocivil.siriusmarketingedesign.com.br\/wp-content\/uploads\/2021\/11\/Jefferson-De-Paula-Presidente-da-ArcelorMittal-Brasil-e-CEO-da-ArcelorMittal-Longos-LATAM-e-Minera\u2021AEo-Brasil.-NITRO-Hist\u00a2rias-Visuais-200x300.jpg","width":200,"height":300},"medium_large":{"url":"https:\/\/construcaocivil.siriusmarketingedesign.com.br\/wp-content\/uploads\/2021\/11\/Jefferson-De-Paula-Presidente-da-ArcelorMittal-Brasil-e-CEO-da-ArcelorMittal-Longos-LATAM-e-Minera\u2021AEo-Brasil.-NITRO-Hist\u00a2rias-Visuais-768x1152.jpg","width":768,"height":1152},"large":{"url":"https:\/\/construcaocivil.siriusmarketingedesign.com.br\/wp-content\/uploads\/2021\/11\/Jefferson-De-Paula-Presidente-da-ArcelorMittal-Brasil-e-CEO-da-ArcelorMittal-Longos-LATAM-e-Minera\u2021AEo-Brasil.-NITRO-Hist\u00a2rias-Visuais-683x1024.jpg","width":683,"height":1024},"full":{"url":"https:\/\/construcaocivil.siriusmarketingedesign.com.br\/wp-content\/uploads\/2021\/11\/Jefferson-De-Paula-Presidente-da-ArcelorMittal-Brasil-e-CEO-da-ArcelorMittal-Longos-LATAM-e-Minera\u2021AEo-Brasil.-NITRO-Hist\u00a2rias-Visuais-scaled.jpg","width":1707,"height":2560}},"spectra_blocks_author_info":{"display_name":"Jornal da Constru\u00e7\u00e3o Civil","avatar_url":"https:\/\/secure.gravatar.com\/avatar\/973c9774fd44ddaceb026973c4962faa70fc512bc4c9da68e8ebb40fecee6540?s=96&d=mm&r=g","author_link":"https:\/\/construcaocivil.siriusmarketingedesign.com.br\/?author=1","description":"Desde de 2013, levando muitas informa\u00e7\u00f5es, lan\u00e7amentos e produtos de qualidade para toda cadeia produtiva da constru\u00e7\u00e3o. O Futuro da constru\u00e7\u00e3o passa por aqui,"},"uagb_featured_image_src":{"full":["https:\/\/construcaocivil.siriusmarketingedesign.com.br\/wp-content\/uploads\/2021\/11\/Jefferson-De-Paula-Presidente-da-ArcelorMittal-Brasil-e-CEO-da-ArcelorMittal-Longos-LATAM-e-Minera\u2021AEo-Brasil.-NITRO-Hist\u00a2rias-Visuais-scaled.jpg",1707,2560,false],"thumbnail":["https:\/\/construcaocivil.siriusmarketingedesign.com.br\/wp-content\/uploads\/2021\/11\/Jefferson-De-Paula-Presidente-da-ArcelorMittal-Brasil-e-CEO-da-ArcelorMittal-Longos-LATAM-e-Minera\u2021AEo-Brasil.-NITRO-Hist\u00a2rias-Visuais-150x150.jpg",150,150,true],"medium":["https:\/\/construcaocivil.siriusmarketingedesign.com.br\/wp-content\/uploads\/2021\/11\/Jefferson-De-Paula-Presidente-da-ArcelorMittal-Brasil-e-CEO-da-ArcelorMittal-Longos-LATAM-e-Minera\u2021AEo-Brasil.-NITRO-Hist\u00a2rias-Visuais-200x300.jpg",200,300,true],"medium_large":["https:\/\/construcaocivil.siriusmarketingedesign.com.br\/wp-content\/uploads\/2021\/11\/Jefferson-De-Paula-Presidente-da-ArcelorMittal-Brasil-e-CEO-da-ArcelorMittal-Longos-LATAM-e-Minera\u2021AEo-Brasil.-NITRO-Hist\u00a2rias-Visuais-768x1152.jpg",768,1152,true],"large":["https:\/\/construcaocivil.siriusmarketingedesign.com.br\/wp-content\/uploads\/2021\/11\/Jefferson-De-Paula-Presidente-da-ArcelorMittal-Brasil-e-CEO-da-ArcelorMittal-Longos-LATAM-e-Minera\u2021AEo-Brasil.-NITRO-Hist\u00a2rias-Visuais-683x1024.jpg",683,1024,true],"1536x1536":["https:\/\/construcaocivil.siriusmarketingedesign.com.br\/wp-content\/uploads\/2021\/11\/Jefferson-De-Paula-Presidente-da-ArcelorMittal-Brasil-e-CEO-da-ArcelorMittal-Longos-LATAM-e-Minera\u2021AEo-Brasil.-NITRO-Hist\u00a2rias-Visuais-1024x1536.jpg",1024,1536,true],"2048x2048":["https:\/\/construcaocivil.siriusmarketingedesign.com.br\/wp-content\/uploads\/2021\/11\/Jefferson-De-Paula-Presidente-da-ArcelorMittal-Brasil-e-CEO-da-ArcelorMittal-Longos-LATAM-e-Minera\u2021AEo-Brasil.-NITRO-Hist\u00a2rias-Visuais-1365x2048.jpg",1365,2048,true]},"uagb_author_info":{"display_name":"Jornal da Constru\u00e7\u00e3o Civil","author_link":"https:\/\/construcaocivil.siriusmarketingedesign.com.br\/?author=1"},"uagb_comment_info":0,"uagb_excerpt":"Novembro, 2021 &#8211; A ArcelorMittal, que completa em dezembro deste ano 100 anos de atividades no Brasil no segmento de a\u00e7os longos, anuncia no \u00faltimo dia 11\/11\/2021 que investir\u00e1 R$ 4,3 bilh\u00f5es em sua opera\u00e7\u00e3o brasileira a partir de agora at\u00e9 2024. Os investimentos ser\u00e3o feitos na Usina de Monlevade, na cidade de Jo\u00e3o Monlevade,&hellip;","_links":{"self":[{"href":"https:\/\/construcaocivil.siriusmarketingedesign.com.br\/index.php?rest_route=\/wp\/v2\/posts\/18018","targetHints":{"allow":["GET"]}}],"collection":[{"href":"https:\/\/construcaocivil.siriusmarketingedesign.com.br\/index.php?rest_route=\/wp\/v2\/posts"}],"about":[{"href":"https:\/\/construcaocivil.siriusmarketingedesign.com.br\/index.php?rest_route=\/wp\/v2\/types\/post"}],"author":[{"embeddable":true,"href":"https:\/\/construcaocivil.siriusmarketingedesign.com.br\/index.php?rest_route=\/wp\/v2\/users\/1"}],"replies":[{"embeddable":true,"href":"https:\/\/construcaocivil.siriusmarketingedesign.com.br\/index.php?rest_route=%2Fwp%2Fv2%2Fcomments&post=18018"}],"version-history":[{"count":0,"href":"https:\/\/construcaocivil.siriusmarketingedesign.com.br\/index.php?rest_route=\/wp\/v2\/posts\/18018\/revisions"}],"wp:featuredmedia":[{"embeddable":true,"href":"https:\/\/construcaocivil.siriusmarketingedesign.com.br\/index.php?rest_route=\/wp\/v2\/media\/18019"}],"wp:attachment":[{"href":"https:\/\/construcaocivil.siriusmarketingedesign.com.br\/index.php?rest_route=%2Fwp%2Fv2%2Fmedia&parent=18018"}],"wp:term":[{"taxonomy":"category","embeddable":true,"href":"https:\/\/construcaocivil.siriusmarketingedesign.com.br\/index.php?rest_route=%2Fwp%2Fv2%2Fcategories&post=18018"},{"taxonomy":"post_tag","embeddable":true,"href":"https:\/\/construcaocivil.siriusmarketingedesign.com.br\/index.php?rest_route=%2Fwp%2Fv2%2Ftags&post=18018"}],"curies":[{"name":"wp","href":"https:\/\/api.w.org\/{rel}","templated":true}]}}