{"id":18030,"date":"2021-11-16T17:07:08","date_gmt":"2021-11-16T20:07:08","guid":{"rendered":"https:\/\/www.jornaldaconstrucaocivil.com.br\/?p=18030"},"modified":"2021-11-16T17:07:08","modified_gmt":"2021-11-16T20:07:08","slug":"brasil-voltara-a-ser-uma-forca-positiva-no-mundo-diz-lula-no-parlamento-europeu","status":"publish","type":"post","link":"https:\/\/construcaocivil.siriusmarketingedesign.com.br\/?p=18030","title":{"rendered":"Brasil voltar\u00e1 a ser uma for\u00e7a positiva no mundo, diz Lula no Parlamento Europeu"},"content":{"rendered":"<p><span style=\"color: #ff0000;\">Novembro<\/span>, 2021 &#8211; Em discurso no Parlamento Europeu, durante a Confer\u00eancia de Alto N\u00edvel da Am\u00e9rica Latina, o ex-presidente Luiz In\u00e1cio Lula da Silva disse acreditar que a humanidade \u00e9 capaz de construir um mundo melhor e que \u00e9 poss\u00edvel transformar novamente o Brasil com pol\u00edticas de inclus\u00e3o social. A confer\u00eancia, promovida pelo bloco social democrata no Parlamento, foi realizada nesta segunda-feira (15), em Bruxelas.<\/p>\n<p>\u201cO Brasil voltar\u00e1 a ser uma for\u00e7a positiva no mundo. Voltaremos a ser criadores de pol\u00edticas p\u00fablicas capazes de mudar para melhor o nosso planeta. Acreditamos num mundo multipolar\u201d, disse o ex-presidente aos parlamentares e l\u00edderes europeus.<\/p>\n<p>Lula contou que aprendeu a ser otimista vendo, no Brasil, o quanto um povo \u00e9 capaz de construir, quando existe for\u00e7a de vontade e gera\u00e7\u00e3o de oportunidades. Para ele, o Brasil tem jeito apesar do projeto de destrui\u00e7\u00e3o colocado em pr\u00e1tica por extremistas de direita. \u201cAonde quer que eu v\u00e1, fa\u00e7o quest\u00e3o de dizer: o Brasil tem jeito, porque ele \u00e9 muito maior do que qualquer um que tente destru\u00ed-lo\u201d, afirmou Lula, que foi aplaudido de p\u00e9, ap\u00f3s discursar.<\/p>\n<p>Em sua fala, Lula colocou em paralelo dois pa\u00edses totalmente diferentes: o Brasil de um governo progressista, que tirou o pa\u00eds do Mapa da Fome da ONU, gerou mais 20 milh\u00f5es de emprego, multiplicou as oportunidades na Educa\u00e7\u00e3o, cumpria metas de crescimento com sustentabilidade e inspirava o mundo com pol\u00edticas p\u00fablicas inovadoras; e, de outro lado, o Brasil atual, de desmonte das pol\u00edticas sociais, aus\u00eancia do Estado, promovendo mis\u00e9ria, fome e desesperan\u00e7a. \u201cN\u00e3o \u00e9 poss\u00edvel sermos felizes em meio a tamanha desigualdade\u201d, afirmou.<\/p>\n<p>O ex-presidente lembrou que cerca de 116 milh\u00f5es de brasileiros vivem hoje em situa\u00e7\u00e3o de inseguran\u00e7a alimentar e cerca de 19 milh\u00f5es, quase duas vezes a popula\u00e7\u00e3o da B\u00e9lgica, chegam a passar um dia inteiro sem ter o que comer, apesar de o Brasil ser o terceiro maior produtor mundial de alimentos.<\/p>\n<p>Lula tamb\u00e9m lembrou que as popula\u00e7\u00f5es negras e ind\u00edgenas sofrem ataques constantes, enquanto avan\u00e7a a destrui\u00e7\u00e3o do meio ambiente. \u201cSei que o Brasil tem jeito porque num passado muito recente n\u00f3s fomos capazes de reconstruir e transformar o pa\u00eds, e temos plena capacidade de reconstru\u00ed-lo outra vez\u201d.<\/p>\n<p>O ex-presidente disse que uma das maiores alegrias que teve foi percorrer o mundo, a convite dos mais diferentes pa\u00edses, para falar dos extraordin\u00e1rios avan\u00e7os econ\u00f4micos e sociais em seu governo. O\u00a0 Brasil ocupou o posto de 6\u00aa maior economia mundial e era um exemplo para o mundo de como superar a extrema pobreza com total respeito \u00e0 democracia, em um curto espa\u00e7o de tempo.<\/p>\n<p>\u201cVoc\u00eas podem, portanto, imaginar o quanto d\u00f3i participar de grandes eventos internacionais como este e ter que declarar o quanto o Brasil andou para tr\u00e1s desde o golpe de 2016 contra a presidenta Dilma Rousseff e a chegada da extrema direita ao poder\u201d, afirmou Lula.<\/p>\n<p>Para Lula, felizmente a \u201cera de trevas\u201d, que marcou ascens\u00e3o de governos de extrema direita ao poder em v\u00e1rios cantos do mundo, est\u00e1 chegando ao fim.<\/p>\n<p>O ex-presidente lembrou que partidos e candidatos progressistas v\u00eam conquistando importantes vit\u00f3rias em v\u00e1rios pa\u00edses, o que deve ocorrer tamb\u00e9m no Brasil. Ele se disse otimista para as elei\u00e7\u00f5es do pr\u00f3ximo ano, quando o PT ter\u00e1 candidato \u00e0 presid\u00eancia.<\/p>\n<p>Lula disse que o Brasil poder\u00e1 voltar a ter uma pol\u00edtica externa altiva e ativa. \u201cN\u00e3o queremos uma Am\u00e9rica Latina voltada exclusivamente para o agroneg\u00f3cio e a minera\u00e7\u00e3o. Temos total capacidade de sermos tamb\u00e9m pa\u00edses industrializados, tecnologicamente avan\u00e7ados\u201d, disse.<\/p>\n<p>O ex-presidente chamou aten\u00e7\u00e3o para o potencial e os compromissos do pa\u00eds na quest\u00e3o ambiental. Ele lembrou que a produ\u00e7\u00e3o de alimentos n\u00e3o precisa desmatar a Amaz\u00f4nia e disse que as atividades criminosas dos que destroem o meio ambiente devem ser punidas.<\/p>\n<p>\u201cO povo brasileiro n\u00e3o quer que essa destrui\u00e7\u00e3o continue. Os brasileiros querem a Amaz\u00f4nia viva e de p\u00e9. E para isso, \u00e9 necess\u00e1rio construir alternativas sociais e de desenvolvimento, com ci\u00eancia, tecnologia e o protagonismo e respeito aos povos que vivem na floresta, seus saberes e sua cultura\u201d.<\/p>\n<p><b>A trag\u00e9dia da pandemia no Brasil<\/b><\/p>\n<p>Ao falar da pandemia, Lula lamentou as mais de 610 mil mortes, muitas delas evit\u00e1veis, caso houvesse por parte do atual governo o interesse em combater com seriedade o coronav\u00edrus. \u201cN\u00e3o chegamos a essa tr\u00e1gica estat\u00edstica por alguma fatalidade, e sim pela atitude criminosa do atual governo\u201d, afirmou<\/p>\n<p>\u201cO Brasil vive hoje uma trag\u00e9dia social, econ\u00f4mica, ambiental e sanit\u00e1ria sem precedentes. Temos 2,7 por cento da popula\u00e7\u00e3o mundial. No entanto, respondemos por 12 por cento das mortes por Covid registradas no mundo\u201d, completou .<\/p>\n<p>Ao citar os erros do governo na condu\u00e7\u00e3o da pandemia, Lula lembrou que o atual presidente ironizou a gravidade da doen\u00e7a, zombou dos mortos, atrasou a compra das vacinas, fez propaganda enganosa e distribuiu medicamentos comprovadamente ineficazes contra o v\u00edrus, deixou faltar oxig\u00eanio em hospitais, incentivou aglomera\u00e7\u00f5es e ajudou a espalhar fake news contra as vacinas.<\/p>\n<p>Leia a\u00a0<span style=\"color: #0000ff;\">\u00edntegra do discurso\u00a0<\/span>e veja a participa\u00e7\u00e3o de Lula na Reuni\u00e3o de Alto N\u00edvel da Am\u00e9rica Latina no Parlamento Europeu:<\/p>\n<p>Fonte:<span style=\"color: #0000ff;\"><strong><span style=\"text-decoration: underline;\"><a style=\"color: #0000ff; text-decoration: underline;\" href=\"http:\/\/lula.com.br\"> lula.com.br<\/a><\/span><\/strong><\/span><\/p>\n","protected":false},"excerpt":{"rendered":"<p>Novembro, 2021 &#8211; Em discurso no Parlamento Europeu, durante a Confer\u00eancia de Alto N\u00edvel da Am\u00e9rica Latina, o ex-presidente Luiz In\u00e1cio Lula da Silva disse acreditar que a humanidade \u00e9 capaz de construir um mundo melhor e que \u00e9 poss\u00edvel transformar novamente o Brasil com pol\u00edticas de inclus\u00e3o social. A confer\u00eancia, promovida pelo bloco social [&hellip;]<\/p>\n","protected":false},"author":1,"featured_media":18031,"comment_status":"open","ping_status":"open","sticky":false,"template":"","format":"standard","meta":{"_uag_custom_page_level_css":"","footnotes":""},"categories":[33],"tags":[19678,22640,22641,20578,22639,22638,22642],"class_list":["post-18030","post","type-post","status-publish","format-standard","has-post-thumbnail","hentry","category-mercado","tag-14-milhoes-de-desempregados","tag-comercio-brasil-x-franca","tag-economia-na-america-latina","tag-eleicoes-2022","tag-lula-em-paris","tag-lula-no-parlamento-europeu","tag-pib-brasil-economia"],"blocksy_meta":[],"spectra_blocks_featured_image_url":{"thumbnail":{"url":"https:\/\/construcaocivil.siriusmarketingedesign.com.br\/wp-content\/uploads\/2021\/11\/LULA-EUROPA-150x150.jpeg","width":150,"height":150},"medium":{"url":"https:\/\/construcaocivil.siriusmarketingedesign.com.br\/wp-content\/uploads\/2021\/11\/LULA-EUROPA-300x169.jpeg","width":300,"height":169},"medium_large":{"url":"https:\/\/construcaocivil.siriusmarketingedesign.com.br\/wp-content\/uploads\/2021\/11\/LULA-EUROPA.jpeg","width":753,"height":424},"large":{"url":"https:\/\/construcaocivil.siriusmarketingedesign.com.br\/wp-content\/uploads\/2021\/11\/LULA-EUROPA.jpeg","width":753,"height":424},"full":{"url":"https:\/\/construcaocivil.siriusmarketingedesign.com.br\/wp-content\/uploads\/2021\/11\/LULA-EUROPA.jpeg","width":753,"height":424}},"spectra_blocks_author_info":{"display_name":"Jornal da Constru\u00e7\u00e3o Civil","avatar_url":"https:\/\/secure.gravatar.com\/avatar\/973c9774fd44ddaceb026973c4962faa70fc512bc4c9da68e8ebb40fecee6540?s=96&d=mm&r=g","author_link":"https:\/\/construcaocivil.siriusmarketingedesign.com.br\/?author=1","description":"Desde de 2013, levando muitas informa\u00e7\u00f5es, lan\u00e7amentos e produtos de qualidade para toda cadeia produtiva da constru\u00e7\u00e3o. O Futuro da constru\u00e7\u00e3o passa por aqui,"},"uagb_featured_image_src":{"full":["https:\/\/construcaocivil.siriusmarketingedesign.com.br\/wp-content\/uploads\/2021\/11\/LULA-EUROPA.jpeg",753,424,false],"thumbnail":["https:\/\/construcaocivil.siriusmarketingedesign.com.br\/wp-content\/uploads\/2021\/11\/LULA-EUROPA-150x150.jpeg",150,150,true],"medium":["https:\/\/construcaocivil.siriusmarketingedesign.com.br\/wp-content\/uploads\/2021\/11\/LULA-EUROPA-300x169.jpeg",300,169,true],"medium_large":["https:\/\/construcaocivil.siriusmarketingedesign.com.br\/wp-content\/uploads\/2021\/11\/LULA-EUROPA.jpeg",753,424,false],"large":["https:\/\/construcaocivil.siriusmarketingedesign.com.br\/wp-content\/uploads\/2021\/11\/LULA-EUROPA.jpeg",753,424,false],"1536x1536":["https:\/\/construcaocivil.siriusmarketingedesign.com.br\/wp-content\/uploads\/2021\/11\/LULA-EUROPA.jpeg",753,424,false],"2048x2048":["https:\/\/construcaocivil.siriusmarketingedesign.com.br\/wp-content\/uploads\/2021\/11\/LULA-EUROPA.jpeg",753,424,false]},"uagb_author_info":{"display_name":"Jornal da Constru\u00e7\u00e3o Civil","author_link":"https:\/\/construcaocivil.siriusmarketingedesign.com.br\/?author=1"},"uagb_comment_info":0,"uagb_excerpt":"Novembro, 2021 &#8211; Em discurso no Parlamento Europeu, durante a Confer\u00eancia de Alto N\u00edvel da Am\u00e9rica Latina, o ex-presidente Luiz In\u00e1cio Lula da Silva disse acreditar que a humanidade \u00e9 capaz de construir um mundo melhor e que \u00e9 poss\u00edvel transformar novamente o Brasil com pol\u00edticas de inclus\u00e3o social. A confer\u00eancia, promovida pelo bloco social&hellip;","_links":{"self":[{"href":"https:\/\/construcaocivil.siriusmarketingedesign.com.br\/index.php?rest_route=\/wp\/v2\/posts\/18030","targetHints":{"allow":["GET"]}}],"collection":[{"href":"https:\/\/construcaocivil.siriusmarketingedesign.com.br\/index.php?rest_route=\/wp\/v2\/posts"}],"about":[{"href":"https:\/\/construcaocivil.siriusmarketingedesign.com.br\/index.php?rest_route=\/wp\/v2\/types\/post"}],"author":[{"embeddable":true,"href":"https:\/\/construcaocivil.siriusmarketingedesign.com.br\/index.php?rest_route=\/wp\/v2\/users\/1"}],"replies":[{"embeddable":true,"href":"https:\/\/construcaocivil.siriusmarketingedesign.com.br\/index.php?rest_route=%2Fwp%2Fv2%2Fcomments&post=18030"}],"version-history":[{"count":0,"href":"https:\/\/construcaocivil.siriusmarketingedesign.com.br\/index.php?rest_route=\/wp\/v2\/posts\/18030\/revisions"}],"wp:featuredmedia":[{"embeddable":true,"href":"https:\/\/construcaocivil.siriusmarketingedesign.com.br\/index.php?rest_route=\/wp\/v2\/media\/18031"}],"wp:attachment":[{"href":"https:\/\/construcaocivil.siriusmarketingedesign.com.br\/index.php?rest_route=%2Fwp%2Fv2%2Fmedia&parent=18030"}],"wp:term":[{"taxonomy":"category","embeddable":true,"href":"https:\/\/construcaocivil.siriusmarketingedesign.com.br\/index.php?rest_route=%2Fwp%2Fv2%2Fcategories&post=18030"},{"taxonomy":"post_tag","embeddable":true,"href":"https:\/\/construcaocivil.siriusmarketingedesign.com.br\/index.php?rest_route=%2Fwp%2Fv2%2Ftags&post=18030"}],"curies":[{"name":"wp","href":"https:\/\/api.w.org\/{rel}","templated":true}]}}