{"id":18046,"date":"2021-11-18T00:55:08","date_gmt":"2021-11-18T03:55:08","guid":{"rendered":"https:\/\/www.jornaldaconstrucaocivil.com.br\/?p=18046"},"modified":"2021-11-18T00:55:08","modified_gmt":"2021-11-18T03:55:08","slug":"grupo-manchester-participa-de-evento-da-ademi-rj-e-sinduscon-rio","status":"publish","type":"post","link":"https:\/\/construcaocivil.siriusmarketingedesign.com.br\/?p=18046","title":{"rendered":"Grupo Manchester participa de evento da Ademi RJ e Sinduscon Rio"},"content":{"rendered":"<p><span style=\"color: #ff0000;\">Novembro<\/span>, 2021 &#8211; No pr\u00f3ximo dia 19 de novembro, sexta-feira, o Grupo Manchester, participa, na qualidade de patrocinador, da solenidade de final de ano da Associa\u00e7\u00e3o de Dirigentes de Empresas do Mercado Imobili\u00e1rio do Rio de Janeiro (ADEMI-RJ) em parceria com o Sindicato da Ind\u00fastria da Constru\u00e7\u00e3o Civil no Estado do Rio de Janeiro (Sinduscon-Rio). O encontro, que tem in\u00edcio \u00e0s 09h, ser\u00e1 realizado no Hotel Fairmont de Copacabana, na zona sul carioca.<\/p>\n<p>O evento ter\u00e1 a participa\u00e7\u00e3o das mais expressivas empresas do setor de constru\u00e7\u00e3o civil e mercado imobili\u00e1rio do Rio de Janeiro, promovendo o interc\u00e2mbio de experi\u00eancias e informa\u00e7\u00f5es entre os empres\u00e1rios do setor, de autoridades do governo e figuras de destaque na sociedade, al\u00e9m de contar com dois pain\u00e9is de palestras, sendo um t\u00e9cnico e o outro sobre as grandes transforma\u00e7\u00f5es que a cidade do Rio de Janeiro est\u00e1 passando.<\/p>\n<p>Refer\u00eancia no Brasil no ramo do a\u00e7o no Brasil, o Grupo Manchester atua h\u00e1 mais de tr\u00eas d\u00e9cadas no segmento de ferro e a\u00e7o, nas \u00e1reas de processamento, distribui\u00e7\u00e3o, servi\u00e7os e cercamento. Atualmente possui 6 unidades, localizadas em Xer\u00e9m, Juiz de Fora, Volta Redonda e Tr\u00eas Rios.<span style=\"color: #888888;\"><br clear=\"all\" \/><\/span><\/p>\n<div><\/div>\n","protected":false},"excerpt":{"rendered":"<p>Novembro, 2021 &#8211; No pr\u00f3ximo dia 19 de novembro, sexta-feira, o Grupo Manchester, participa, na qualidade de patrocinador, da solenidade de final de ano da Associa\u00e7\u00e3o de Dirigentes de Empresas do Mercado Imobili\u00e1rio do Rio de Janeiro (ADEMI-RJ) em parceria com o Sindicato da Ind\u00fastria da Constru\u00e7\u00e3o Civil no Estado do Rio de Janeiro (Sinduscon-Rio). [&hellip;]<\/p>\n","protected":false},"author":1,"featured_media":18047,"comment_status":"open","ping_status":"open","sticky":false,"template":"","format":"standard","meta":{"_uag_custom_page_level_css":"","footnotes":""},"categories":[27],"tags":[22654,22653,22651,7563,22655,10375,11165,22652],"class_list":["post-18046","post","type-post","status-publish","format-standard","has-post-thumbnail","hentry","category-acontece","tag-construcao-e-novos-negocios","tag-ferro-e-aco","tag-grupo-manchester","tag-mercado-imobiliario","tag-preco-do-ferro-e-aco","tag-rio-de-janeiro","tag-sinduscon-rj","tag-vendas-de-aco-para-construcao"],"blocksy_meta":[],"spectra_blocks_featured_image_url":{"thumbnail":{"url":"https:\/\/construcaocivil.siriusmarketingedesign.com.br\/wp-content\/uploads\/2021\/11\/Manchester-Fachada-OK-150x150.jpg","width":150,"height":150},"medium":{"url":"https:\/\/construcaocivil.siriusmarketingedesign.com.br\/wp-content\/uploads\/2021\/11\/Manchester-Fachada-OK-300x225.jpg","width":300,"height":225},"medium_large":{"url":"https:\/\/construcaocivil.siriusmarketingedesign.com.br\/wp-content\/uploads\/2021\/11\/Manchester-Fachada-OK.jpg","width":653,"height":490},"large":{"url":"https:\/\/construcaocivil.siriusmarketingedesign.com.br\/wp-content\/uploads\/2021\/11\/Manchester-Fachada-OK.jpg","width":653,"height":490},"full":{"url":"https:\/\/construcaocivil.siriusmarketingedesign.com.br\/wp-content\/uploads\/2021\/11\/Manchester-Fachada-OK.jpg","width":653,"height":490}},"spectra_blocks_author_info":{"display_name":"Jornal da Constru\u00e7\u00e3o Civil","avatar_url":"https:\/\/secure.gravatar.com\/avatar\/973c9774fd44ddaceb026973c4962faa70fc512bc4c9da68e8ebb40fecee6540?s=96&d=mm&r=g","author_link":"https:\/\/construcaocivil.siriusmarketingedesign.com.br\/?author=1","description":"Desde de 2013, levando muitas informa\u00e7\u00f5es, lan\u00e7amentos e produtos de qualidade para toda cadeia produtiva da constru\u00e7\u00e3o. O Futuro da constru\u00e7\u00e3o passa por aqui,"},"uagb_featured_image_src":{"full":["https:\/\/construcaocivil.siriusmarketingedesign.com.br\/wp-content\/uploads\/2021\/11\/Manchester-Fachada-OK.jpg",653,490,false],"thumbnail":["https:\/\/construcaocivil.siriusmarketingedesign.com.br\/wp-content\/uploads\/2021\/11\/Manchester-Fachada-OK-150x150.jpg",150,150,true],"medium":["https:\/\/construcaocivil.siriusmarketingedesign.com.br\/wp-content\/uploads\/2021\/11\/Manchester-Fachada-OK-300x225.jpg",300,225,true],"medium_large":["https:\/\/construcaocivil.siriusmarketingedesign.com.br\/wp-content\/uploads\/2021\/11\/Manchester-Fachada-OK.jpg",653,490,false],"large":["https:\/\/construcaocivil.siriusmarketingedesign.com.br\/wp-content\/uploads\/2021\/11\/Manchester-Fachada-OK.jpg",653,490,false],"1536x1536":["https:\/\/construcaocivil.siriusmarketingedesign.com.br\/wp-content\/uploads\/2021\/11\/Manchester-Fachada-OK.jpg",653,490,false],"2048x2048":["https:\/\/construcaocivil.siriusmarketingedesign.com.br\/wp-content\/uploads\/2021\/11\/Manchester-Fachada-OK.jpg",653,490,false]},"uagb_author_info":{"display_name":"Jornal da Constru\u00e7\u00e3o Civil","author_link":"https:\/\/construcaocivil.siriusmarketingedesign.com.br\/?author=1"},"uagb_comment_info":0,"uagb_excerpt":"Novembro, 2021 &#8211; No pr\u00f3ximo dia 19 de novembro, sexta-feira, o Grupo Manchester, participa, na qualidade de patrocinador, da solenidade de final de ano da Associa\u00e7\u00e3o de Dirigentes de Empresas do Mercado Imobili\u00e1rio do Rio de Janeiro (ADEMI-RJ) em parceria com o Sindicato da Ind\u00fastria da Constru\u00e7\u00e3o Civil no Estado do Rio de Janeiro (Sinduscon-Rio).&hellip;","_links":{"self":[{"href":"https:\/\/construcaocivil.siriusmarketingedesign.com.br\/index.php?rest_route=\/wp\/v2\/posts\/18046","targetHints":{"allow":["GET"]}}],"collection":[{"href":"https:\/\/construcaocivil.siriusmarketingedesign.com.br\/index.php?rest_route=\/wp\/v2\/posts"}],"about":[{"href":"https:\/\/construcaocivil.siriusmarketingedesign.com.br\/index.php?rest_route=\/wp\/v2\/types\/post"}],"author":[{"embeddable":true,"href":"https:\/\/construcaocivil.siriusmarketingedesign.com.br\/index.php?rest_route=\/wp\/v2\/users\/1"}],"replies":[{"embeddable":true,"href":"https:\/\/construcaocivil.siriusmarketingedesign.com.br\/index.php?rest_route=%2Fwp%2Fv2%2Fcomments&post=18046"}],"version-history":[{"count":0,"href":"https:\/\/construcaocivil.siriusmarketingedesign.com.br\/index.php?rest_route=\/wp\/v2\/posts\/18046\/revisions"}],"wp:featuredmedia":[{"embeddable":true,"href":"https:\/\/construcaocivil.siriusmarketingedesign.com.br\/index.php?rest_route=\/wp\/v2\/media\/18047"}],"wp:attachment":[{"href":"https:\/\/construcaocivil.siriusmarketingedesign.com.br\/index.php?rest_route=%2Fwp%2Fv2%2Fmedia&parent=18046"}],"wp:term":[{"taxonomy":"category","embeddable":true,"href":"https:\/\/construcaocivil.siriusmarketingedesign.com.br\/index.php?rest_route=%2Fwp%2Fv2%2Fcategories&post=18046"},{"taxonomy":"post_tag","embeddable":true,"href":"https:\/\/construcaocivil.siriusmarketingedesign.com.br\/index.php?rest_route=%2Fwp%2Fv2%2Ftags&post=18046"}],"curies":[{"name":"wp","href":"https:\/\/api.w.org\/{rel}","templated":true}]}}