{"id":18056,"date":"2021-11-19T11:36:42","date_gmt":"2021-11-19T14:36:42","guid":{"rendered":"https:\/\/www.jornaldaconstrucaocivil.com.br\/?p=18056"},"modified":"2021-11-19T11:40:52","modified_gmt":"2021-11-19T14:40:52","slug":"parcerias-fortalecidas-em-paris-lula-e-recebido-por-macron-presidente-da-franca","status":"publish","type":"post","link":"https:\/\/construcaocivil.siriusmarketingedesign.com.br\/?p=18056","title":{"rendered":"Parcerias fortalecidas em Paris: Lula \u00e9 recebido por Macron, presidente da Fran\u00e7a"},"content":{"rendered":"<p>O ex-presidente Luiz In\u00e1cio Lula da Silva foi recebido, da quarta-feira (17), pelo presidente da Fran\u00e7a, Emmanuel Macron. O encontro, no Pal\u00e1cio do Eliseu, sede do governo franc\u00eas, durou 1h15min.<\/p>\n<p>Lula e o presidente franc\u00eas conversaram sobre as rela\u00e7\u00f5es internacionais da Fran\u00e7a com o Brasil e a Am\u00e9rica Latina. Dialogaram sobre a crise mundial e as transi\u00e7\u00f5es globais para enfrentar os desafios da preserva\u00e7\u00e3o ambiental, gera\u00e7\u00e3o de empregos, redu\u00e7\u00e3o das desigualdades e prote\u00e7\u00e3o ambiental.<\/p>\n<p>A quest\u00e3o do financiamento da chamada transi\u00e7\u00e3o ecol\u00f3gica dos pa\u00edses em desenvolvimento \u00e9 uma preocupa\u00e7\u00e3o m\u00fatua.<\/p>\n<p>Macron expressou um reconhecimento da import\u00e2ncia do Brasil no mundo e desejo de rela\u00e7\u00f5es mais fortes entre o o pa\u00eds e a Fran\u00e7a.<\/p>\n<p>Fonte: <a href=\"http:\/\/lula.com.br\"><span style=\"text-decoration: underline;\"><span style=\"color: #0000ff; text-decoration: underline;\">lula.com.br<\/span><\/span><\/a><\/p>\n<p>&nbsp;<\/p>\n","protected":false},"excerpt":{"rendered":"<p>O ex-presidente Luiz In\u00e1cio Lula da Silva foi recebido, da quarta-feira (17), pelo presidente da Fran\u00e7a, Emmanuel Macron. O encontro, no Pal\u00e1cio do Eliseu, sede do governo franc\u00eas, durou 1h15min. Lula e o presidente franc\u00eas conversaram sobre as rela\u00e7\u00f5es internacionais da Fran\u00e7a com o Brasil e a Am\u00e9rica Latina. Dialogaram sobre a crise mundial e [&hellip;]<\/p>\n","protected":false},"author":1,"featured_media":18069,"comment_status":"open","ping_status":"open","sticky":false,"template":"","format":"standard","meta":{"_uag_custom_page_level_css":"","footnotes":""},"categories":[27],"tags":[22640,22675,20578,4288,22673,22626,22674,7438],"class_list":["post-18056","post","type-post","status-publish","format-standard","has-post-thumbnail","hentry","category-acontece","tag-comercio-brasil-x-franca","tag-efeito-climaticos","tag-eleicoes-2022","tag-energia","tag-franca-x-brasil-energia-e-infraestrutura","tag-lideres-europeus-apoiam-lula","tag-lula-e-emanuel-macron","tag-meio-ambiente"],"blocksy_meta":[],"spectra_blocks_featured_image_url":{"thumbnail":{"url":"https:\/\/construcaocivil.siriusmarketingedesign.com.br\/wp-content\/uploads\/2021\/11\/LULA-e-MACRON-150x150.jpg","width":150,"height":150},"medium":{"url":"https:\/\/construcaocivil.siriusmarketingedesign.com.br\/wp-content\/uploads\/2021\/11\/LULA-e-MACRON-300x205.jpg","width":300,"height":205},"medium_large":{"url":"https:\/\/construcaocivil.siriusmarketingedesign.com.br\/wp-content\/uploads\/2021\/11\/LULA-e-MACRON.jpg","width":680,"height":464},"large":{"url":"https:\/\/construcaocivil.siriusmarketingedesign.com.br\/wp-content\/uploads\/2021\/11\/LULA-e-MACRON.jpg","width":680,"height":464},"full":{"url":"https:\/\/construcaocivil.siriusmarketingedesign.com.br\/wp-content\/uploads\/2021\/11\/LULA-e-MACRON.jpg","width":680,"height":464}},"spectra_blocks_author_info":{"display_name":"Jornal da Constru\u00e7\u00e3o Civil","avatar_url":"https:\/\/secure.gravatar.com\/avatar\/973c9774fd44ddaceb026973c4962faa70fc512bc4c9da68e8ebb40fecee6540?s=96&d=mm&r=g","author_link":"https:\/\/construcaocivil.siriusmarketingedesign.com.br\/?author=1","description":"Desde de 2013, levando muitas informa\u00e7\u00f5es, lan\u00e7amentos e produtos de qualidade para toda cadeia produtiva da constru\u00e7\u00e3o. O Futuro da constru\u00e7\u00e3o passa por aqui,"},"uagb_featured_image_src":{"full":["https:\/\/construcaocivil.siriusmarketingedesign.com.br\/wp-content\/uploads\/2021\/11\/LULA-e-MACRON.jpg",680,464,false],"thumbnail":["https:\/\/construcaocivil.siriusmarketingedesign.com.br\/wp-content\/uploads\/2021\/11\/LULA-e-MACRON-150x150.jpg",150,150,true],"medium":["https:\/\/construcaocivil.siriusmarketingedesign.com.br\/wp-content\/uploads\/2021\/11\/LULA-e-MACRON-300x205.jpg",300,205,true],"medium_large":["https:\/\/construcaocivil.siriusmarketingedesign.com.br\/wp-content\/uploads\/2021\/11\/LULA-e-MACRON.jpg",680,464,false],"large":["https:\/\/construcaocivil.siriusmarketingedesign.com.br\/wp-content\/uploads\/2021\/11\/LULA-e-MACRON.jpg",680,464,false],"1536x1536":["https:\/\/construcaocivil.siriusmarketingedesign.com.br\/wp-content\/uploads\/2021\/11\/LULA-e-MACRON.jpg",680,464,false],"2048x2048":["https:\/\/construcaocivil.siriusmarketingedesign.com.br\/wp-content\/uploads\/2021\/11\/LULA-e-MACRON.jpg",680,464,false]},"uagb_author_info":{"display_name":"Jornal da Constru\u00e7\u00e3o Civil","author_link":"https:\/\/construcaocivil.siriusmarketingedesign.com.br\/?author=1"},"uagb_comment_info":0,"uagb_excerpt":"O ex-presidente Luiz In\u00e1cio Lula da Silva foi recebido, da quarta-feira (17), pelo presidente da Fran\u00e7a, Emmanuel Macron. O encontro, no Pal\u00e1cio do Eliseu, sede do governo franc\u00eas, durou 1h15min. Lula e o presidente franc\u00eas conversaram sobre as rela\u00e7\u00f5es internacionais da Fran\u00e7a com o Brasil e a Am\u00e9rica Latina. Dialogaram sobre a crise mundial e&hellip;","_links":{"self":[{"href":"https:\/\/construcaocivil.siriusmarketingedesign.com.br\/index.php?rest_route=\/wp\/v2\/posts\/18056","targetHints":{"allow":["GET"]}}],"collection":[{"href":"https:\/\/construcaocivil.siriusmarketingedesign.com.br\/index.php?rest_route=\/wp\/v2\/posts"}],"about":[{"href":"https:\/\/construcaocivil.siriusmarketingedesign.com.br\/index.php?rest_route=\/wp\/v2\/types\/post"}],"author":[{"embeddable":true,"href":"https:\/\/construcaocivil.siriusmarketingedesign.com.br\/index.php?rest_route=\/wp\/v2\/users\/1"}],"replies":[{"embeddable":true,"href":"https:\/\/construcaocivil.siriusmarketingedesign.com.br\/index.php?rest_route=%2Fwp%2Fv2%2Fcomments&post=18056"}],"version-history":[{"count":0,"href":"https:\/\/construcaocivil.siriusmarketingedesign.com.br\/index.php?rest_route=\/wp\/v2\/posts\/18056\/revisions"}],"wp:featuredmedia":[{"embeddable":true,"href":"https:\/\/construcaocivil.siriusmarketingedesign.com.br\/index.php?rest_route=\/wp\/v2\/media\/18069"}],"wp:attachment":[{"href":"https:\/\/construcaocivil.siriusmarketingedesign.com.br\/index.php?rest_route=%2Fwp%2Fv2%2Fmedia&parent=18056"}],"wp:term":[{"taxonomy":"category","embeddable":true,"href":"https:\/\/construcaocivil.siriusmarketingedesign.com.br\/index.php?rest_route=%2Fwp%2Fv2%2Fcategories&post=18056"},{"taxonomy":"post_tag","embeddable":true,"href":"https:\/\/construcaocivil.siriusmarketingedesign.com.br\/index.php?rest_route=%2Fwp%2Fv2%2Ftags&post=18056"}],"curies":[{"name":"wp","href":"https:\/\/api.w.org\/{rel}","templated":true}]}}