{"id":18062,"date":"2021-11-18T22:36:53","date_gmt":"2021-11-19T01:36:53","guid":{"rendered":"https:\/\/www.jornaldaconstrucaocivil.com.br\/?p=18062"},"modified":"2021-11-18T22:36:53","modified_gmt":"2021-11-19T01:36:53","slug":"nota-presidente-do-crea-rj-fala-sobre-desabamento-de-casa-no-morro-do-salgueiro","status":"publish","type":"post","link":"https:\/\/construcaocivil.siriusmarketingedesign.com.br\/?p=18062","title":{"rendered":"NOTA- Presidente do Crea-RJ fala sobre desabamento de casa no Morro do Salgueiro"},"content":{"rendered":"<p style=\"text-align: justify;\"><span style=\"color: #ff0000;\">Rio, novembro, 2021<\/span> &#8211; O presidente do CREA-RJ, Luiz Antonio Cosenza, lamenta que mais uma vez tenha ocorrido um desabamento de pr\u00e9dio &#8211; agora uma casa em constru\u00e7\u00e3o na comunidade do Salgueiro -, por causa da falta de um profissional habilitado na obra. Cosenza prop\u00f5e um conv\u00eanio entre o CREA-RJ e a Prefeitura do Rio a fim de evitar que novas trag\u00e9dias, como essa, se repitam.<\/p>\n<p><iframe loading=\"lazy\" title=\"Presidente do Crea-RJ fala sobre desabamento de casa no Morro do Salgueiro\" width=\"1290\" height=\"726\" src=\"https:\/\/www.youtube.com\/embed\/u3Z96TXDq0E?feature=oembed\" frameborder=\"0\" allow=\"accelerometer; autoplay; clipboard-write; encrypted-media; gyroscope; picture-in-picture; web-share\" referrerpolicy=\"strict-origin-when-cross-origin\" allowfullscreen><\/iframe><\/p>\n","protected":false},"excerpt":{"rendered":"<p>Rio, novembro, 2021 &#8211; O presidente do CREA-RJ, Luiz Antonio Cosenza, lamenta que mais uma vez tenha ocorrido um desabamento de pr\u00e9dio &#8211; agora uma casa em constru\u00e7\u00e3o na comunidade do Salgueiro -, por causa da falta de um profissional habilitado na obra. Cosenza prop\u00f5e um conv\u00eanio entre o CREA-RJ e a Prefeitura do Rio [&hellip;]<\/p>\n","protected":false},"author":1,"featured_media":18064,"comment_status":"open","ping_status":"open","sticky":false,"template":"","format":"standard","meta":{"_uag_custom_page_level_css":"","footnotes":""},"categories":[31,12594],"tags":[22669,21300,3143,22666,22665,22667,22668],"class_list":["post-18062","post","type-post","status-publish","format-standard","has-post-thumbnail","hentry","category-infraestrutura","category-tv-da-construcao-civil","tag-acidentes-com-obras-irregulares","tag-construcoes-irregulares","tag-crea-rj","tag-habitacoes-profissional-tecnico-especializado","tag-morro-do-salgueiro-rj","tag-rio-das-pedras","tag-vitimas-e-1-morto"],"blocksy_meta":[],"spectra_blocks_featured_image_url":{"thumbnail":{"url":"https:\/\/construcaocivil.siriusmarketingedesign.com.br\/wp-content\/uploads\/2021\/11\/VOZ-DAS-COMUNIDADES-150x150.jpeg","width":150,"height":150},"medium":{"url":"https:\/\/construcaocivil.siriusmarketingedesign.com.br\/wp-content\/uploads\/2021\/11\/VOZ-DAS-COMUNIDADES-300x165.jpeg","width":300,"height":165},"medium_large":{"url":"https:\/\/construcaocivil.siriusmarketingedesign.com.br\/wp-content\/uploads\/2021\/11\/VOZ-DAS-COMUNIDADES-768x423.jpeg","width":768,"height":423},"large":{"url":"https:\/\/construcaocivil.siriusmarketingedesign.com.br\/wp-content\/uploads\/2021\/11\/VOZ-DAS-COMUNIDADES-1024x564.jpeg","width":1024,"height":564},"full":{"url":"https:\/\/construcaocivil.siriusmarketingedesign.com.br\/wp-content\/uploads\/2021\/11\/VOZ-DAS-COMUNIDADES.jpeg","width":1599,"height":880}},"spectra_blocks_author_info":{"display_name":"Jornal da Constru\u00e7\u00e3o Civil","avatar_url":"https:\/\/secure.gravatar.com\/avatar\/973c9774fd44ddaceb026973c4962faa70fc512bc4c9da68e8ebb40fecee6540?s=96&d=mm&r=g","author_link":"https:\/\/construcaocivil.siriusmarketingedesign.com.br\/?author=1","description":"Desde de 2013, levando muitas informa\u00e7\u00f5es, lan\u00e7amentos e produtos de qualidade para toda cadeia produtiva da constru\u00e7\u00e3o. O Futuro da constru\u00e7\u00e3o passa por aqui,"},"uagb_featured_image_src":{"full":["https:\/\/construcaocivil.siriusmarketingedesign.com.br\/wp-content\/uploads\/2021\/11\/VOZ-DAS-COMUNIDADES.jpeg",1599,880,false],"thumbnail":["https:\/\/construcaocivil.siriusmarketingedesign.com.br\/wp-content\/uploads\/2021\/11\/VOZ-DAS-COMUNIDADES-150x150.jpeg",150,150,true],"medium":["https:\/\/construcaocivil.siriusmarketingedesign.com.br\/wp-content\/uploads\/2021\/11\/VOZ-DAS-COMUNIDADES-300x165.jpeg",300,165,true],"medium_large":["https:\/\/construcaocivil.siriusmarketingedesign.com.br\/wp-content\/uploads\/2021\/11\/VOZ-DAS-COMUNIDADES-768x423.jpeg",768,423,true],"large":["https:\/\/construcaocivil.siriusmarketingedesign.com.br\/wp-content\/uploads\/2021\/11\/VOZ-DAS-COMUNIDADES-1024x564.jpeg",1024,564,true],"1536x1536":["https:\/\/construcaocivil.siriusmarketingedesign.com.br\/wp-content\/uploads\/2021\/11\/VOZ-DAS-COMUNIDADES-1536x845.jpeg",1536,845,true],"2048x2048":["https:\/\/construcaocivil.siriusmarketingedesign.com.br\/wp-content\/uploads\/2021\/11\/VOZ-DAS-COMUNIDADES.jpeg",1599,880,false]},"uagb_author_info":{"display_name":"Jornal da Constru\u00e7\u00e3o Civil","author_link":"https:\/\/construcaocivil.siriusmarketingedesign.com.br\/?author=1"},"uagb_comment_info":0,"uagb_excerpt":"Rio, novembro, 2021 &#8211; O presidente do CREA-RJ, Luiz Antonio Cosenza, lamenta que mais uma vez tenha ocorrido um desabamento de pr\u00e9dio &#8211; agora uma casa em constru\u00e7\u00e3o na comunidade do Salgueiro -, por causa da falta de um profissional habilitado na obra. Cosenza prop\u00f5e um conv\u00eanio entre o CREA-RJ e a Prefeitura do Rio&hellip;","_links":{"self":[{"href":"https:\/\/construcaocivil.siriusmarketingedesign.com.br\/index.php?rest_route=\/wp\/v2\/posts\/18062","targetHints":{"allow":["GET"]}}],"collection":[{"href":"https:\/\/construcaocivil.siriusmarketingedesign.com.br\/index.php?rest_route=\/wp\/v2\/posts"}],"about":[{"href":"https:\/\/construcaocivil.siriusmarketingedesign.com.br\/index.php?rest_route=\/wp\/v2\/types\/post"}],"author":[{"embeddable":true,"href":"https:\/\/construcaocivil.siriusmarketingedesign.com.br\/index.php?rest_route=\/wp\/v2\/users\/1"}],"replies":[{"embeddable":true,"href":"https:\/\/construcaocivil.siriusmarketingedesign.com.br\/index.php?rest_route=%2Fwp%2Fv2%2Fcomments&post=18062"}],"version-history":[{"count":0,"href":"https:\/\/construcaocivil.siriusmarketingedesign.com.br\/index.php?rest_route=\/wp\/v2\/posts\/18062\/revisions"}],"wp:featuredmedia":[{"embeddable":true,"href":"https:\/\/construcaocivil.siriusmarketingedesign.com.br\/index.php?rest_route=\/wp\/v2\/media\/18064"}],"wp:attachment":[{"href":"https:\/\/construcaocivil.siriusmarketingedesign.com.br\/index.php?rest_route=%2Fwp%2Fv2%2Fmedia&parent=18062"}],"wp:term":[{"taxonomy":"category","embeddable":true,"href":"https:\/\/construcaocivil.siriusmarketingedesign.com.br\/index.php?rest_route=%2Fwp%2Fv2%2Fcategories&post=18062"},{"taxonomy":"post_tag","embeddable":true,"href":"https:\/\/construcaocivil.siriusmarketingedesign.com.br\/index.php?rest_route=%2Fwp%2Fv2%2Ftags&post=18062"}],"curies":[{"name":"wp","href":"https:\/\/api.w.org\/{rel}","templated":true}]}}