{"id":18073,"date":"2021-11-19T14:17:09","date_gmt":"2021-11-19T17:17:09","guid":{"rendered":"https:\/\/www.jornaldaconstrucaocivil.com.br\/?p=18073"},"modified":"2021-11-19T16:00:43","modified_gmt":"2021-11-19T19:00:43","slug":"consciencia-negra-id_br-acredita-que-brasil-avancou-20-anos-na-agenda-racial-no-ultimo-ano-mesmo-com-uma-longa-jornada-pela-frente","status":"publish","type":"post","link":"https:\/\/construcaocivil.siriusmarketingedesign.com.br\/?p=18073","title":{"rendered":"Consci\u00eancia Negra: ID_BR acredita que Brasil avan\u00e7ou 20 anos na agenda racial no \u00faltimo ano, mesmo com uma longa jornada pela frente"},"content":{"rendered":"<p style=\"text-align: justify;\"><span style=\"color: #ff0000;\">Novembro, 2021<\/span> &#8211; Neste s\u00e1bado, 20\/11, dia da Consci\u00eancia Negra, o ID_BR (Instituto Identidades do Brasil) &#8211; que tem como miss\u00e3o acelerar a igualdade racial no Brasil &#8211; nota um avan\u00e7o na agenda racial no pa\u00eds, mesmo com uma jornada enorme ainda pela frente. Com 39 empresas dentro do selo \u201cSim \u00e0 Igualdade Racial\u2019, a institui\u00e7\u00e3o acredita que o Brasil avan\u00e7ou 20 anos na agenda racial entre 2020 e 2021 ap\u00f3s o epis\u00f3dio de George Floyd, nos Estados Unidos que marcou o mundo.<\/p>\n<p style=\"text-align: justify;\">Fundado em 2016, o ID_BR surgiu atrav\u00e9s de uma ideia de Luana G\u00e9not, hoje, sua Diretora-Executiva. Depois de uma participa\u00e7\u00e3o na Confer\u00eancia Mundial da Juventude da ONU, no Sri Lanka, Luana teve certeza que gostaria de criar um modelo de neg\u00f3cio que estimulasse a diversidade \u00e9tnico-racial no mundo corporativo. O ID_BR nasce com a miss\u00e3o de promover a acelera\u00e7\u00e3o da igualdade no pa\u00eds, com foco no mercado de trabalho.<\/p>\n<p style=\"text-align: justify;\">Hoje, a institui\u00e7\u00e3o \u00e9 dividida em tr\u00eas pilares de atua\u00e7\u00e3o: empregabilidade, educa\u00e7\u00e3o e engajamento. E todos atuam juntos como um ecossistema para criar culturas corporativas antirracistas que tenham planos de a\u00e7\u00e3o com prazo e investimento para este fim, al\u00e9m de estimular o di\u00e1logo e engajar as pessoas de modo geral com a pauta<\/p>\n<p style=\"text-align: justify;\">Com todo este empenho, o instituto j\u00e1 consegue ver o pa\u00eds caminhando na luta pela igualdade racial. Tom Mendes, diretor financeiro administrativo do ID_BR, acredita que a conscientiza\u00e7\u00e3o e a\u00e7\u00f5es de 2020 e 2021 fizeram com que o Brasil avan\u00e7asse duas d\u00e9cadas na agenda racial. \u201cDo ano passado para c\u00e1 a gente teve um acr\u00e9scimo gigantesco, mas principalmente nas grandes empresas. Infelizmente, pequenas e m\u00e9dias n\u00e3o t\u00eam feito muitas coisas. Mas as grandes empresas, grandes nomes do mercado, t\u00eam feito coisas interessantes, criando \u00e1reas espec\u00edficas para tratar da tem\u00e1tica racial, grupos de afinidade e realizado alguns investimentos\u201d, explica.<\/p>\n<p style=\"text-align: justify;\">\u201cHoje, o ID_BR tem 39 empresas no Selo \u201cSim \u00e0 Igualdade Racial\u201d e 90% dessas empresas s\u00e3o gigantes. A gente tem Coca-Cola, Nubank, Mondelez, C6 Bank, BRF, Disney, entre v\u00e1rias outras. \u00c9 importante salientar isso e refor\u00e7ar o lugar das grandes empresas na luta racial. Todas as empresas que entram no selo, entram no n\u00edvel de compromisso, depois v\u00e3o para engajamento e influ\u00eancia. O nosso grande objetivo \u00e9 que essas grandes empresas todas estejam em influ\u00eancia e consigam influenciar toda sua cadeira, inclusive fornecedores que s\u00e3o empresas de m\u00e9dio e pequeno porte. Mas isso \u00e9 para o futuro\u201d, completa.<\/p>\n<p style=\"text-align: justify;\">O selo \u201c<strong>Sim \u00e0 Igualdade Racial\u201d<\/strong>\u00a0\u00e9 uma ferramenta que ajuda organiza\u00e7\u00f5es a enxergarem quais pr\u00e1ticas s\u00e3o necess\u00e1rias para a promo\u00e7\u00e3o da igualdade racial de forma efetiva. Cada resposta vale pontos e, a partir dos pontos, a empresa pode simular em qual n\u00edvel est\u00e1: Compromisso, Engajamento ou Influ\u00eancia. A promo\u00e7\u00e3o da igualdade racial pode agregar valor para a organiza\u00e7\u00e3o, colaboradores e stakeholders.<\/p>\n<p style=\"text-align: justify;\">Al\u00e9m do selo, o ID_BR oferece um programa de capacita\u00e7\u00e3o para lideran\u00e7as negras e ind\u00edgenas, cursos de letramento racial e produz o F\u00f3rum Sim \u00e0 igualdade racial, evento com pain\u00e9is tem\u00e1ticos, Or\u00e1culos \u2013 talks inspiracionais sobre o tema. \u00a0Outra iniciativa do Instituto \u00e9 o Pr\u00eamio Sim \u00e0 igualdade racial, que reconhece e premia os principais nomes de pessoas, empresas, iniciativas e organiza\u00e7\u00f5es que atuam em prol da Igualdade Racial no pa\u00eds nas \u00e1reas de empregabilidade, educa\u00e7\u00e3o e cultura.<\/p>\n<p>Acesse o site <a href=\"http:\/\/www.simaiguadaderacial.com.br\"><span style=\"text-decoration: underline;\"><strong><span style=\"color: #0000ff; text-decoration: underline;\">www.simaiguadaderacial.com.br<\/span><\/strong><\/span><\/a><\/p>\n","protected":false},"excerpt":{"rendered":"<p>Novembro, 2021 &#8211; Neste s\u00e1bado, 20\/11, dia da Consci\u00eancia Negra, o ID_BR (Instituto Identidades do Brasil) &#8211; que tem como miss\u00e3o acelerar a igualdade racial no Brasil &#8211; nota um avan\u00e7o na agenda racial no pa\u00eds, mesmo com uma jornada enorme ainda pela frente. Com 39 empresas dentro do selo \u201cSim \u00e0 Igualdade Racial\u2019, a [&hellip;]<\/p>\n","protected":false},"author":1,"featured_media":18074,"comment_status":"open","ping_status":"open","sticky":false,"template":"","format":"standard","meta":{"_uag_custom_page_level_css":"","footnotes":""},"categories":[27],"tags":[22681,22677,22676,22680,8482,9882,22679,22678],"class_list":["post-18073","post","type-post","status-publish","format-standard","has-post-thumbnail","hentry","category-acontece","tag-sim-a-igualdade-racial","tag-ibge-negros-sao-os-mais-prejudicados","tag-id_br","tag-instituto-identidades-do-brasil-id_br","tag-oportunidades-de-emprego","tag-racismo-nas-empresas","tag-racismo-no-setor-de-justica","tag-renda-mensal-e-menor-dos-negros"],"blocksy_meta":[],"spectra_blocks_featured_image_url":{"thumbnail":{"url":"https:\/\/construcaocivil.siriusmarketingedesign.com.br\/wp-content\/uploads\/2021\/11\/LUANA-150x150.jpeg","width":150,"height":150},"medium":{"url":"https:\/\/construcaocivil.siriusmarketingedesign.com.br\/wp-content\/uploads\/2021\/11\/LUANA-300x200.jpeg","width":300,"height":200},"medium_large":{"url":"https:\/\/construcaocivil.siriusmarketingedesign.com.br\/wp-content\/uploads\/2021\/11\/LUANA-768x513.jpeg","width":768,"height":513},"large":{"url":"https:\/\/construcaocivil.siriusmarketingedesign.com.br\/wp-content\/uploads\/2021\/11\/LUANA-1024x684.jpeg","width":1024,"height":684},"full":{"url":"https:\/\/construcaocivil.siriusmarketingedesign.com.br\/wp-content\/uploads\/2021\/11\/LUANA.jpeg","width":1140,"height":761}},"spectra_blocks_author_info":{"display_name":"Jornal da Constru\u00e7\u00e3o Civil","avatar_url":"https:\/\/secure.gravatar.com\/avatar\/973c9774fd44ddaceb026973c4962faa70fc512bc4c9da68e8ebb40fecee6540?s=96&d=mm&r=g","author_link":"https:\/\/construcaocivil.siriusmarketingedesign.com.br\/?author=1","description":"Desde de 2013, levando muitas informa\u00e7\u00f5es, lan\u00e7amentos e produtos de qualidade para toda cadeia produtiva da constru\u00e7\u00e3o. O Futuro da constru\u00e7\u00e3o passa por aqui,"},"uagb_featured_image_src":{"full":["https:\/\/construcaocivil.siriusmarketingedesign.com.br\/wp-content\/uploads\/2021\/11\/LUANA.jpeg",1140,761,false],"thumbnail":["https:\/\/construcaocivil.siriusmarketingedesign.com.br\/wp-content\/uploads\/2021\/11\/LUANA-150x150.jpeg",150,150,true],"medium":["https:\/\/construcaocivil.siriusmarketingedesign.com.br\/wp-content\/uploads\/2021\/11\/LUANA-300x200.jpeg",300,200,true],"medium_large":["https:\/\/construcaocivil.siriusmarketingedesign.com.br\/wp-content\/uploads\/2021\/11\/LUANA-768x513.jpeg",768,513,true],"large":["https:\/\/construcaocivil.siriusmarketingedesign.com.br\/wp-content\/uploads\/2021\/11\/LUANA-1024x684.jpeg",1024,684,true],"1536x1536":["https:\/\/construcaocivil.siriusmarketingedesign.com.br\/wp-content\/uploads\/2021\/11\/LUANA.jpeg",1140,761,false],"2048x2048":["https:\/\/construcaocivil.siriusmarketingedesign.com.br\/wp-content\/uploads\/2021\/11\/LUANA.jpeg",1140,761,false]},"uagb_author_info":{"display_name":"Jornal da Constru\u00e7\u00e3o Civil","author_link":"https:\/\/construcaocivil.siriusmarketingedesign.com.br\/?author=1"},"uagb_comment_info":0,"uagb_excerpt":"Novembro, 2021 &#8211; Neste s\u00e1bado, 20\/11, dia da Consci\u00eancia Negra, o ID_BR (Instituto Identidades do Brasil) &#8211; que tem como miss\u00e3o acelerar a igualdade racial no Brasil &#8211; nota um avan\u00e7o na agenda racial no pa\u00eds, mesmo com uma jornada enorme ainda pela frente. Com 39 empresas dentro do selo \u201cSim \u00e0 Igualdade Racial\u2019, a&hellip;","_links":{"self":[{"href":"https:\/\/construcaocivil.siriusmarketingedesign.com.br\/index.php?rest_route=\/wp\/v2\/posts\/18073","targetHints":{"allow":["GET"]}}],"collection":[{"href":"https:\/\/construcaocivil.siriusmarketingedesign.com.br\/index.php?rest_route=\/wp\/v2\/posts"}],"about":[{"href":"https:\/\/construcaocivil.siriusmarketingedesign.com.br\/index.php?rest_route=\/wp\/v2\/types\/post"}],"author":[{"embeddable":true,"href":"https:\/\/construcaocivil.siriusmarketingedesign.com.br\/index.php?rest_route=\/wp\/v2\/users\/1"}],"replies":[{"embeddable":true,"href":"https:\/\/construcaocivil.siriusmarketingedesign.com.br\/index.php?rest_route=%2Fwp%2Fv2%2Fcomments&post=18073"}],"version-history":[{"count":0,"href":"https:\/\/construcaocivil.siriusmarketingedesign.com.br\/index.php?rest_route=\/wp\/v2\/posts\/18073\/revisions"}],"wp:featuredmedia":[{"embeddable":true,"href":"https:\/\/construcaocivil.siriusmarketingedesign.com.br\/index.php?rest_route=\/wp\/v2\/media\/18074"}],"wp:attachment":[{"href":"https:\/\/construcaocivil.siriusmarketingedesign.com.br\/index.php?rest_route=%2Fwp%2Fv2%2Fmedia&parent=18073"}],"wp:term":[{"taxonomy":"category","embeddable":true,"href":"https:\/\/construcaocivil.siriusmarketingedesign.com.br\/index.php?rest_route=%2Fwp%2Fv2%2Fcategories&post=18073"},{"taxonomy":"post_tag","embeddable":true,"href":"https:\/\/construcaocivil.siriusmarketingedesign.com.br\/index.php?rest_route=%2Fwp%2Fv2%2Ftags&post=18073"}],"curies":[{"name":"wp","href":"https:\/\/api.w.org\/{rel}","templated":true}]}}