{"id":18076,"date":"2021-11-19T16:45:10","date_gmt":"2021-11-19T19:45:10","guid":{"rendered":"https:\/\/www.jornaldaconstrucaocivil.com.br\/?p=18076"},"modified":"2021-11-19T16:45:10","modified_gmt":"2021-11-19T19:45:10","slug":"black-friday-com-cuidado-irregularidade-em-fios-eletricos-e-alvo-de-acao","status":"publish","type":"post","link":"https:\/\/construcaocivil.siriusmarketingedesign.com.br\/?p=18076","title":{"rendered":"Black Friday com cuidado: Irregularidade em fios el\u00e9tricos \u00e9 alvo de a\u00e7\u00e3o"},"content":{"rendered":"<div>\n<div id=\"content\">\n<p><em>Comunica\u00e7\u00e3o ALES<\/em><\/p>\n<p><span style=\"color: #0000ff;\">Novembro<\/span>, 2021 &#8211; O propriet\u00e1rio de uma f\u00e1brica de fios e condutores el\u00e9tricos, instalada em Boa Vista II, no munic\u00edpio da Serra, foi preso na manh\u00e3 da ter\u00e7a-feira (10) pela Delegacia de Defesa do Consumidor da Pol\u00edcia Civil do Esp\u00edrito Santo (PCES), em opera\u00e7\u00e3o integrada pela Comiss\u00e3o de Defesa do Consumidor da Assembleia Legislativa (Ales) e Instituto de Pesos e Medidas (Ipem-ES). A opera\u00e7\u00e3o, denominada \u201cEl\u00e9tron\u201d, tamb\u00e9m resultou na interdi\u00e7\u00e3o da f\u00e1brica.<\/p>\n<p>Conforme laudo do Ipem, a f\u00e1brica produzia e comercializava fios condutores el\u00e9tricos fora dos padr\u00f5es. A ordem judicial da pris\u00e3o foi expedida pela Justi\u00e7a da Serra, a pedido do Minist\u00e9rio P\u00fablico do Esp\u00edrito Santo (MPES), em raz\u00e3o de o empres\u00e1rio ser considerado reincidente na infra\u00e7\u00e3o. Em 2019 ele foi preso pelo mesmo motivo, mas pagou fian\u00e7a de R$ 100 mil e estava respondendo ao processo em liberdade.<\/p>\n<p><span style=\"color: #0000ff;\"><a style=\"color: #0000ff;\" href=\"https:\/\/www.flickr.com\/photos\/assembleialegislativaes\/51369182722\/in\/album-72157719716389880\/\" target=\"_blank\" rel=\"noopener\">Confira mais fotos da coletiva de imprensa<\/a><\/span><\/p>\n<p>Em coletiva de imprensa concedida no in\u00edcio da tarde desta ter\u00e7a na Ales, o titular da Delegacia Especializada Defesa do Consumidor, delegado Eduardo Passamani, disse que a investiga\u00e7\u00e3o teve in\u00edcio depois de den\u00fancias de superaquecimento da fia\u00e7\u00e3o e aumento do consumo de energia el\u00e9trica. Em alguns casos, o fato ocorreu ap\u00f3s o consumidor ter\u00a0acabado de trocar a fia\u00e7\u00e3o da resid\u00eancia.<\/p>\n<p>O deputado Vandinho Leite (PSDB), presidente da Comiss\u00e3o de Defesa do Consumidor e do Contribuinte, apresentou na entrevista coletiva uma embalagem com o rolo de fios da fabricante,\u00a0apreendida na opera\u00e7\u00e3o.<\/p>\n<p>\u201cA comiss\u00e3o de Defesa do Consumidor prima pela transpar\u00eancia. A primeira coisa que vou fazer \u00e9 apresentar a marca do fio, se chama Luzzano. Os funcion\u00e1rios mesmo relataram que tem clientes reclamando de inc\u00eandios. S\u00e3o escolas, creches, igrejas, construtoras, condom\u00ednios\u201d, relatou Vandinho.<\/p>\n<p>O empres\u00e1rio, que n\u00e3o teve o nome divulgado, foi encaminhado para o Centro de Triagem de Viana. Entre as irregularidades, de acordo com informa\u00e7\u00f5es relatadas na entrevista, est\u00e1 a fabrica\u00e7\u00e3o dos produtos com baixo \u00edndice de cobre, tornando a fia\u00e7\u00e3o com menor condutividade e levando ao superaquecimento.<\/p>\n<p>Passamani disse que a investiga\u00e7\u00e3o continua e a f\u00e1brica segue interditada. O alvo agora s\u00e3o os revendedores e distribuidores para averiguar se eles tinham conhecimento da fraude. \u201cQuando voc\u00ea compra um bem com valor muito menor, voc\u00ea tem que desconfiar. \u00c9 a regra. Aquilo ali pode estar sendo il\u00edcito. Vamos verificar as empresas que compraram e estavam revendendo, se elas foram v\u00edtimas ou tinha alguma coniv\u00eancia\u201d, explicou o delegado.<\/p>\n<p>Conforme informa\u00e7\u00f5es disponibilizadas no site da empresa, a f\u00e1brica produz os seguintes produtos: Cabo Flex 750V, Cabo Flex\u00edvel Nax 0,6\/\/\/1KV, Cord\u00e3o Flex\u00edvel Paralelo 300V. As mercadorias s\u00e3o distribu\u00eddas para pelo menos 10 estados brasileiros e para todo o Esp\u00edrito Santo.<\/p>\n<div>\n<div>\n<p class=\"fonte-assinatura-noticia\"><em>\u00a0Aldo Aldesco, com edi\u00e7\u00e3o de Nicolle Exp\u00f3sito<\/em><\/p>\n<\/div>\n<\/div>\n<p>Fonte: <span style=\"text-decoration: underline;\"><a href=\"http:\/\/al.es.gov.br\"><span style=\"color: #0000ff; text-decoration: underline;\">al.es.gov.br<\/span><\/a><\/span><\/p>\n<\/div>\n<\/div>\n","protected":false},"excerpt":{"rendered":"<p>Comunica\u00e7\u00e3o ALES Novembro, 2021 &#8211; O propriet\u00e1rio de uma f\u00e1brica de fios e condutores el\u00e9tricos, instalada em Boa Vista II, no munic\u00edpio da Serra, foi preso na manh\u00e3 da ter\u00e7a-feira (10) pela Delegacia de Defesa do Consumidor da Pol\u00edcia Civil do Esp\u00edrito Santo (PCES), em opera\u00e7\u00e3o integrada pela Comiss\u00e3o de Defesa do Consumidor da Assembleia [&hellip;]<\/p>\n","protected":false},"author":1,"featured_media":18077,"comment_status":"open","ping_status":"open","sticky":false,"template":"","format":"standard","meta":{"_uag_custom_page_level_css":"","footnotes":""},"categories":[27],"tags":[22683,18138,2963,4476,22682,7019,22148],"class_list":["post-18076","post","type-post","status-publish","format-standard","has-post-thumbnail","hentry","category-acontece","tag-ales","tag-black-friday-material-de-construcao","tag-construtoras","tag-escolas","tag-fraudes-fios-eletricos","tag-lojistas","tag-serra-es"],"blocksy_meta":[],"spectra_blocks_featured_image_url":{"thumbnail":{"url":"https:\/\/construcaocivil.siriusmarketingedesign.com.br\/wp-content\/uploads\/2021\/11\/FIOS-ELETRICOS-150x150.jpg","width":150,"height":150},"medium":{"url":"https:\/\/construcaocivil.siriusmarketingedesign.com.br\/wp-content\/uploads\/2021\/11\/FIOS-ELETRICOS-300x200.jpg","width":300,"height":200},"medium_large":{"url":"https:\/\/construcaocivil.siriusmarketingedesign.com.br\/wp-content\/uploads\/2021\/11\/FIOS-ELETRICOS-768x512.jpg","width":768,"height":512},"large":{"url":"https:\/\/construcaocivil.siriusmarketingedesign.com.br\/wp-content\/uploads\/2021\/11\/FIOS-ELETRICOS-1024x683.jpg","width":1024,"height":683},"full":{"url":"https:\/\/construcaocivil.siriusmarketingedesign.com.br\/wp-content\/uploads\/2021\/11\/FIOS-ELETRICOS.jpg","width":1200,"height":800}},"spectra_blocks_author_info":{"display_name":"Jornal da Constru\u00e7\u00e3o Civil","avatar_url":"https:\/\/secure.gravatar.com\/avatar\/973c9774fd44ddaceb026973c4962faa70fc512bc4c9da68e8ebb40fecee6540?s=96&d=mm&r=g","author_link":"https:\/\/construcaocivil.siriusmarketingedesign.com.br\/?author=1","description":"Desde de 2013, levando muitas informa\u00e7\u00f5es, lan\u00e7amentos e produtos de qualidade para toda cadeia produtiva da constru\u00e7\u00e3o. O Futuro da constru\u00e7\u00e3o passa por aqui,"},"uagb_featured_image_src":{"full":["https:\/\/construcaocivil.siriusmarketingedesign.com.br\/wp-content\/uploads\/2021\/11\/FIOS-ELETRICOS.jpg",1200,800,false],"thumbnail":["https:\/\/construcaocivil.siriusmarketingedesign.com.br\/wp-content\/uploads\/2021\/11\/FIOS-ELETRICOS-150x150.jpg",150,150,true],"medium":["https:\/\/construcaocivil.siriusmarketingedesign.com.br\/wp-content\/uploads\/2021\/11\/FIOS-ELETRICOS-300x200.jpg",300,200,true],"medium_large":["https:\/\/construcaocivil.siriusmarketingedesign.com.br\/wp-content\/uploads\/2021\/11\/FIOS-ELETRICOS-768x512.jpg",768,512,true],"large":["https:\/\/construcaocivil.siriusmarketingedesign.com.br\/wp-content\/uploads\/2021\/11\/FIOS-ELETRICOS-1024x683.jpg",1024,683,true],"1536x1536":["https:\/\/construcaocivil.siriusmarketingedesign.com.br\/wp-content\/uploads\/2021\/11\/FIOS-ELETRICOS.jpg",1200,800,false],"2048x2048":["https:\/\/construcaocivil.siriusmarketingedesign.com.br\/wp-content\/uploads\/2021\/11\/FIOS-ELETRICOS.jpg",1200,800,false]},"uagb_author_info":{"display_name":"Jornal da Constru\u00e7\u00e3o Civil","author_link":"https:\/\/construcaocivil.siriusmarketingedesign.com.br\/?author=1"},"uagb_comment_info":0,"uagb_excerpt":"Comunica\u00e7\u00e3o ALES Novembro, 2021 &#8211; O propriet\u00e1rio de uma f\u00e1brica de fios e condutores el\u00e9tricos, instalada em Boa Vista II, no munic\u00edpio da Serra, foi preso na manh\u00e3 da ter\u00e7a-feira (10) pela Delegacia de Defesa do Consumidor da Pol\u00edcia Civil do Esp\u00edrito Santo (PCES), em opera\u00e7\u00e3o integrada pela Comiss\u00e3o de Defesa do Consumidor da Assembleia&hellip;","_links":{"self":[{"href":"https:\/\/construcaocivil.siriusmarketingedesign.com.br\/index.php?rest_route=\/wp\/v2\/posts\/18076","targetHints":{"allow":["GET"]}}],"collection":[{"href":"https:\/\/construcaocivil.siriusmarketingedesign.com.br\/index.php?rest_route=\/wp\/v2\/posts"}],"about":[{"href":"https:\/\/construcaocivil.siriusmarketingedesign.com.br\/index.php?rest_route=\/wp\/v2\/types\/post"}],"author":[{"embeddable":true,"href":"https:\/\/construcaocivil.siriusmarketingedesign.com.br\/index.php?rest_route=\/wp\/v2\/users\/1"}],"replies":[{"embeddable":true,"href":"https:\/\/construcaocivil.siriusmarketingedesign.com.br\/index.php?rest_route=%2Fwp%2Fv2%2Fcomments&post=18076"}],"version-history":[{"count":0,"href":"https:\/\/construcaocivil.siriusmarketingedesign.com.br\/index.php?rest_route=\/wp\/v2\/posts\/18076\/revisions"}],"wp:featuredmedia":[{"embeddable":true,"href":"https:\/\/construcaocivil.siriusmarketingedesign.com.br\/index.php?rest_route=\/wp\/v2\/media\/18077"}],"wp:attachment":[{"href":"https:\/\/construcaocivil.siriusmarketingedesign.com.br\/index.php?rest_route=%2Fwp%2Fv2%2Fmedia&parent=18076"}],"wp:term":[{"taxonomy":"category","embeddable":true,"href":"https:\/\/construcaocivil.siriusmarketingedesign.com.br\/index.php?rest_route=%2Fwp%2Fv2%2Fcategories&post=18076"},{"taxonomy":"post_tag","embeddable":true,"href":"https:\/\/construcaocivil.siriusmarketingedesign.com.br\/index.php?rest_route=%2Fwp%2Fv2%2Ftags&post=18076"}],"curies":[{"name":"wp","href":"https:\/\/api.w.org\/{rel}","templated":true}]}}