{"id":18079,"date":"2021-11-23T01:05:56","date_gmt":"2021-11-23T04:05:56","guid":{"rendered":"https:\/\/www.jornaldaconstrucaocivil.com.br\/?p=18079"},"modified":"2021-11-23T01:05:56","modified_gmt":"2021-11-23T04:05:56","slug":"industriais-se-unem-pela-retomada-economica-do-estado-do-rio","status":"publish","type":"post","link":"https:\/\/construcaocivil.siriusmarketingedesign.com.br\/?p=18079","title":{"rendered":"Industriais se unem pela retomada econ\u00f4mica do Estado do Rio"},"content":{"rendered":"<div>Rio de Janeiro, 22 de novembro de 2021\u00a0&#8211; O m\u00eas de novembro marca os 365 dias de atua\u00e7\u00e3o da Rio Ind\u00fastria, Associa\u00e7\u00e3o de ind\u00fastrias do Estado do Rio de Janeiro, na retomada econ\u00f4mica para o setor. Formada por um grupo de empres\u00e1rios que atuam no setor industrial h\u00e1 mais de 20 anos, a entidade nasceu com o prop\u00f3sito de representar e harmonizar as necessidades e objetivos de diferentes setores industriais, incluindo o micro e o pequeno empreendedor. A celebra\u00e7\u00e3o aconteceu no dia 22 de novembro, no Assador Rio&#8217;s, e reuniu autoridades pol\u00edticas, empres\u00e1rios e l\u00edderes do Estado. Estiveram presentes no evento diversos parlamentares, secret\u00e1rios municipais e estaduais, como o presidente da Alerj, Andr\u00e9 Ceciliano, o Presidente da C\u00e2mara de Vereadores da Cidade do Rio de Janeiro, Carlo Caiado, o Secret\u00e1rio Municipal de Desenvolvimento Econ\u00f4mico, Chic\u00e3o Bulh\u00f5es e o Secret\u00e1rio de Estado da Casa Civil, Nicola Miccione.<\/p>\n<\/div>\n<div>No primeiro ano de atividades, a Rio Ind\u00fastria j\u00e1 mostrou a que veio. A agenda da Associa\u00e7\u00e3o \u00e9 pautada na busca de solu\u00e7\u00f5es e alternativas que atendam aos pleitos das ind\u00fastrias do Estado. Liderada por S\u00e9rgio Duarte, empres\u00e1rio do setor aliment\u00edcio, a entidade participou ativamente de importantes discuss\u00f5es com o Governo, Prefeitura e Alerj, oficializando pleitos de temas como: a prorroga\u00e7\u00e3o do prazo de ades\u00e3o para Programa Especial de Parcelamento de Cr\u00e9ditos Tribut\u00e1rios e a extens\u00e3o do prazo de recolhimento do valor devido \u00e0 t\u00edtulo de Substitui\u00e7\u00e3o Tribut\u00e1ria do ICMS.<\/p>\n<\/div>\n<div>A Rio Industria tamb\u00e9m se reuniu com o prefeito Eduardo Paes para apresentar propostas alinhadas ao Plano Estrat\u00e9gico Rio 2021-2024, como Requalificar 100 Km de vias p\u00fablicas atrav\u00e9s Programa Bairro Maravilha para o acesso ao Distrito Industrial de Santa Cruz; Concluir a obra do BRT TransBrasil; Reduzir para 10 minutos o tempo m\u00e9dio necess\u00e1rio para a emiss\u00e3o de Alvar\u00e1s para estabelecimentos de baixo e m\u00e9dio risco; Ter a Cidade do Rio de Janeiro como anfitri\u00e3 da Rio+30 em tr\u00eas encontros de c\u00fapula ou reuni\u00f5es internacionais pol\u00edtico-econ\u00f4micas de alto n\u00edvel e instalar dois escrit\u00f3rios regionais de organiza\u00e7\u00f5es internacionais na cidade.<\/p>\n<\/div>\n<div>O presidente da Associa\u00e7\u00e3o de Ind\u00fastrias de Estado do Rio acredita que o estado j\u00e1 deva sentir os efeitos dos investimentos decorrentes da concess\u00e3o dos servi\u00e7os da Cedae em 2023 e da rodovia Presidente Dutra. Na an\u00e1lise de S\u00e9rgio Duarte, h\u00e1 otimismo em rela\u00e7\u00e3o ao setor para o ano de 2022, muito por conta da entrada do Rio no novo Regime de Recupera\u00e7\u00e3o Fiscal e outras iniciativas. Na avalia\u00e7\u00e3o do empres\u00e1rio, a uni\u00e3o entre diferentes poderes pode auxiliar na arrecada\u00e7\u00e3o e na atra\u00e7\u00e3o de novos investimentos. Outro ponto destacado por S\u00e9rgio Duarte foi a discuss\u00e3o sobre a Rota 4B, gasoduto que traria o g\u00e1s da Bacia de Santos, para Itagua\u00ed, na Baixada Fluminense.<\/p>\n<\/div>\n<div>&#8220;N\u00f3s acreditamos no forte potencial da ind\u00fastria do Rio de Janeiro. Seguimos em busca para defender e represent\u00e1-la em todas as esferas cab\u00edveis. Todos da Associa\u00e7\u00e3o fundaram suas ind\u00fastrias no Estado e conhecem a fundo as particularidades das categorias. Isso \u00e9 fundamental&#8221;, ressalta S\u00e9rgio Duarte. O empres\u00e1rio ressalta que o atual ambiente econ\u00f4mico do Estado do Rio de Janeiro j\u00e1 \u00e9 melhor do que no in\u00edcio de 2020, afinal, fatos antes previstos n\u00e3o chegaram a se concretizar, como o atraso de sal\u00e1rios de servidores e o estado ser expulso do regime fiscal, tudo isso durante a fase mais aguda da pandemia. &#8220;O Rio contrariou as previs\u00f5es negativas e estamos otimistas com a entrada do estado no regime de recupera\u00e7\u00e3o fiscal em 2022, um regime de dez anos que tem tudo pra mudar as finan\u00e7as do estado. Em 2023, j\u00e1 sentiremos os efeitos dos investimentos decorrentes da concess\u00e3o da CEDAE e da nova concess\u00e3o da rodovia Presidente Dutra, cujo governo prev\u00ea investimentos de R\ufe69 14,8 bilh\u00f5es ao longo do tempo de contrato&#8221;, destaca.<\/p>\n<\/div>\n<div>Hoje, a ind\u00fastria responde por 24% da economia do Estado do Rio de Janeiro, sendo a segunda mais importante do pa\u00eds. Distribu\u00eddas por todas as regi\u00f5es do Estado, est\u00e3o 25 mil plantas industriais dos mais diversos portes: micro, pequenas, m\u00e9dias e grandes empresas, que empregam 580 mil funcion\u00e1rios com carteira assinada e possuem massa salarial de R\ufe69 33 bilh\u00f5es ao ano, fazendo a roda da economia fluminense girar.<\/p>\n<\/div>\n","protected":false},"excerpt":{"rendered":"<p>Rio de Janeiro, 22 de novembro de 2021\u00a0&#8211; O m\u00eas de novembro marca os 365 dias de atua\u00e7\u00e3o da Rio Ind\u00fastria, Associa\u00e7\u00e3o de ind\u00fastrias do Estado do Rio de Janeiro, na retomada econ\u00f4mica para o setor. Formada por um grupo de empres\u00e1rios que atuam no setor industrial h\u00e1 mais de 20 anos, a entidade nasceu [&hellip;]<\/p>\n","protected":false},"author":1,"featured_media":18080,"comment_status":"open","ping_status":"open","sticky":false,"template":"","format":"standard","meta":{"_uag_custom_page_level_css":"","footnotes":""},"categories":[33],"tags":[591,22688,2826,22687,22685,22686,10115,22684],"class_list":["post-18079","post","type-post","status-publish","format-standard","has-post-thumbnail","hentry","category-mercado","tag-alerj","tag-associacao-de-industrias-do-estado-do-rio-de-janeiro","tag-construcao-civil","tag-investimentos-nova-dutra","tag-novos-negocios-rio-de-janeiro","tag-programa-bairro-maravilha","tag-regiao-norte-fluminense","tag-rio-industria"],"blocksy_meta":[],"spectra_blocks_featured_image_url":{"thumbnail":{"url":"https:\/\/construcaocivil.siriusmarketingedesign.com.br\/wp-content\/uploads\/2021\/11\/RioIndustria1ano_-Cred-Luciana-Costa-AAB-150x150.jpg","width":150,"height":150},"medium":{"url":"https:\/\/construcaocivil.siriusmarketingedesign.com.br\/wp-content\/uploads\/2021\/11\/RioIndustria1ano_-Cred-Luciana-Costa-AAB-300x200.jpg","width":300,"height":200},"medium_large":{"url":"https:\/\/construcaocivil.siriusmarketingedesign.com.br\/wp-content\/uploads\/2021\/11\/RioIndustria1ano_-Cred-Luciana-Costa-AAB-768x512.jpg","width":768,"height":512},"large":{"url":"https:\/\/construcaocivil.siriusmarketingedesign.com.br\/wp-content\/uploads\/2021\/11\/RioIndustria1ano_-Cred-Luciana-Costa-AAB-1024x682.jpg","width":1024,"height":682},"full":{"url":"https:\/\/construcaocivil.siriusmarketingedesign.com.br\/wp-content\/uploads\/2021\/11\/RioIndustria1ano_-Cred-Luciana-Costa-AAB.jpg","width":1046,"height":697}},"spectra_blocks_author_info":{"display_name":"Jornal da Constru\u00e7\u00e3o Civil","avatar_url":"https:\/\/secure.gravatar.com\/avatar\/973c9774fd44ddaceb026973c4962faa70fc512bc4c9da68e8ebb40fecee6540?s=96&d=mm&r=g","author_link":"https:\/\/construcaocivil.siriusmarketingedesign.com.br\/?author=1","description":"Desde de 2013, levando muitas informa\u00e7\u00f5es, lan\u00e7amentos e produtos de qualidade para toda cadeia produtiva da constru\u00e7\u00e3o. O Futuro da constru\u00e7\u00e3o passa por aqui,"},"uagb_featured_image_src":{"full":["https:\/\/construcaocivil.siriusmarketingedesign.com.br\/wp-content\/uploads\/2021\/11\/RioIndustria1ano_-Cred-Luciana-Costa-AAB.jpg",1046,697,false],"thumbnail":["https:\/\/construcaocivil.siriusmarketingedesign.com.br\/wp-content\/uploads\/2021\/11\/RioIndustria1ano_-Cred-Luciana-Costa-AAB-150x150.jpg",150,150,true],"medium":["https:\/\/construcaocivil.siriusmarketingedesign.com.br\/wp-content\/uploads\/2021\/11\/RioIndustria1ano_-Cred-Luciana-Costa-AAB-300x200.jpg",300,200,true],"medium_large":["https:\/\/construcaocivil.siriusmarketingedesign.com.br\/wp-content\/uploads\/2021\/11\/RioIndustria1ano_-Cred-Luciana-Costa-AAB-768x512.jpg",768,512,true],"large":["https:\/\/construcaocivil.siriusmarketingedesign.com.br\/wp-content\/uploads\/2021\/11\/RioIndustria1ano_-Cred-Luciana-Costa-AAB-1024x682.jpg",1024,682,true],"1536x1536":["https:\/\/construcaocivil.siriusmarketingedesign.com.br\/wp-content\/uploads\/2021\/11\/RioIndustria1ano_-Cred-Luciana-Costa-AAB.jpg",1046,697,false],"2048x2048":["https:\/\/construcaocivil.siriusmarketingedesign.com.br\/wp-content\/uploads\/2021\/11\/RioIndustria1ano_-Cred-Luciana-Costa-AAB.jpg",1046,697,false]},"uagb_author_info":{"display_name":"Jornal da Constru\u00e7\u00e3o Civil","author_link":"https:\/\/construcaocivil.siriusmarketingedesign.com.br\/?author=1"},"uagb_comment_info":0,"uagb_excerpt":"Rio de Janeiro, 22 de novembro de 2021\u00a0&#8211; O m\u00eas de novembro marca os 365 dias de atua\u00e7\u00e3o da Rio Ind\u00fastria, Associa\u00e7\u00e3o de ind\u00fastrias do Estado do Rio de Janeiro, na retomada econ\u00f4mica para o setor. Formada por um grupo de empres\u00e1rios que atuam no setor industrial h\u00e1 mais de 20 anos, a entidade nasceu&hellip;","_links":{"self":[{"href":"https:\/\/construcaocivil.siriusmarketingedesign.com.br\/index.php?rest_route=\/wp\/v2\/posts\/18079","targetHints":{"allow":["GET"]}}],"collection":[{"href":"https:\/\/construcaocivil.siriusmarketingedesign.com.br\/index.php?rest_route=\/wp\/v2\/posts"}],"about":[{"href":"https:\/\/construcaocivil.siriusmarketingedesign.com.br\/index.php?rest_route=\/wp\/v2\/types\/post"}],"author":[{"embeddable":true,"href":"https:\/\/construcaocivil.siriusmarketingedesign.com.br\/index.php?rest_route=\/wp\/v2\/users\/1"}],"replies":[{"embeddable":true,"href":"https:\/\/construcaocivil.siriusmarketingedesign.com.br\/index.php?rest_route=%2Fwp%2Fv2%2Fcomments&post=18079"}],"version-history":[{"count":0,"href":"https:\/\/construcaocivil.siriusmarketingedesign.com.br\/index.php?rest_route=\/wp\/v2\/posts\/18079\/revisions"}],"wp:featuredmedia":[{"embeddable":true,"href":"https:\/\/construcaocivil.siriusmarketingedesign.com.br\/index.php?rest_route=\/wp\/v2\/media\/18080"}],"wp:attachment":[{"href":"https:\/\/construcaocivil.siriusmarketingedesign.com.br\/index.php?rest_route=%2Fwp%2Fv2%2Fmedia&parent=18079"}],"wp:term":[{"taxonomy":"category","embeddable":true,"href":"https:\/\/construcaocivil.siriusmarketingedesign.com.br\/index.php?rest_route=%2Fwp%2Fv2%2Fcategories&post=18079"},{"taxonomy":"post_tag","embeddable":true,"href":"https:\/\/construcaocivil.siriusmarketingedesign.com.br\/index.php?rest_route=%2Fwp%2Fv2%2Ftags&post=18079"}],"curies":[{"name":"wp","href":"https:\/\/api.w.org\/{rel}","templated":true}]}}