{"id":18092,"date":"2021-11-25T01:14:41","date_gmt":"2021-11-25T04:14:41","guid":{"rendered":"https:\/\/www.jornaldaconstrucaocivil.com.br\/?p=18092"},"modified":"2021-11-25T01:17:23","modified_gmt":"2021-11-25T04:17:23","slug":"uma-black-friday-mais-austera-brasileiros-apertam-o-cinto","status":"publish","type":"post","link":"https:\/\/construcaocivil.siriusmarketingedesign.com.br\/?p=18092","title":{"rendered":"Uma Black Friday mais austera: Brasileiros apertam o cinto"},"content":{"rendered":"<p style=\"text-align: justify;\">Em alguns dias, acontecer\u00e1 um dos eventos comerciais mais esperados do ano, tanto por varejistas como consumidores: a Black Friday. Quase dois anos depois do come\u00e7o da pandemia, e com a infla\u00e7\u00e3o crescente provocada pela alta dos pre\u00e7os da energia, economizar passou a ser uma das principais preocupa\u00e7\u00f5es dos brasileiros. Com isso, no dia 26 de novembro, a grande maioria das empresas do pa\u00eds lan\u00e7ar\u00e1 suas melhores ofertas para seduzir os consumidores que aguardam ansiosamente esta data para comprar aquele item desejado ou anteciparem suas compras de Natal a um pre\u00e7o melhor.<\/p>\n<p style=\"text-align: justify;\">Nesse contexto de volatilidade e em plena reativa\u00e7\u00e3o econ\u00f4mica, a pesquisa da Black Friday realizada pelo\u00a0<span style=\"color: #0000ff;\"><a style=\"color: #0000ff;\" href=\"https:\/\/u7061146.ct.sendgrid.net\/ls\/click?upn=4tNED-2FM8iDZJQyQ53jATUSoLnHNEEQJTZYtgyJ0dhRBMMt4PPn-2B4-2BWrHT1b25EH7lo93_Gul7eyoUOlTY9VMpM-2FVGMEL40eBdwiASnVvZ-2Fhh4w429clzMAJ8PO3kSnxgdbDjgo3C5tYVD361vPZGFP3HvY-2FVHe6hp98qD6kl29ShfJULqHaIk5tCQOOjTOwKPEQMMikO52BaGBo-2BdwMF45IIg-2F28yktr7DhCyF860hO0JGGwWTNP4kuFidyKvGSUspN-2BkIvcuSmtkENxDrnHxXEmShtSZ1KDCkZvbMQLJcVi07BQqscWP-2Bo-2BLpmAzN1uvhcevn1b-2BVgBF0Bkdb0M1ipz9nm5ZzZJlEq8njKdcs-2BQMHZayREW014OuVYg3Fq9OhS0ob1pLADYMizQXoBkOkChnwYF4yxypo0brgXTewDMCiD6wlFV8YA5VDQukSW9FD-2FYj\" target=\"_blank\" rel=\"noopener noreferrer\"><u>Tiendeo.com.br<\/u><\/a><\/span>, plataforma l\u00edder em ofertas e descontos, revela que as expectativas dos brasileiros s\u00e3o altas, mas seu or\u00e7amento \u00e9 baixo. Assim,\u00a0<strong>70% dos participantes na pesquisa declararam que nesta edi\u00e7\u00e3o v\u00e3o destinar menos de R$600, o que representa uma redu\u00e7\u00e3o de 30% no or\u00e7amento em rela\u00e7\u00e3o ao ano passado<\/strong>.<\/p>\n<p style=\"text-align: justify;\">Neste ano o consumidores chegar\u00e3o mais preparados, considerando que\u00a0<strong>55% afirmaram que planejar\u00e3o suas compras com anteced\u00eancia, tra\u00e7ando or\u00e7amento e comparando pre\u00e7os<\/strong>,\u00a0enquanto 30% decidir\u00e3o no momento se aproveitar\u00e3o ou n\u00e3o uma super oferta, e somente se for algo realmente necess\u00e1rio, e somente 15% admite que cair\u00e1 na tenta\u00e7\u00e3o de fazer compras por impulso.<\/p>\n<p style=\"text-align: justify;\"><span style=\"color: #ff0000;\"><strong>\u00a0<\/strong><strong>Nesta batalha, quem ser\u00e1 o vencedor?<\/strong><\/span><\/p>\n<p style=\"text-align: justify;\">Embora n\u00e3o seja uma surpresa, para 89% dos compradores o mais atrativo desta campanha s\u00e3o os descontos em produtos, servi\u00e7os ou eventos. O fator principal \u00e9: o que far\u00e1 a diferen\u00e7a entre fazer a compra ou passar reto pela loja?\u00a0<strong>56% dos brasileiros expressaram que n\u00e3o hesitariam em aproveitar uma oferta de 60% a 80% de desconto<\/strong>. 33% dos consumidores estar\u00e3o ca\u00e7ando descontos de 40% e 50%, enquanto 11% disseram que n\u00e3o comprariam nada com menos de 30%.<\/p>\n<p style=\"text-align: justify;\">As cl\u00e1ssicas promo\u00e7\u00f5es 2&#215;1 ou 3&#215;2 n\u00e3o podiam faltar, colocando-se entre as favoritas para 30% dos inquiridos. A comodidade tamb\u00e9m foi destaque, pois para\u00a0<strong>28% dos participantes, obter frete gr\u00e1tis nas compras ser\u00e1 um est\u00edmulo importante.<\/strong><\/p>\n<p style=\"text-align: justify;\">Ent\u00e3o, o que ser\u00e1 mais importante? A marca, o pre\u00e7o ou o produto? Tudo indica que os brasileiros v\u00e3o apertar o cinto nesta edi\u00e7\u00e3o da Black Friday. De acordo com a plataforma,\u00a0<strong>para 58% dos consumidores, o fator que determinar\u00e1 suas compras ser\u00e1 o pre\u00e7o<\/strong>. Cerca de 38% colocar\u00e3o a qualidade do produto em primeiro lugar, enquanto apenas 4% preferem privilegiar a marca.<\/p>\n<p style=\"text-align: justify;\">Em rela\u00e7\u00e3o ao canal de prefer\u00eancia,\u00a0<strong>60% garantem que encontrar\u00e3o melhores promo\u00e7\u00f5es e descontos na loja online de suas marcas preferidas<\/strong>, 13% ir\u00e3o diretamente para a loja f\u00edsica, enquanto 27% ir\u00e3o alternar suas compras nos dois canais em busca da melhor oferta do ano.<\/p>\n<p style=\"text-align: justify;\"><span style=\"color: #ff0000;\"><strong>O imperdo\u00e1vel: escassez de productos<\/strong><\/span><\/p>\n<p style=\"text-align: justify;\">Quando questionados sobre o que as marcas e lojas devem melhorar nesta edi\u00e7\u00e3o,\u00a0<strong>28% dos consumidores brasileiros exigem um maior n\u00famero de produtos dispon\u00edveis<\/strong>, na mesma linha que 22% que exigem que os prazos de entrega sejam melhorados e seus produtos cheguem em boas condi\u00e7\u00f5es.<\/p>\n<p style=\"text-align: justify;\">No que diz respeito \u00e0 experi\u00eancia de compra, 20% consideram que \u00e9 necess\u00e1rio dar mais aten\u00e7\u00e3o ao atendimento ao cliente, 16% esperam ampliar suas formas e facilidades de pagamento, enquanto 12% pedem maior seguran\u00e7a em suas transa\u00e7\u00f5es e dados pessoais.<\/p>\n<p><span style=\"color: #993300;\"><em>*\u00a0Pesquisa realizada no Brasil com um p\u00fablico de 500 usu\u00e1rios da plataforma Tiendeo.com.br na primeira quinzena de novembro de 2021.<\/em><\/span><\/p>\n<p style=\"text-align: justify;\">\n","protected":false},"excerpt":{"rendered":"<p>Em alguns dias, acontecer\u00e1 um dos eventos comerciais mais esperados do ano, tanto por varejistas como consumidores: a Black Friday. Quase dois anos depois do come\u00e7o da pandemia, e com a infla\u00e7\u00e3o crescente provocada pela alta dos pre\u00e7os da energia, economizar passou a ser uma das principais preocupa\u00e7\u00f5es dos brasileiros. Com isso, no dia 26 [&hellip;]<\/p>\n","protected":false},"author":1,"featured_media":18093,"comment_status":"open","ping_status":"open","sticky":false,"template":"","format":"standard","meta":{"_uag_custom_page_level_css":"","footnotes":""},"categories":[33],"tags":[22702,22704,22707,22705,22706,22703],"class_list":["post-18092","post","type-post","status-publish","format-standard","has-post-thumbnail","hentry","category-mercado","tag-black-friday-em-tempos-de-inflacao","tag-brasileiro-com-bolso-furado","tag-credito-para-compras","tag-eletronicos-e-celulares","tag-lojas-e-varejo","tag-perda-d-renda"],"blocksy_meta":[],"spectra_blocks_featured_image_url":{"thumbnail":{"url":"https:\/\/construcaocivil.siriusmarketingedesign.com.br\/wp-content\/uploads\/2021\/11\/BLACK-FRIDAY-150x150.jpg","width":150,"height":150},"medium":{"url":"https:\/\/construcaocivil.siriusmarketingedesign.com.br\/wp-content\/uploads\/2021\/11\/BLACK-FRIDAY-300x200.jpg","width":300,"height":200},"medium_large":{"url":"https:\/\/construcaocivil.siriusmarketingedesign.com.br\/wp-content\/uploads\/2021\/11\/BLACK-FRIDAY.jpg","width":589,"height":393},"large":{"url":"https:\/\/construcaocivil.siriusmarketingedesign.com.br\/wp-content\/uploads\/2021\/11\/BLACK-FRIDAY.jpg","width":589,"height":393},"full":{"url":"https:\/\/construcaocivil.siriusmarketingedesign.com.br\/wp-content\/uploads\/2021\/11\/BLACK-FRIDAY.jpg","width":589,"height":393}},"spectra_blocks_author_info":{"display_name":"Jornal da Constru\u00e7\u00e3o Civil","avatar_url":"https:\/\/secure.gravatar.com\/avatar\/973c9774fd44ddaceb026973c4962faa70fc512bc4c9da68e8ebb40fecee6540?s=96&d=mm&r=g","author_link":"https:\/\/construcaocivil.siriusmarketingedesign.com.br\/?author=1","description":"Desde de 2013, levando muitas informa\u00e7\u00f5es, lan\u00e7amentos e produtos de qualidade para toda cadeia produtiva da constru\u00e7\u00e3o. O Futuro da constru\u00e7\u00e3o passa por aqui,"},"uagb_featured_image_src":{"full":["https:\/\/construcaocivil.siriusmarketingedesign.com.br\/wp-content\/uploads\/2021\/11\/BLACK-FRIDAY.jpg",589,393,false],"thumbnail":["https:\/\/construcaocivil.siriusmarketingedesign.com.br\/wp-content\/uploads\/2021\/11\/BLACK-FRIDAY-150x150.jpg",150,150,true],"medium":["https:\/\/construcaocivil.siriusmarketingedesign.com.br\/wp-content\/uploads\/2021\/11\/BLACK-FRIDAY-300x200.jpg",300,200,true],"medium_large":["https:\/\/construcaocivil.siriusmarketingedesign.com.br\/wp-content\/uploads\/2021\/11\/BLACK-FRIDAY.jpg",589,393,false],"large":["https:\/\/construcaocivil.siriusmarketingedesign.com.br\/wp-content\/uploads\/2021\/11\/BLACK-FRIDAY.jpg",589,393,false],"1536x1536":["https:\/\/construcaocivil.siriusmarketingedesign.com.br\/wp-content\/uploads\/2021\/11\/BLACK-FRIDAY.jpg",589,393,false],"2048x2048":["https:\/\/construcaocivil.siriusmarketingedesign.com.br\/wp-content\/uploads\/2021\/11\/BLACK-FRIDAY.jpg",589,393,false]},"uagb_author_info":{"display_name":"Jornal da Constru\u00e7\u00e3o Civil","author_link":"https:\/\/construcaocivil.siriusmarketingedesign.com.br\/?author=1"},"uagb_comment_info":0,"uagb_excerpt":"Em alguns dias, acontecer\u00e1 um dos eventos comerciais mais esperados do ano, tanto por varejistas como consumidores: a Black Friday. Quase dois anos depois do come\u00e7o da pandemia, e com a infla\u00e7\u00e3o crescente provocada pela alta dos pre\u00e7os da energia, economizar passou a ser uma das principais preocupa\u00e7\u00f5es dos brasileiros. Com isso, no dia 26&hellip;","_links":{"self":[{"href":"https:\/\/construcaocivil.siriusmarketingedesign.com.br\/index.php?rest_route=\/wp\/v2\/posts\/18092","targetHints":{"allow":["GET"]}}],"collection":[{"href":"https:\/\/construcaocivil.siriusmarketingedesign.com.br\/index.php?rest_route=\/wp\/v2\/posts"}],"about":[{"href":"https:\/\/construcaocivil.siriusmarketingedesign.com.br\/index.php?rest_route=\/wp\/v2\/types\/post"}],"author":[{"embeddable":true,"href":"https:\/\/construcaocivil.siriusmarketingedesign.com.br\/index.php?rest_route=\/wp\/v2\/users\/1"}],"replies":[{"embeddable":true,"href":"https:\/\/construcaocivil.siriusmarketingedesign.com.br\/index.php?rest_route=%2Fwp%2Fv2%2Fcomments&post=18092"}],"version-history":[{"count":0,"href":"https:\/\/construcaocivil.siriusmarketingedesign.com.br\/index.php?rest_route=\/wp\/v2\/posts\/18092\/revisions"}],"wp:featuredmedia":[{"embeddable":true,"href":"https:\/\/construcaocivil.siriusmarketingedesign.com.br\/index.php?rest_route=\/wp\/v2\/media\/18093"}],"wp:attachment":[{"href":"https:\/\/construcaocivil.siriusmarketingedesign.com.br\/index.php?rest_route=%2Fwp%2Fv2%2Fmedia&parent=18092"}],"wp:term":[{"taxonomy":"category","embeddable":true,"href":"https:\/\/construcaocivil.siriusmarketingedesign.com.br\/index.php?rest_route=%2Fwp%2Fv2%2Fcategories&post=18092"},{"taxonomy":"post_tag","embeddable":true,"href":"https:\/\/construcaocivil.siriusmarketingedesign.com.br\/index.php?rest_route=%2Fwp%2Fv2%2Ftags&post=18092"}],"curies":[{"name":"wp","href":"https:\/\/api.w.org\/{rel}","templated":true}]}}