{"id":18117,"date":"2021-12-01T01:23:53","date_gmt":"2021-12-01T04:23:53","guid":{"rendered":"https:\/\/www.jornaldaconstrucaocivil.com.br\/?p=18117"},"modified":"2021-12-01T01:23:53","modified_gmt":"2021-12-01T04:23:53","slug":"paulo-guedes-discute-papel-da-construcao-na-retomada-economica","status":"publish","type":"post","link":"https:\/\/construcaocivil.siriusmarketingedesign.com.br\/?p=18117","title":{"rendered":"Paulo Guedes discute papel da constru\u00e7\u00e3o na retomada econ\u00f4mica"},"content":{"rendered":"<p style=\"text-align: justify;\"><span style=\"color: #3366ff;\">Dezembro<\/span>, 2021 &#8211; No Encontro Nacional da Ind\u00fastria da Constru\u00e7\u00e3o (Enic), o ministro da Economia, Paulo Guedes, ressaltou que s\u00e3o exageradas as previs\u00f5es de que n\u00e3o vai ter crescimento no pa\u00eds em 2022. Guedes esteve nesta ter\u00e7a-feira (30), em Bras\u00edlia, no painel <strong>O papel da ind\u00fastria da constru\u00e7\u00e3o na retomada econ\u00f4mica<\/strong><strong>, no\u00a0<\/strong>Enic | Pol\u00edtica &amp; Estrat\u00e9gia, mediado pela analista de pol\u00edtica da CNN Brasil, Bas\u00edlia Rodrigues.<\/p>\n<p style=\"text-align: justify;\">De acordo com o ministro, o \u201cdesemprego est\u00e1 em alta velocidade, a infla\u00e7\u00e3o est\u00e1 subindo, por isso o pa\u00eds vai crescer menos, e os juros est\u00e3o subindo para combater a infla\u00e7\u00e3o\u201d.\u00a0 Para 2022, sua previs\u00e3o \u00e9 de que, apesar de baixo, o setor da constru\u00e7\u00e3o deve crescer. \u201cSetorialmente, podemos minimizar o impacto se conversarmos. Temos ferramentas para ajudar\u201d, frisou.<\/p>\n<h3 style=\"text-align: justify;\"><strong>Papel da constru\u00e7\u00e3o na retomada da economia<\/strong><\/h3>\n<p style=\"text-align: justify;\">O ministro Paulo Guedes parabenizou o empenho da ind\u00fastria da constru\u00e7\u00e3o para garantir a gera\u00e7\u00e3o de emprego e renda no Brasil. \u201cFoi um setor exemplar na busca de seguran\u00e7a no trabalho. Criou empregos durante a pandemia, manteve um ritmo de atividade impressionante, compartilhou as pr\u00e1ticas de seguran\u00e7a no trabalho com o setor e com 5 mil prefeitos pelo pa\u00eds inteiro\u201d, disse.<\/p>\n<p style=\"text-align: justify;\">\u201cO setor da constru\u00e7\u00e3o cresceu 7,3% no emprego, do 2\u00ba para o 3\u00ba trimestre de 2021, segundo a Pnad Cont\u00ednua\u201d, completou o presidente da CBIC, Jos\u00e9 Carlos Martins.<\/p>\n<p style=\"text-align: justify;\">O ministro salientou que o pa\u00eds enfrentou a pandemia, criando liquidamente 50 mil empregos no final de 2020. \u201cO PIB caiu 4% e aumentou os empregos formais\u201d, lembrou.<\/p>\n<p style=\"text-align: justify;\">Paulo Guedes ressaltou que sempre acreditou no aperfei\u00e7oamento das institui\u00e7\u00f5es e que \u201co plano econ\u00f4mico do governo \u00e9 transformar a economia brasileira numa grande economia de mercado, numa grande economia de consumo de massa, numa economia que tem impostos mais baixos, numa economia que \u00e9 mais aberta \u00e0 integra\u00e7\u00e3o econ\u00f4mica, numa economia que \u00e9 desburocratizada e numa economia que depende mais de investimentos privados do que estatais\u201d, disse.<\/p>\n<p style=\"text-align: justify;\">Guedes afirmou ainda que o governo est\u00e1 atento ao aumento dos pre\u00e7os da constru\u00e7\u00e3o e que se houver abuso vai acelerar a abertura \u00e0 importa\u00e7\u00e3o. \u201cN\u00e3o queremos abrir r\u00e1pido, porque temos que proteger a ind\u00fastria brasileira\u201d, ponderou.<\/p>\n<h3 style=\"text-align: justify;\">Alerta<\/h3>\n<p style=\"text-align: justify;\">Martins alertou que \u201co emprego que o setor da constru\u00e7\u00e3o est\u00e1 gerando hoje \u00e9 o contrato de ontem e que o aumento dos custos, que passou de 30%, n\u00e3o \u00e9 compat\u00edvel com o aumento de renda pelo IPCA\u201d. Ficou acertado que o setor vai se reunir com o minist\u00e9rio para apresentar uma proposta sobre a quest\u00e3o.<\/p>\n<p style=\"text-align: justify;\">O Enic Pol\u00edtica &amp; Estrat\u00e9gia \u00e9 realizado pela C\u00e2mara Brasileira da Ind\u00fastria da Constru\u00e7\u00e3o (CBIC) e conta com a correaliza\u00e7\u00e3o do Sesi, Senai e patroc\u00ednio da Caixa e do Sebrae<\/p>\n<p>Fonte: Boletim CBIC<\/p>\n","protected":false},"excerpt":{"rendered":"<p>Dezembro, 2021 &#8211; No Encontro Nacional da Ind\u00fastria da Constru\u00e7\u00e3o (Enic), o ministro da Economia, Paulo Guedes, ressaltou que s\u00e3o exageradas as previs\u00f5es de que n\u00e3o vai ter crescimento no pa\u00eds em 2022. Guedes esteve nesta ter\u00e7a-feira (30), em Bras\u00edlia, no painel O papel da ind\u00fastria da constru\u00e7\u00e3o na retomada econ\u00f4mica, no\u00a0Enic | Pol\u00edtica &amp; [&hellip;]<\/p>\n","protected":false},"author":1,"featured_media":18118,"comment_status":"open","ping_status":"open","sticky":false,"template":"","format":"standard","meta":{"_uag_custom_page_level_css":"","footnotes":""},"categories":[33],"tags":[22400,1569,22727,22728,19393,17918],"class_list":["post-18117","post","type-post","status-publish","format-standard","has-post-thumbnail","hentry","category-mercado","tag-93o-enic","tag-brasilia","tag-economia-em-recessao","tag-inflacao-e-alta-dos-juros-prejudicam-construcao","tag-material-de-construcao-precos-altos","tag-paulo-guedes"],"blocksy_meta":[],"spectra_blocks_featured_image_url":{"thumbnail":{"url":"https:\/\/construcaocivil.siriusmarketingedesign.com.br\/wp-content\/uploads\/2021\/12\/CBIC-ENIC-150x150.jpg","width":150,"height":150},"medium":{"url":"https:\/\/construcaocivil.siriusmarketingedesign.com.br\/wp-content\/uploads\/2021\/12\/CBIC-ENIC-300x200.jpg","width":300,"height":200},"medium_large":{"url":"https:\/\/construcaocivil.siriusmarketingedesign.com.br\/wp-content\/uploads\/2021\/12\/CBIC-ENIC-768x512.jpg","width":768,"height":512},"large":{"url":"https:\/\/construcaocivil.siriusmarketingedesign.com.br\/wp-content\/uploads\/2021\/12\/CBIC-ENIC-1024x682.jpg","width":1024,"height":682},"full":{"url":"https:\/\/construcaocivil.siriusmarketingedesign.com.br\/wp-content\/uploads\/2021\/12\/CBIC-ENIC.jpg","width":1280,"height":853}},"spectra_blocks_author_info":{"display_name":"Jornal da Constru\u00e7\u00e3o Civil","avatar_url":"https:\/\/secure.gravatar.com\/avatar\/973c9774fd44ddaceb026973c4962faa70fc512bc4c9da68e8ebb40fecee6540?s=96&d=mm&r=g","author_link":"https:\/\/construcaocivil.siriusmarketingedesign.com.br\/?author=1","description":"Desde de 2013, levando muitas informa\u00e7\u00f5es, lan\u00e7amentos e produtos de qualidade para toda cadeia produtiva da constru\u00e7\u00e3o. O Futuro da constru\u00e7\u00e3o passa por aqui,"},"uagb_featured_image_src":{"full":["https:\/\/construcaocivil.siriusmarketingedesign.com.br\/wp-content\/uploads\/2021\/12\/CBIC-ENIC.jpg",1280,853,false],"thumbnail":["https:\/\/construcaocivil.siriusmarketingedesign.com.br\/wp-content\/uploads\/2021\/12\/CBIC-ENIC-150x150.jpg",150,150,true],"medium":["https:\/\/construcaocivil.siriusmarketingedesign.com.br\/wp-content\/uploads\/2021\/12\/CBIC-ENIC-300x200.jpg",300,200,true],"medium_large":["https:\/\/construcaocivil.siriusmarketingedesign.com.br\/wp-content\/uploads\/2021\/12\/CBIC-ENIC-768x512.jpg",768,512,true],"large":["https:\/\/construcaocivil.siriusmarketingedesign.com.br\/wp-content\/uploads\/2021\/12\/CBIC-ENIC-1024x682.jpg",1024,682,true],"1536x1536":["https:\/\/construcaocivil.siriusmarketingedesign.com.br\/wp-content\/uploads\/2021\/12\/CBIC-ENIC.jpg",1280,853,false],"2048x2048":["https:\/\/construcaocivil.siriusmarketingedesign.com.br\/wp-content\/uploads\/2021\/12\/CBIC-ENIC.jpg",1280,853,false]},"uagb_author_info":{"display_name":"Jornal da Constru\u00e7\u00e3o Civil","author_link":"https:\/\/construcaocivil.siriusmarketingedesign.com.br\/?author=1"},"uagb_comment_info":0,"uagb_excerpt":"Dezembro, 2021 &#8211; No Encontro Nacional da Ind\u00fastria da Constru\u00e7\u00e3o (Enic), o ministro da Economia, Paulo Guedes, ressaltou que s\u00e3o exageradas as previs\u00f5es de que n\u00e3o vai ter crescimento no pa\u00eds em 2022. Guedes esteve nesta ter\u00e7a-feira (30), em Bras\u00edlia, no painel O papel da ind\u00fastria da constru\u00e7\u00e3o na retomada econ\u00f4mica, no\u00a0Enic | Pol\u00edtica &amp;&hellip;","_links":{"self":[{"href":"https:\/\/construcaocivil.siriusmarketingedesign.com.br\/index.php?rest_route=\/wp\/v2\/posts\/18117","targetHints":{"allow":["GET"]}}],"collection":[{"href":"https:\/\/construcaocivil.siriusmarketingedesign.com.br\/index.php?rest_route=\/wp\/v2\/posts"}],"about":[{"href":"https:\/\/construcaocivil.siriusmarketingedesign.com.br\/index.php?rest_route=\/wp\/v2\/types\/post"}],"author":[{"embeddable":true,"href":"https:\/\/construcaocivil.siriusmarketingedesign.com.br\/index.php?rest_route=\/wp\/v2\/users\/1"}],"replies":[{"embeddable":true,"href":"https:\/\/construcaocivil.siriusmarketingedesign.com.br\/index.php?rest_route=%2Fwp%2Fv2%2Fcomments&post=18117"}],"version-history":[{"count":0,"href":"https:\/\/construcaocivil.siriusmarketingedesign.com.br\/index.php?rest_route=\/wp\/v2\/posts\/18117\/revisions"}],"wp:featuredmedia":[{"embeddable":true,"href":"https:\/\/construcaocivil.siriusmarketingedesign.com.br\/index.php?rest_route=\/wp\/v2\/media\/18118"}],"wp:attachment":[{"href":"https:\/\/construcaocivil.siriusmarketingedesign.com.br\/index.php?rest_route=%2Fwp%2Fv2%2Fmedia&parent=18117"}],"wp:term":[{"taxonomy":"category","embeddable":true,"href":"https:\/\/construcaocivil.siriusmarketingedesign.com.br\/index.php?rest_route=%2Fwp%2Fv2%2Fcategories&post=18117"},{"taxonomy":"post_tag","embeddable":true,"href":"https:\/\/construcaocivil.siriusmarketingedesign.com.br\/index.php?rest_route=%2Fwp%2Fv2%2Ftags&post=18117"}],"curies":[{"name":"wp","href":"https:\/\/api.w.org\/{rel}","templated":true}]}}