{"id":18128,"date":"2021-12-03T14:07:54","date_gmt":"2021-12-03T17:07:54","guid":{"rendered":"https:\/\/www.jornaldaconstrucaocivil.com.br\/?p=18128"},"modified":"2021-12-03T14:07:54","modified_gmt":"2021-12-03T17:07:54","slug":"tocalivros-na-bienal-do-livro-do-rio-com-estande-proprio","status":"publish","type":"post","link":"https:\/\/construcaocivil.siriusmarketingedesign.com.br\/?p=18128","title":{"rendered":"Tocalivros na Bienal do Livro do Rio com estande pr\u00f3prio"},"content":{"rendered":"<p style=\"text-align: justify;\"><span style=\"color: #993300;\">Dezembro<\/span>, 2021 &#8211; A <strong>Tocalivros<\/strong>\u00a0confirmou a participa\u00e7\u00e3o presencial na Bienal do Livro do Rio, que acontece de 3 a 12 de dezembro, no Riocentro. Esta ser\u00e1 a nona participa\u00e7\u00e3o da produtora e a primeira com estande pr\u00f3prio. O ponto de encontro dos admiradores de audiolivro ser\u00e1 no Pavilh\u00e3o 3, na rua F, estante F08.<\/p>\n<p style=\"text-align: justify;\">No local, os visitantes poder\u00e3o vivenciar uma imers\u00e3o no universo de audiolivros. Ser\u00e3o disponibilizados tablets e fones de ouvido para que possam experimentar parte dos mais de 2,5 mil audiolivros da plataforma. Todo o trabalho de produ\u00e7\u00e3o da Tocalivros ser\u00e1 apresentado ao p\u00fablico e a empresa tamb\u00e9m pretende oferecer combos promocionais com brindes para quem adquirir a assinatura ilimitada no local.<\/p>\n<p style=\"text-align: justify;\">Um painel instagram\u00e1vel e psicod\u00e9lico, em refer\u00eancia ao audiolivro\u00a0<strong><em>Parasita<\/em><\/strong>, de Arthur Conan Doyle, do selo\u00a0<strong>Tocalivros Cl\u00e1ssicos<\/strong>, ser\u00e1 colocado no estande e as pessoas poder\u00e3o filmar e fotografar. Os visitantes que postarem um\u00a0<em>story<\/em>\u00a0do Instagram marcando a\u00a0<span style=\"color: #0000ff;\"><a style=\"color: #0000ff;\" href=\"http:\/\/www.instagram.com\/tocalivros\" target=\"_blank\" rel=\"noopener noreferrer\">@tocalivros<\/a>\u00a0<\/span>ter\u00e3o direito ao acesso \u00e0 plataforma por 14 dias gr\u00e1tis.<\/p>\n<p style=\"text-align: justify;\">Segundo o s\u00f3cio-diretor da\u00a0<strong>Tocalivros<\/strong>, Ricardo Camps, a expectativa \u00e9 de que pelo menos 20% do p\u00fablico total estimado em 300 mil pessoas visitem o espa\u00e7o nos dez dias de evento.\u00a0<em>\u201cSer\u00e1 uma excelente oportunidade de fomentar esta nova forma de literatura e mostrar para os amantes de livros que o \u00e1udio \u00e9 uma op\u00e7\u00e3o vi\u00e1vel e acess\u00edvel para todos\u201d,<\/em>\u00a0prev\u00ea Ricardo.<\/p>\n<p><strong>Site<\/strong><strong><br \/>\n<\/strong><span style=\"color: #0000ff;\"><a style=\"color: #0000ff;\" href=\"http:\/\/www.tocalivros.com\/\" target=\"_blank\" rel=\"noopener noreferrer\">www.tocalivros.com<\/a><\/span><\/p>\n<p style=\"text-align: justify;\"><strong><u>SERVI\u00c7O<br \/>\n<\/u><\/strong><strong>O que:<\/strong>\u00a0Bienal do Livro do Rio<br \/>\n<strong>Quando:<\/strong>\u00a03 a 12 de dezembro<br \/>\n<strong>Onde<\/strong>: Riocentro (Avenida Salvador Allende, 6555, Barra da Tijuca \u2013 Rio de Janeiro\/RJ)<br \/>\n<strong>Localiza\u00e7\u00e3o do estande:<\/strong>\u00a0Pavilh\u00e3o 3, rua F, estande F08.<br \/>\n<strong>Ingresso<\/strong>: R$ 44 (inteira) e R$ 22 (meia entrada)<br \/>\n<strong>Mais informa\u00e7\u00f5es<\/strong>:\u00a0<span style=\"color: #0000ff;\"><a style=\"color: #0000ff;\" href=\"https:\/\/bienaldolivro.com.br\/evento-2021\/\" target=\"_blank\" rel=\"noopener noreferrer\">https:\/\/bienaldolivro.com.br\/evento-2021\/<\/a><\/span><\/p>\n","protected":false},"excerpt":{"rendered":"<p>Dezembro, 2021 &#8211; A Tocalivros\u00a0confirmou a participa\u00e7\u00e3o presencial na Bienal do Livro do Rio, que acontece de 3 a 12 de dezembro, no Riocentro. Esta ser\u00e1 a nona participa\u00e7\u00e3o da produtora e a primeira com estande pr\u00f3prio. O ponto de encontro dos admiradores de audiolivro ser\u00e1 no Pavilh\u00e3o 3, na rua F, estante F08. No [&hellip;]<\/p>\n","protected":false},"author":1,"featured_media":18129,"comment_status":"open","ping_status":"open","sticky":false,"template":"","format":"standard","meta":{"_uag_custom_page_level_css":"","footnotes":""},"categories":[27],"tags":[22734,3269,22736,22737,10375,10406,22735],"class_list":["post-18128","post","type-post","status-publish","format-standard","has-post-thumbnail","hentry","category-acontece","tag-bienal-do-livro-2021","tag-curitiba-pr","tag-literatura-audiolivros","tag-precos-de-livros","tag-rio-de-janeiro","tag-riocentro","tag-tocalivros"],"blocksy_meta":[],"spectra_blocks_featured_image_url":{"thumbnail":{"url":"https:\/\/construcaocivil.siriusmarketingedesign.com.br\/wp-content\/uploads\/2021\/12\/BIENAL-Arte-Estande-Tocalivros-150x150.jpg","width":150,"height":150},"medium":{"url":"https:\/\/construcaocivil.siriusmarketingedesign.com.br\/wp-content\/uploads\/2021\/12\/BIENAL-Arte-Estande-Tocalivros-300x300.jpg","width":300,"height":300},"medium_large":{"url":"https:\/\/construcaocivil.siriusmarketingedesign.com.br\/wp-content\/uploads\/2021\/12\/BIENAL-Arte-Estande-Tocalivros-768x768.jpg","width":768,"height":768},"large":{"url":"https:\/\/construcaocivil.siriusmarketingedesign.com.br\/wp-content\/uploads\/2021\/12\/BIENAL-Arte-Estande-Tocalivros-1024x1024.jpg","width":1024,"height":1024},"full":{"url":"https:\/\/construcaocivil.siriusmarketingedesign.com.br\/wp-content\/uploads\/2021\/12\/BIENAL-Arte-Estande-Tocalivros.jpg","width":1500,"height":1500}},"spectra_blocks_author_info":{"display_name":"Jornal da Constru\u00e7\u00e3o Civil","avatar_url":"https:\/\/secure.gravatar.com\/avatar\/973c9774fd44ddaceb026973c4962faa70fc512bc4c9da68e8ebb40fecee6540?s=96&d=mm&r=g","author_link":"https:\/\/construcaocivil.siriusmarketingedesign.com.br\/?author=1","description":"Desde de 2013, levando muitas informa\u00e7\u00f5es, lan\u00e7amentos e produtos de qualidade para toda cadeia produtiva da constru\u00e7\u00e3o. O Futuro da constru\u00e7\u00e3o passa por aqui,"},"uagb_featured_image_src":{"full":["https:\/\/construcaocivil.siriusmarketingedesign.com.br\/wp-content\/uploads\/2021\/12\/BIENAL-Arte-Estande-Tocalivros.jpg",1500,1500,false],"thumbnail":["https:\/\/construcaocivil.siriusmarketingedesign.com.br\/wp-content\/uploads\/2021\/12\/BIENAL-Arte-Estande-Tocalivros-150x150.jpg",150,150,true],"medium":["https:\/\/construcaocivil.siriusmarketingedesign.com.br\/wp-content\/uploads\/2021\/12\/BIENAL-Arte-Estande-Tocalivros-300x300.jpg",300,300,true],"medium_large":["https:\/\/construcaocivil.siriusmarketingedesign.com.br\/wp-content\/uploads\/2021\/12\/BIENAL-Arte-Estande-Tocalivros-768x768.jpg",768,768,true],"large":["https:\/\/construcaocivil.siriusmarketingedesign.com.br\/wp-content\/uploads\/2021\/12\/BIENAL-Arte-Estande-Tocalivros-1024x1024.jpg",1024,1024,true],"1536x1536":["https:\/\/construcaocivil.siriusmarketingedesign.com.br\/wp-content\/uploads\/2021\/12\/BIENAL-Arte-Estande-Tocalivros.jpg",1500,1500,false],"2048x2048":["https:\/\/construcaocivil.siriusmarketingedesign.com.br\/wp-content\/uploads\/2021\/12\/BIENAL-Arte-Estande-Tocalivros.jpg",1500,1500,false]},"uagb_author_info":{"display_name":"Jornal da Constru\u00e7\u00e3o Civil","author_link":"https:\/\/construcaocivil.siriusmarketingedesign.com.br\/?author=1"},"uagb_comment_info":0,"uagb_excerpt":"Dezembro, 2021 &#8211; A Tocalivros\u00a0confirmou a participa\u00e7\u00e3o presencial na Bienal do Livro do Rio, que acontece de 3 a 12 de dezembro, no Riocentro. Esta ser\u00e1 a nona participa\u00e7\u00e3o da produtora e a primeira com estande pr\u00f3prio. O ponto de encontro dos admiradores de audiolivro ser\u00e1 no Pavilh\u00e3o 3, na rua F, estante F08. No&hellip;","_links":{"self":[{"href":"https:\/\/construcaocivil.siriusmarketingedesign.com.br\/index.php?rest_route=\/wp\/v2\/posts\/18128","targetHints":{"allow":["GET"]}}],"collection":[{"href":"https:\/\/construcaocivil.siriusmarketingedesign.com.br\/index.php?rest_route=\/wp\/v2\/posts"}],"about":[{"href":"https:\/\/construcaocivil.siriusmarketingedesign.com.br\/index.php?rest_route=\/wp\/v2\/types\/post"}],"author":[{"embeddable":true,"href":"https:\/\/construcaocivil.siriusmarketingedesign.com.br\/index.php?rest_route=\/wp\/v2\/users\/1"}],"replies":[{"embeddable":true,"href":"https:\/\/construcaocivil.siriusmarketingedesign.com.br\/index.php?rest_route=%2Fwp%2Fv2%2Fcomments&post=18128"}],"version-history":[{"count":0,"href":"https:\/\/construcaocivil.siriusmarketingedesign.com.br\/index.php?rest_route=\/wp\/v2\/posts\/18128\/revisions"}],"wp:featuredmedia":[{"embeddable":true,"href":"https:\/\/construcaocivil.siriusmarketingedesign.com.br\/index.php?rest_route=\/wp\/v2\/media\/18129"}],"wp:attachment":[{"href":"https:\/\/construcaocivil.siriusmarketingedesign.com.br\/index.php?rest_route=%2Fwp%2Fv2%2Fmedia&parent=18128"}],"wp:term":[{"taxonomy":"category","embeddable":true,"href":"https:\/\/construcaocivil.siriusmarketingedesign.com.br\/index.php?rest_route=%2Fwp%2Fv2%2Fcategories&post=18128"},{"taxonomy":"post_tag","embeddable":true,"href":"https:\/\/construcaocivil.siriusmarketingedesign.com.br\/index.php?rest_route=%2Fwp%2Fv2%2Ftags&post=18128"}],"curies":[{"name":"wp","href":"https:\/\/api.w.org\/{rel}","templated":true}]}}