{"id":18184,"date":"2021-12-12T13:03:42","date_gmt":"2021-12-12T16:03:42","guid":{"rendered":"https:\/\/www.jornaldaconstrucaocivil.com.br\/?p=18184"},"modified":"2021-12-13T22:01:24","modified_gmt":"2021-12-14T01:01:24","slug":"lula-nao-tem-explicacao-esse-aumento-do-combustivel","status":"publish","type":"post","link":"https:\/\/construcaocivil.siriusmarketingedesign.com.br\/?p=18184","title":{"rendered":"Lula: N\u00e3o tem explica\u00e7\u00e3o esse aumento do combust\u00edvel"},"content":{"rendered":"<p style=\"text-align: justify;\"><b><i>Por\u00a0<a href=\"https:\/\/lula.com.br\/lula-nao-tem-explicacao-esse-aumento-da-gasolina\/\" target=\"_blank\" rel=\"noopener\">lula.com.br<\/a><\/i><\/b><\/p>\n<p style=\"text-align: justify;\"><a href=\"https:\/\/twitter.com\/LulaOficial\/status\/1443185854915256322\" target=\"_blank\" rel=\"noreferrer noopener\" data-type=\"URL\" data-id=\"https:\/\/twitter.com\/LulaOficial\/status\/1443185854915256322\"><span style=\"color: #0000ff;\">Em entrevista \u00e0 r\u00e1dio Capital FM 101.9, de Cuiab\u00e1 (MT)<\/span><\/a>, na quarta-feira (29\/11), o ex-presidente Luiz In\u00e1cio Lula da Silva criticou os sucessivos aumentos no pre\u00e7o dos combust\u00edveis no Brasil. Nessa ter\u00e7a (28), a Petrobras anunciou mais um aumento.\u00a0 Questionado sobre o assunto, Lula afirmou que \u00e9 inadmiss\u00edvel o \u00f3leo diesel e a <span style=\"color: #0000ff;\"><a style=\"color: #0000ff;\" href=\"https:\/\/lula.com.br\/preco-da-gasolina-e-culpa-de-bolsonaro-icms-e-o-mesmo-de-2016\/\" target=\"_blank\" rel=\"noreferrer noopener\" data-type=\"URL\" data-id=\"https:\/\/lula.com.br\/preco-da-gasolina-e-culpa-de-bolsonaro-icms-e-o-mesmo-de-2016\/\">gasolina subirem mais uma vez<\/a><\/span>.<\/p>\n<p style=\"text-align: justify;\">\u201cS\u00f3 teria explica\u00e7\u00e3o subordinar o pre\u00e7o nacional ao internacional, se o Brasil fosse importador de Petr\u00f3leo, mas o Brasil \u00e9 autossuficiente. O que a Petrobras est\u00e1 fazendo \u00e9 ac\u00famulo de dinheiro para pagar os acionistas, principalmente os americanos. N\u00e3o tem explica\u00e7\u00e3o aumentar o pre\u00e7o do combust\u00edvel por causa do pre\u00e7o internacional. O Brasil pode ter um pre\u00e7o pr\u00f3prio. N\u00e3o tem explica\u00e7\u00e3o\u201d, disse Lula, lembrando que o PT fez o equil\u00edbrio os pre\u00e7os quando estava no governo.<\/p>\n<p style=\"text-align: justify;\">Para Lula, Bolsonaro \u00e9 como aquele marido que n\u00e3o consegue resolver os problemas da sua fam\u00edlia e fica culpando o vizinho. \u201cFica culpando o cara que mora na frente dele pela desgra\u00e7a dele. Ele confessa que n\u00e3o entende nada de economia, mas ele deveria entender pelo menos do pre\u00e7o, entender que no Mato Grosso, Cuiab\u00e1, que \u00e9 a cidade que mais cria gado no Brasil, tem gente na fila no a\u00e7ougue pegando osso\u201d, disse.<\/p>\n<p style=\"text-align: justify;\">Questionado sobre medidas de redu\u00e7\u00e3o de impostos pelos governadores, Lula disse que, se os governadores tiverem condi\u00e7\u00f5es de reduzir impostos, \u00e9 importante, mas lembrou que a responsabilidade \u00e9 do governo Bolsonaro.<\/p>\n<p style=\"text-align: justify;\">\u201cQualquer redu\u00e7\u00e3o (de imposto) \u00e9 necess\u00e1ria para amenizar o sofrimento do povo brasileiro. Mas o governo brasileiro deveria assumir a responsabilidade porque n\u00e3o tem explica\u00e7\u00e3o, n\u00e3o tem explica\u00e7\u00e3o o aumento do combust\u00edvel da forma liberada como est\u00e1 hoje. Quem est\u00e1 ganhando com isso s\u00e3o os investidores nas a\u00e7\u00f5es da Petrobras e n\u00e3o os consumidores brasileiros que s\u00e3o v\u00edtimas duas vezes: quando pagam pelo combust\u00edvel e s\u00e3o v\u00edtimas tamb\u00e9m quando v\u00e3o comprar um quilo de feij\u00e3o ou arroz no supermercado\u201d, afirmou, lembrando que o pre\u00e7o do combust\u00edvel influencia o pre\u00e7o das demais mercadorias.<\/p>\n<p style=\"text-align: justify;\">Lula disse que, num eventual governo do PT, n\u00e3o\u00a0<span style=\"color: #0000ff;\"><a style=\"color: #0000ff;\" href=\"https:\/\/lula.com.br\/dolarizacao-dos-precos-e-desvalorizacao-da-petrobras-gasolina-bate-r6\/\" target=\"_blank\" rel=\"noreferrer noopener\" data-type=\"URL\" data-id=\"https:\/\/lula.com.br\/dolarizacao-dos-precos-e-desvalorizacao-da-petrobras-gasolina-bate-r6\/\">haveria subordina\u00e7\u00e3o ao mercado internacional<\/a><\/span>.\u00a0 \u201cN\u00f3s j\u00e1 fizemos isso e \u00e9 plenamente poss\u00edvel fazer outra vez\u201d, afirmou, destacando que o governo est\u00e1 tentando desmontar a Petrobras. \u201cEst\u00e3o vendendo tudo que a gente tinha, gasodutos, a BR (Distribuidora) e v\u00e3o perdendo o controle o pre\u00e7o do combust\u00edvel\u201d.<\/p>\n<p style=\"text-align: justify;\">Ele destacou que mesmo depois da descoberta do pr\u00e9-sal, que poderia garantir o futuro do Brasil, o pa\u00eds est\u00e1 sendo tratado como se fosse um pa\u00eds sem petr\u00f3leo e sem import\u00e2ncia. \u201cN\u00e3o existe a possibilidade de num governo do PT a gente ficar subordinado do mercado interacional para estabelecer o pre\u00e7o do \u00f3leo diesel, da gasolina e do g\u00e1s\u201d.<\/p>\n","protected":false},"excerpt":{"rendered":"<p>Por\u00a0lula.com.br Em entrevista \u00e0 r\u00e1dio Capital FM 101.9, de Cuiab\u00e1 (MT), na quarta-feira (29\/11), o ex-presidente Luiz In\u00e1cio Lula da Silva criticou os sucessivos aumentos no pre\u00e7o dos combust\u00edveis no Brasil. Nessa ter\u00e7a (28), a Petrobras anunciou mais um aumento.\u00a0 Questionado sobre o assunto, Lula afirmou que \u00e9 inadmiss\u00edvel o \u00f3leo diesel e a gasolina [&hellip;]<\/p>\n","protected":false},"author":1,"featured_media":18185,"comment_status":"open","ping_status":"open","sticky":false,"template":"","format":"standard","meta":{"_uag_custom_page_level_css":"","footnotes":""},"categories":[33],"tags":[22772,3503,22727,22774,8893,22773],"class_list":["post-18184","post","type-post","status-publish","format-standard","has-post-thumbnail","hentry","category-mercado","tag-black-friday-na-petrobras","tag-desemprego-alto","tag-economia-em-recessao","tag-eleicoes-2022-lula-lidera","tag-pib-fraco","tag-precos-dos-combustiveis-e-gas-de-cozinha-sobe-80"],"blocksy_meta":[],"spectra_blocks_featured_image_url":{"thumbnail":{"url":"https:\/\/construcaocivil.siriusmarketingedesign.com.br\/wp-content\/uploads\/2021\/12\/AA-LULA-150x150.jpeg","width":150,"height":150},"medium":{"url":"https:\/\/construcaocivil.siriusmarketingedesign.com.br\/wp-content\/uploads\/2021\/12\/AA-LULA-300x169.jpeg","width":300,"height":169},"medium_large":{"url":"https:\/\/construcaocivil.siriusmarketingedesign.com.br\/wp-content\/uploads\/2021\/12\/AA-LULA.jpeg","width":753,"height":424},"large":{"url":"https:\/\/construcaocivil.siriusmarketingedesign.com.br\/wp-content\/uploads\/2021\/12\/AA-LULA.jpeg","width":753,"height":424},"full":{"url":"https:\/\/construcaocivil.siriusmarketingedesign.com.br\/wp-content\/uploads\/2021\/12\/AA-LULA.jpeg","width":753,"height":424}},"spectra_blocks_author_info":{"display_name":"Jornal da Constru\u00e7\u00e3o Civil","avatar_url":"https:\/\/secure.gravatar.com\/avatar\/973c9774fd44ddaceb026973c4962faa70fc512bc4c9da68e8ebb40fecee6540?s=96&d=mm&r=g","author_link":"https:\/\/construcaocivil.siriusmarketingedesign.com.br\/?author=1","description":"Desde de 2013, levando muitas informa\u00e7\u00f5es, lan\u00e7amentos e produtos de qualidade para toda cadeia produtiva da constru\u00e7\u00e3o. O Futuro da constru\u00e7\u00e3o passa por aqui,"},"uagb_featured_image_src":{"full":["https:\/\/construcaocivil.siriusmarketingedesign.com.br\/wp-content\/uploads\/2021\/12\/AA-LULA.jpeg",753,424,false],"thumbnail":["https:\/\/construcaocivil.siriusmarketingedesign.com.br\/wp-content\/uploads\/2021\/12\/AA-LULA-150x150.jpeg",150,150,true],"medium":["https:\/\/construcaocivil.siriusmarketingedesign.com.br\/wp-content\/uploads\/2021\/12\/AA-LULA-300x169.jpeg",300,169,true],"medium_large":["https:\/\/construcaocivil.siriusmarketingedesign.com.br\/wp-content\/uploads\/2021\/12\/AA-LULA.jpeg",753,424,false],"large":["https:\/\/construcaocivil.siriusmarketingedesign.com.br\/wp-content\/uploads\/2021\/12\/AA-LULA.jpeg",753,424,false],"1536x1536":["https:\/\/construcaocivil.siriusmarketingedesign.com.br\/wp-content\/uploads\/2021\/12\/AA-LULA.jpeg",753,424,false],"2048x2048":["https:\/\/construcaocivil.siriusmarketingedesign.com.br\/wp-content\/uploads\/2021\/12\/AA-LULA.jpeg",753,424,false]},"uagb_author_info":{"display_name":"Jornal da Constru\u00e7\u00e3o Civil","author_link":"https:\/\/construcaocivil.siriusmarketingedesign.com.br\/?author=1"},"uagb_comment_info":0,"uagb_excerpt":"Por\u00a0lula.com.br Em entrevista \u00e0 r\u00e1dio Capital FM 101.9, de Cuiab\u00e1 (MT), na quarta-feira (29\/11), o ex-presidente Luiz In\u00e1cio Lula da Silva criticou os sucessivos aumentos no pre\u00e7o dos combust\u00edveis no Brasil. Nessa ter\u00e7a (28), a Petrobras anunciou mais um aumento.\u00a0 Questionado sobre o assunto, Lula afirmou que \u00e9 inadmiss\u00edvel o \u00f3leo diesel e a gasolina&hellip;","_links":{"self":[{"href":"https:\/\/construcaocivil.siriusmarketingedesign.com.br\/index.php?rest_route=\/wp\/v2\/posts\/18184","targetHints":{"allow":["GET"]}}],"collection":[{"href":"https:\/\/construcaocivil.siriusmarketingedesign.com.br\/index.php?rest_route=\/wp\/v2\/posts"}],"about":[{"href":"https:\/\/construcaocivil.siriusmarketingedesign.com.br\/index.php?rest_route=\/wp\/v2\/types\/post"}],"author":[{"embeddable":true,"href":"https:\/\/construcaocivil.siriusmarketingedesign.com.br\/index.php?rest_route=\/wp\/v2\/users\/1"}],"replies":[{"embeddable":true,"href":"https:\/\/construcaocivil.siriusmarketingedesign.com.br\/index.php?rest_route=%2Fwp%2Fv2%2Fcomments&post=18184"}],"version-history":[{"count":0,"href":"https:\/\/construcaocivil.siriusmarketingedesign.com.br\/index.php?rest_route=\/wp\/v2\/posts\/18184\/revisions"}],"wp:featuredmedia":[{"embeddable":true,"href":"https:\/\/construcaocivil.siriusmarketingedesign.com.br\/index.php?rest_route=\/wp\/v2\/media\/18185"}],"wp:attachment":[{"href":"https:\/\/construcaocivil.siriusmarketingedesign.com.br\/index.php?rest_route=%2Fwp%2Fv2%2Fmedia&parent=18184"}],"wp:term":[{"taxonomy":"category","embeddable":true,"href":"https:\/\/construcaocivil.siriusmarketingedesign.com.br\/index.php?rest_route=%2Fwp%2Fv2%2Fcategories&post=18184"},{"taxonomy":"post_tag","embeddable":true,"href":"https:\/\/construcaocivil.siriusmarketingedesign.com.br\/index.php?rest_route=%2Fwp%2Fv2%2Ftags&post=18184"}],"curies":[{"name":"wp","href":"https:\/\/api.w.org\/{rel}","templated":true}]}}