{"id":18190,"date":"2021-12-14T00:54:59","date_gmt":"2021-12-14T03:54:59","guid":{"rendered":"https:\/\/www.jornaldaconstrucaocivil.com.br\/?p=18190"},"modified":"2021-12-14T00:54:59","modified_gmt":"2021-12-14T03:54:59","slug":"mills-em-parceria-com-o-senai-lanca-programa-de-bolsas-para-cursos-tecnicos-em-sao-luis-ma-cuiaba-mt-e-parauapebas-pa","status":"publish","type":"post","link":"https:\/\/construcaocivil.siriusmarketingedesign.com.br\/?p=18190","title":{"rendered":"Mills em parceria com o Senai lan\u00e7a programa de bolsas para cursos t\u00e9cnicos em S\u00e3o Lu\u00eds (MA), Cuiab\u00e1 (MT) e Parauapebas (PA)"},"content":{"rendered":"<p style=\"text-align: justify;\"><span style=\"color: #ff0000;\"><strong>S\u00e3o Paulo, dezembro de 2021<\/strong><\/span>\u00a0\u2013 Pessoas que cursaram o Ensino T\u00e9cnico possuem 38% mais chances de conseguir um emprego de carteira assinada e uma remunera\u00e7\u00e3o 13% maior do que aquelas que n\u00e3o fizeram um curso profissionalizante, segundo estudo da Funda\u00e7\u00e3o Get\u00falio Vargas (FGV). Sabendo da sua import\u00e2ncia para a inser\u00e7\u00e3o profissional e para gerar impacto positivo nas regi\u00f5es em que atua, a\u00a0<strong>Mills<\/strong>, empresa l\u00edder na loca\u00e7\u00e3o de equipamentos para a execu\u00e7\u00e3o de trabalhos em altura na Am\u00e9rica Latina, em parceria com o\u00a0<strong>Servi\u00e7o Nacional de Aprendizagem Industrial (Senai),<\/strong>\u00a0lan\u00e7a o\u00a0<strong>Programa Transformar<\/strong>, que inicialmente vai oferecer 30 bolsas de estudo para cursos t\u00e9cnicos de eletrot\u00e9cnica e eletromec\u00e2nica em S\u00e3o Lu\u00eds (MA), Cuiab\u00e1 (MT) e Parauapebas (PA).<\/p>\n<p style=\"text-align: justify;\">A iniciativa, que ser\u00e1 estendida para mais de 40 cidades em que a companhia estar\u00e1 presente at\u00e9 2025, come\u00e7a, nesta primeira fase, com a abertura das inscri\u00e7\u00f5es presenciais no Senai entre dezembro de 2021 e janeiro de 2022. Os programas t\u00eam dura\u00e7\u00e3o de dois anos, em que est\u00e3o previstas intera\u00e7\u00f5es e visitas nos espa\u00e7os da companhia, al\u00e9m da presen\u00e7a dos gestores e supervisores da Mills nas unidades do Senai. Durante as intera\u00e7\u00f5es, os colaboradores da companhia v\u00e3o mostrar a aplica\u00e7\u00e3o de conte\u00fado te\u00f3rico em equipamentos, perspectivas de carreira e aspectos de mercado.<\/p>\n<p style=\"text-align: justify;\">O projeto tamb\u00e9m inclui uma bolsa de R$ 300 por m\u00eas para cada aluno, mas n\u00e3o existir\u00e1 v\u00ednculo empregat\u00edcio. No entanto, havendo oportunidades, o aluno poder\u00e1 integrar o time da Mills em est\u00e1gios t\u00e9cnicos a partir de junho de 2022.<\/p>\n<p style=\"text-align: justify;\">\u201cSabemos que a forma\u00e7\u00e3o t\u00e9cnica \u00e9 um diferencial valioso para os jovens e pode significar, al\u00e9m do crescimento pessoal e profissional, uma mudan\u00e7a de vida para ele e toda a sua fam\u00edlia. Por conta disso, o Programa Transformar representa um marco para a nossa empresa ao gerar impacto positivo para a sociedade, pois nascemos de um sonho de transformar vidas e, hoje, damos continuidade a este legado, que vai al\u00e9m dos produtos que oferecemos aos nossos clientes\u201d, explica Sergio Kariya, CEO da Mills.<\/p>\n<p style=\"text-align: justify;\">Para escolher as cidades favorecidas, a companhia fez um mapeamento nas regi\u00f5es em que est\u00e1 presente, para poder priorizar localidades com baixo IDH (\u00cdndice de Desenvolvimento Humano) e PIB (Produto Interno Bruto), al\u00e9m de munic\u00edpios com grande necessidade de m\u00e3o-de-obra qualificada. Com presen\u00e7a em mais de 1,2 mil munic\u00edpios e filiais em 43 cidades, a expectativa da Mills \u00e9 iniciar a segunda fase da iniciativa em julho de 2022.<\/p>\n<p style=\"text-align: justify;\">Entre os pr\u00e9-requisitos dos candidatos, eles precisam ser maiores de 18 anos, ter renda mensal familiar de at\u00e9 tr\u00eas sal\u00e1rios m\u00ednimos (juntando a renda de toda fam\u00edlia), forma\u00e7\u00e3o em escolas p\u00fablicas ou bolsista integral de escolas privadas, n\u00e3o ter v\u00ednculo empregat\u00edcio com outra empresa e n\u00e3o ter outra forma\u00e7\u00e3o t\u00e9cnica.<\/p>\n<p><strong>Relacionamento com a comunidade<\/strong><\/p>\n<p>Um dos pilares das a\u00e7\u00f5es organizacionais da Mills, dentro de sua Jornada de Sustentabilidade, est\u00e1 a atua\u00e7\u00e3o pr\u00f3xima das comunidades do entorno onde suas opera\u00e7\u00f5es est\u00e3o inseridas, contribuindo no desenvolvimento da regi\u00e3o com a\u00e7\u00f5es e atividades de desenvolvimento social, capacita\u00e7\u00f5es e qualifica\u00e7\u00f5es da popula\u00e7\u00e3o, sempre com foco nos impactos socioambientais.<\/p>\n<p>\u201cNossa empresa \u00e9 feita de pessoas que sonham alto, por isso o Programa Transformar \u00e9 uma realiza\u00e7\u00e3o que nos enche de muito orgulho. Em nossa trajet\u00f3ria de quase 70 anos, mudamos a vida de muita gente e queremos investir nesta gera\u00e7\u00e3o. Essa iniciativa \u00e9 uma continua\u00e7\u00e3o importante para ampliarmos as a\u00e7\u00f5es que j\u00e1 desenvolvemos com o objetivo de criar um sistema econ\u00f4mico mais inclusivo e equitativo para as pessoas. Nesse sentido, reconhecemos que a forma\u00e7\u00e3o t\u00e9cnica \u00e9 um diferencial valioso para os jovens, ao acelerar a sua entrada no mercado de trabalho e aumentar significativamente suas chances de empregabilidade. Isso representa para muitos, al\u00e9m da possibilidade de crescimento pessoal e profissional, uma mudan\u00e7a de vida\u201d, comenta Kleber\u00a0Racy, diretor de Gente, Gest\u00e3o &amp; SSMA da\u00a0Mills.<\/p>\n<p>O diretor regional do Senai, Raimundo Arruda, ressalta que a institui\u00e7\u00e3o do Sistema FIEMA \u00e9 refer\u00eancia em educa\u00e7\u00e3o profissional porque est\u00e1 alinhada com as necessidades da ind\u00fastria e mant\u00e9m seus cursos atualizados com o que existe de mais avan\u00e7ado em termos de tecnologia. &#8220;Nessa parceria, o Senai-MA estar\u00e1, mais uma vez, cumprindo sua miss\u00e3o de transformar a vida de jovens maranhenses pela educa\u00e7\u00e3o profissional, preparando-os e oferecendo qualifica\u00e7\u00e3o para o mundo do trabalho&#8221;, diz Arruda.<\/p>\n<p>D\u00e1rio Lemos, diretor regional do Senai Par\u00e1, tamb\u00e9m refor\u00e7a a import\u00e2ncia da parceria. \u201cEst\u00e1 no DNA do Senai trabalhar em prol do desenvolvimento da ind\u00fastria e na melhoria de vida das pessoas. Por isso, nos alegramos em participar dessa iniciativa, ofertando estrutura e excelentes profissionais na execu\u00e7\u00e3o dos cursos, potencializando as oportunidades de emprego dos participantes do projeto\u201d, avalia Lemos.<\/p>\n<p>A diretora regional do Senai Mato Grosso, L\u00e9lia Brun, acrescenta que \u201cesta parceria \u00e9 uma grande oportunidade de inserir jovens no mercado de trabalho, pois al\u00e9m da qualifica\u00e7\u00e3o, eles j\u00e1 saem com a experi\u00eancia profissional. Segundo ela, o compromisso da institui\u00e7\u00e3o \u00e9 qualificar a m\u00e3o de obra das empresas e ajudar a combater a desigualdade, promovendo crescimento econ\u00f4mico e gerando novos empregos.<\/p>\n<p><strong><u>Inscri\u00e7\u00f5es<\/u><\/strong><\/p>\n<p><strong>&#8211; S\u00e3o Lu\u00eds (MA)<\/strong><br \/>\nCurso oferecido: Eletrot\u00e9cnica<br \/>\nPer\u00edodo de inscri\u00e7\u00f5es: De 13 a 20 de dezembro<br \/>\nQuantidade de vagas: 10<br \/>\nEndere\u00e7o: Avenida Get\u00falio Vargas, 2888, Monte Castelo, S\u00e3o Lu\u00eds-MA, CEP: 65030-005<br \/>\nIn\u00edcio das aulas:\u00a0Previs\u00e3o para 07\/02\/2022<br \/>\nTurno:\u00a0Noturno (18h30h \u00e0s 22h)<br \/>\nCarga hor\u00e1ria total:\u00a01,2 mil horas\u00a0durante 24 meses<br \/>\nResultado\u00a0com a lista de\u00a0pr\u00e9-aprovados\u00a0pelo Senai:\u00a028\/01\/2022<br \/>\nPer\u00edodo de matr\u00edcula:\u00a01\u00ba a 3 de fevereiro<br \/>\nModalidade do curso:\u00a0Presencial\u00a0(segunda a sexta-feira)<\/p>\n<p><strong>&#8211; Cuiab\u00e1 (MT)<\/strong><br \/>\nCurso oferecido: Eletrot\u00e9cnica<br \/>\nPer\u00edodo de inscri\u00e7\u00f5es: De 4 a 13 de janeiro<br \/>\nQuantidade de vagas: 10<br \/>\nEndere\u00e7o: Av. XV de Novembro, 303 &#8211; CEP: 78020-301 &#8211; Cuiab\u00e1 \/ MT<br \/>\nIn\u00edcio das aulas:\u00a0Previs\u00e3o para 07\/02\/2022<br \/>\nTurno:\u00a0Noturno (19h\u00a0\u00e0s\u00a022h)<\/p>\n<p><strong>&#8211; Paraupebas (PA)<br \/>\n<\/strong>Curso oferecido: Eletromec\u00e2nica<br \/>\nPer\u00edodo de inscri\u00e7\u00f5es: De 10 a 14 de janeiro<br \/>\nQuantidade de vagas: 10<br \/>\nIn\u00edcio das aulas:\u00a007\/02\/2022<br \/>\nTurno:\u00a0Noturno (18h \u00e0s 22h)<br \/>\nCarga hor\u00e1ria total:\u00a01.540 horas\u00a0durante 24 meses<br \/>\nResultado\u00a0com a lista de\u00a0aprovados pelo Senai: 27\/01\/2022<br \/>\nPer\u00edodo de matr\u00edcula:27\/01 a 04\/02<br \/>\nModalidade do curso:\u00a0Presencial\u00a0(segunda a sexta-feira)<\/p>\n","protected":false},"excerpt":{"rendered":"<p>S\u00e3o Paulo, dezembro de 2021\u00a0\u2013 Pessoas que cursaram o Ensino T\u00e9cnico possuem 38% mais chances de conseguir um emprego de carteira assinada e uma remunera\u00e7\u00e3o 13% maior do que aquelas que n\u00e3o fizeram um curso profissionalizante, segundo estudo da Funda\u00e7\u00e3o Get\u00falio Vargas (FGV). Sabendo da sua import\u00e2ncia para a inser\u00e7\u00e3o profissional e para gerar impacto [&hellip;]<\/p>\n","protected":false},"author":1,"featured_media":18191,"comment_status":"open","ping_status":"open","sticky":false,"template":"","format":"standard","meta":{"_uag_custom_page_level_css":"","footnotes":""},"categories":[27],"tags":[14580,3245,22778,22779,7664,8144,22777,19297,10664,10890],"class_list":["post-18190","post","type-post","status-publish","format-standard","has-post-thumbnail","hentry","category-acontece","tag-bolsas-de-estudo","tag-cuiaba-mt","tag-locacao-de-plataformas-aereas","tag-manipuladores-aereos","tag-mills","tag-nordeste","tag-norte-e-centro-oeste","tag-parauapebas-pa","tag-sao-luis-ma","tag-senai-ma"],"blocksy_meta":[],"spectra_blocks_featured_image_url":{"thumbnail":{"url":"https:\/\/construcaocivil.siriusmarketingedesign.com.br\/wp-content\/uploads\/2021\/12\/SENAI-BELEM-150x150.jpg","width":150,"height":150},"medium":{"url":"https:\/\/construcaocivil.siriusmarketingedesign.com.br\/wp-content\/uploads\/2021\/12\/SENAI-BELEM-300x210.jpg","width":300,"height":210},"medium_large":{"url":"https:\/\/construcaocivil.siriusmarketingedesign.com.br\/wp-content\/uploads\/2021\/12\/SENAI-BELEM-768x539.jpg","width":768,"height":539},"large":{"url":"https:\/\/construcaocivil.siriusmarketingedesign.com.br\/wp-content\/uploads\/2021\/12\/SENAI-BELEM.jpg","width":874,"height":613},"full":{"url":"https:\/\/construcaocivil.siriusmarketingedesign.com.br\/wp-content\/uploads\/2021\/12\/SENAI-BELEM.jpg","width":874,"height":613}},"spectra_blocks_author_info":{"display_name":"Jornal da Constru\u00e7\u00e3o Civil","avatar_url":"https:\/\/secure.gravatar.com\/avatar\/973c9774fd44ddaceb026973c4962faa70fc512bc4c9da68e8ebb40fecee6540?s=96&d=mm&r=g","author_link":"https:\/\/construcaocivil.siriusmarketingedesign.com.br\/?author=1","description":"Desde de 2013, levando muitas informa\u00e7\u00f5es, lan\u00e7amentos e produtos de qualidade para toda cadeia produtiva da constru\u00e7\u00e3o. O Futuro da constru\u00e7\u00e3o passa por aqui,"},"uagb_featured_image_src":{"full":["https:\/\/construcaocivil.siriusmarketingedesign.com.br\/wp-content\/uploads\/2021\/12\/SENAI-BELEM.jpg",874,613,false],"thumbnail":["https:\/\/construcaocivil.siriusmarketingedesign.com.br\/wp-content\/uploads\/2021\/12\/SENAI-BELEM-150x150.jpg",150,150,true],"medium":["https:\/\/construcaocivil.siriusmarketingedesign.com.br\/wp-content\/uploads\/2021\/12\/SENAI-BELEM-300x210.jpg",300,210,true],"medium_large":["https:\/\/construcaocivil.siriusmarketingedesign.com.br\/wp-content\/uploads\/2021\/12\/SENAI-BELEM-768x539.jpg",768,539,true],"large":["https:\/\/construcaocivil.siriusmarketingedesign.com.br\/wp-content\/uploads\/2021\/12\/SENAI-BELEM.jpg",874,613,false],"1536x1536":["https:\/\/construcaocivil.siriusmarketingedesign.com.br\/wp-content\/uploads\/2021\/12\/SENAI-BELEM.jpg",874,613,false],"2048x2048":["https:\/\/construcaocivil.siriusmarketingedesign.com.br\/wp-content\/uploads\/2021\/12\/SENAI-BELEM.jpg",874,613,false]},"uagb_author_info":{"display_name":"Jornal da Constru\u00e7\u00e3o Civil","author_link":"https:\/\/construcaocivil.siriusmarketingedesign.com.br\/?author=1"},"uagb_comment_info":0,"uagb_excerpt":"S\u00e3o Paulo, dezembro de 2021\u00a0\u2013 Pessoas que cursaram o Ensino T\u00e9cnico possuem 38% mais chances de conseguir um emprego de carteira assinada e uma remunera\u00e7\u00e3o 13% maior do que aquelas que n\u00e3o fizeram um curso profissionalizante, segundo estudo da Funda\u00e7\u00e3o Get\u00falio Vargas (FGV). Sabendo da sua import\u00e2ncia para a inser\u00e7\u00e3o profissional e para gerar impacto&hellip;","_links":{"self":[{"href":"https:\/\/construcaocivil.siriusmarketingedesign.com.br\/index.php?rest_route=\/wp\/v2\/posts\/18190","targetHints":{"allow":["GET"]}}],"collection":[{"href":"https:\/\/construcaocivil.siriusmarketingedesign.com.br\/index.php?rest_route=\/wp\/v2\/posts"}],"about":[{"href":"https:\/\/construcaocivil.siriusmarketingedesign.com.br\/index.php?rest_route=\/wp\/v2\/types\/post"}],"author":[{"embeddable":true,"href":"https:\/\/construcaocivil.siriusmarketingedesign.com.br\/index.php?rest_route=\/wp\/v2\/users\/1"}],"replies":[{"embeddable":true,"href":"https:\/\/construcaocivil.siriusmarketingedesign.com.br\/index.php?rest_route=%2Fwp%2Fv2%2Fcomments&post=18190"}],"version-history":[{"count":0,"href":"https:\/\/construcaocivil.siriusmarketingedesign.com.br\/index.php?rest_route=\/wp\/v2\/posts\/18190\/revisions"}],"wp:featuredmedia":[{"embeddable":true,"href":"https:\/\/construcaocivil.siriusmarketingedesign.com.br\/index.php?rest_route=\/wp\/v2\/media\/18191"}],"wp:attachment":[{"href":"https:\/\/construcaocivil.siriusmarketingedesign.com.br\/index.php?rest_route=%2Fwp%2Fv2%2Fmedia&parent=18190"}],"wp:term":[{"taxonomy":"category","embeddable":true,"href":"https:\/\/construcaocivil.siriusmarketingedesign.com.br\/index.php?rest_route=%2Fwp%2Fv2%2Fcategories&post=18190"},{"taxonomy":"post_tag","embeddable":true,"href":"https:\/\/construcaocivil.siriusmarketingedesign.com.br\/index.php?rest_route=%2Fwp%2Fv2%2Ftags&post=18190"}],"curies":[{"name":"wp","href":"https:\/\/api.w.org\/{rel}","templated":true}]}}