{"id":18208,"date":"2021-12-17T00:19:41","date_gmt":"2021-12-17T03:19:41","guid":{"rendered":"https:\/\/www.jornaldaconstrucaocivil.com.br\/?p=18208"},"modified":"2021-12-17T00:19:41","modified_gmt":"2021-12-17T03:19:41","slug":"aprovacao-do-pl-da-geracao-propria-de-energia-destrava-investimentos-e-energia-solar-deve-crescer-ainda-mais-no-brasil-diz-absolar","status":"publish","type":"post","link":"https:\/\/construcaocivil.siriusmarketingedesign.com.br\/?p=18208","title":{"rendered":"Aprova\u00e7\u00e3o do PL da gera\u00e7\u00e3o pr\u00f3pria de energia destrava investimentos e energia solar deve crescer ainda mais no Brasil, diz ABSOLAR"},"content":{"rendered":"<p style=\"text-align: justify;\"><strong>Bras\u00edlia, 16 de dezembro de 2021 \u2013<\/strong>\u00a0Acaba de ser aprovado hoje pela C\u00e2mara do Deputados o Projeto de Lei n\u00b0 5829\/2019 (PL), que cria o marco legal para a gera\u00e7\u00e3o pr\u00f3pria de energia solar e demais fontes renov\u00e1veis no Brasil. Para a Associa\u00e7\u00e3o Brasileira de Energia Solar Fotovoltaica (ABSOLAR), a cria\u00e7\u00e3o da lei, que segue agora para san\u00e7\u00e3o presidencial, vai trazer mais seguran\u00e7a jur\u00eddica ao setor e deve acelerar os investimentos em novos projetos fotovoltaicos em resid\u00eancias e empresas no Pa\u00eds.<\/p>\n<p style=\"text-align: justify;\">Para o presidente executivo da ABSOLAR, Rodrigo Sauaia, a aprova\u00e7\u00e3o do PL nas duas casas legislativas (C\u00e2mara e Senado) desfaz as incertezas jur\u00eddicas e regulat\u00f3rias que pairavam sobre o mercado e, com isso, traz estabilidade, previsibilidade e clareza para o crescimento acelerado da energia solar no Brasil.<\/p>\n<p>\u201cO PL aprovado retornou o texto base inicialmente acordado. A gera\u00e7\u00e3o pr\u00f3pria de energia solar \u00e9 atualmente uma das melhores alternativas para fugir das bandeiras tarif\u00e1rias e, assim, aliviar o bolso do cidad\u00e3o e do empres\u00e1rio neste per\u00edodo de escassez h\u00eddrica\u201d, diz. \u201cA energia solar \u00e9 fundamental tamb\u00e9m para a retomada econ\u00f4mica sustent\u00e1vel do Pa\u00eds, pois gera muitos empregos de qualidade, com uma energia limpa, abundante e acess\u00edvel\u201d, acrescenta.<\/p>\n<p>Para a vice-presidente de gera\u00e7\u00e3o distribu\u00edda da ABSOLAR, B\u00e1rbara Rubim, o marco legal fortalece a diversidade e seguran\u00e7a de suprimento el\u00e9trico do Brasil, ajudando a aliviar os efeitos da crise h\u00eddrica no setor el\u00e9trico, o que contribui para a redu\u00e7\u00e3o da conta de luz de todos os consumidores. \u201cAl\u00e9m de limpa e competitiva, a energia solar \u00e9 r\u00e1pida de implantar: um novo sistema solar de gera\u00e7\u00e3o pr\u00f3pria pode ser instalado em uma casa ou pequeno neg\u00f3cio em poucos dias, trazendo uma redu\u00e7\u00e3o de at\u00e9 90% nos gastos com a conta de luz\u201d, aponta Rubim.<\/p>\n<p>O texto final do PL traz seguran\u00e7a jur\u00eddica ao manter as regras atuais at\u00e9 2045 para os pioneiros e aqueles que solicitarem acesso \u00e0 distribuidora at\u00e9 12 meses ap\u00f3s a publica\u00e7\u00e3o da Lei. Tamb\u00e9m prev\u00ea um per\u00edodo de transi\u00e7\u00e3o para quem entrar ap\u00f3s os 12 meses com o pagamento escalonado da Tarifa de Uso do Sistema de Distribui\u00e7\u00e3o (TUSD fio B). Al\u00e9m disso, o Conselho Nacional de Pol\u00edtica Energ\u00e9tica (CNPE) e a ANEEL t\u00eam 18 meses, a partir da publica\u00e7\u00e3o da Lei, para estabelecer as diretrizes e a valora\u00e7\u00e3o dos custos e benef\u00edcios da gera\u00e7\u00e3o distribu\u00edda a serem implementados ap\u00f3s o per\u00edodo de transi\u00e7\u00e3o.<\/p>\n<p>A gera\u00e7\u00e3o pr\u00f3pria de energia solar possui hoje no Pa\u00eds mais de 7,5 GW de pot\u00eancia instalada, o que representa mais da metade da capacidade da usina de Itaipu. O segmento trouxe mais de R$ 37,1 bilh\u00f5es em investimentos e cerca de R$ 9,4 bilh\u00f5es em arrecada\u00e7\u00e3o acumulados desde 2012, espalhados pelas cinco regi\u00f5es do Brasil. A tecnologia solar \u00e9 utilizada atualmente em 99,9% de todas as conex\u00f5es de gera\u00e7\u00e3o pr\u00f3pria no Pa\u00eds, liderando com folga o segmento.<\/p>\n<p>Fonte: ABSOLAR<\/p>\n","protected":false},"excerpt":{"rendered":"<p>Bras\u00edlia, 16 de dezembro de 2021 \u2013\u00a0Acaba de ser aprovado hoje pela C\u00e2mara do Deputados o Projeto de Lei n\u00b0 5829\/2019 (PL), que cria o marco legal para a gera\u00e7\u00e3o pr\u00f3pria de energia solar e demais fontes renov\u00e1veis no Brasil. Para a Associa\u00e7\u00e3o Brasileira de Energia Solar Fotovoltaica (ABSOLAR), a cria\u00e7\u00e3o da lei, que segue [&hellip;]<\/p>\n","protected":false},"author":1,"featured_media":18209,"comment_status":"open","ping_status":"open","sticky":false,"template":"","format":"standard","meta":{"_uag_custom_page_level_css":"","footnotes":""},"categories":[29],"tags":[345,16700,22799,4315,22798,22800,10867],"class_list":["post-18208","post","type-post","status-publish","format-standard","has-post-thumbnail","hentry","category-energia","tag-absolar","tag-camara-dos-deputados-federais","tag-energia-limpa-gera-empregos-no-brasil","tag-energia-solar","tag-geracao-de-energia-propria","tag-projeto-de-lei-n-5829-2019-pl","tag-senado-federal"],"blocksy_meta":[],"spectra_blocks_featured_image_url":{"thumbnail":{"url":"https:\/\/construcaocivil.siriusmarketingedesign.com.br\/wp-content\/uploads\/2021\/12\/SENADO-FEDERL-SOLAR-150x150.jpg","width":150,"height":150},"medium":{"url":"https:\/\/construcaocivil.siriusmarketingedesign.com.br\/wp-content\/uploads\/2021\/12\/SENADO-FEDERL-SOLAR-300x199.jpg","width":300,"height":199},"medium_large":{"url":"https:\/\/construcaocivil.siriusmarketingedesign.com.br\/wp-content\/uploads\/2021\/12\/SENADO-FEDERL-SOLAR-768x509.jpg","width":768,"height":509},"large":{"url":"https:\/\/construcaocivil.siriusmarketingedesign.com.br\/wp-content\/uploads\/2021\/12\/SENADO-FEDERL-SOLAR.jpg","width":860,"height":570},"full":{"url":"https:\/\/construcaocivil.siriusmarketingedesign.com.br\/wp-content\/uploads\/2021\/12\/SENADO-FEDERL-SOLAR.jpg","width":860,"height":570}},"spectra_blocks_author_info":{"display_name":"Jornal da Constru\u00e7\u00e3o Civil","avatar_url":"https:\/\/secure.gravatar.com\/avatar\/973c9774fd44ddaceb026973c4962faa70fc512bc4c9da68e8ebb40fecee6540?s=96&d=mm&r=g","author_link":"https:\/\/construcaocivil.siriusmarketingedesign.com.br\/?author=1","description":"Desde de 2013, levando muitas informa\u00e7\u00f5es, lan\u00e7amentos e produtos de qualidade para toda cadeia produtiva da constru\u00e7\u00e3o. O Futuro da constru\u00e7\u00e3o passa por aqui,"},"uagb_featured_image_src":{"full":["https:\/\/construcaocivil.siriusmarketingedesign.com.br\/wp-content\/uploads\/2021\/12\/SENADO-FEDERL-SOLAR.jpg",860,570,false],"thumbnail":["https:\/\/construcaocivil.siriusmarketingedesign.com.br\/wp-content\/uploads\/2021\/12\/SENADO-FEDERL-SOLAR-150x150.jpg",150,150,true],"medium":["https:\/\/construcaocivil.siriusmarketingedesign.com.br\/wp-content\/uploads\/2021\/12\/SENADO-FEDERL-SOLAR-300x199.jpg",300,199,true],"medium_large":["https:\/\/construcaocivil.siriusmarketingedesign.com.br\/wp-content\/uploads\/2021\/12\/SENADO-FEDERL-SOLAR-768x509.jpg",768,509,true],"large":["https:\/\/construcaocivil.siriusmarketingedesign.com.br\/wp-content\/uploads\/2021\/12\/SENADO-FEDERL-SOLAR.jpg",860,570,false],"1536x1536":["https:\/\/construcaocivil.siriusmarketingedesign.com.br\/wp-content\/uploads\/2021\/12\/SENADO-FEDERL-SOLAR.jpg",860,570,false],"2048x2048":["https:\/\/construcaocivil.siriusmarketingedesign.com.br\/wp-content\/uploads\/2021\/12\/SENADO-FEDERL-SOLAR.jpg",860,570,false]},"uagb_author_info":{"display_name":"Jornal da Constru\u00e7\u00e3o Civil","author_link":"https:\/\/construcaocivil.siriusmarketingedesign.com.br\/?author=1"},"uagb_comment_info":0,"uagb_excerpt":"Bras\u00edlia, 16 de dezembro de 2021 \u2013\u00a0Acaba de ser aprovado hoje pela C\u00e2mara do Deputados o Projeto de Lei n\u00b0 5829\/2019 (PL), que cria o marco legal para a gera\u00e7\u00e3o pr\u00f3pria de energia solar e demais fontes renov\u00e1veis no Brasil. Para a Associa\u00e7\u00e3o Brasileira de Energia Solar Fotovoltaica (ABSOLAR), a cria\u00e7\u00e3o da lei, que segue&hellip;","_links":{"self":[{"href":"https:\/\/construcaocivil.siriusmarketingedesign.com.br\/index.php?rest_route=\/wp\/v2\/posts\/18208","targetHints":{"allow":["GET"]}}],"collection":[{"href":"https:\/\/construcaocivil.siriusmarketingedesign.com.br\/index.php?rest_route=\/wp\/v2\/posts"}],"about":[{"href":"https:\/\/construcaocivil.siriusmarketingedesign.com.br\/index.php?rest_route=\/wp\/v2\/types\/post"}],"author":[{"embeddable":true,"href":"https:\/\/construcaocivil.siriusmarketingedesign.com.br\/index.php?rest_route=\/wp\/v2\/users\/1"}],"replies":[{"embeddable":true,"href":"https:\/\/construcaocivil.siriusmarketingedesign.com.br\/index.php?rest_route=%2Fwp%2Fv2%2Fcomments&post=18208"}],"version-history":[{"count":0,"href":"https:\/\/construcaocivil.siriusmarketingedesign.com.br\/index.php?rest_route=\/wp\/v2\/posts\/18208\/revisions"}],"wp:featuredmedia":[{"embeddable":true,"href":"https:\/\/construcaocivil.siriusmarketingedesign.com.br\/index.php?rest_route=\/wp\/v2\/media\/18209"}],"wp:attachment":[{"href":"https:\/\/construcaocivil.siriusmarketingedesign.com.br\/index.php?rest_route=%2Fwp%2Fv2%2Fmedia&parent=18208"}],"wp:term":[{"taxonomy":"category","embeddable":true,"href":"https:\/\/construcaocivil.siriusmarketingedesign.com.br\/index.php?rest_route=%2Fwp%2Fv2%2Fcategories&post=18208"},{"taxonomy":"post_tag","embeddable":true,"href":"https:\/\/construcaocivil.siriusmarketingedesign.com.br\/index.php?rest_route=%2Fwp%2Fv2%2Ftags&post=18208"}],"curies":[{"name":"wp","href":"https:\/\/api.w.org\/{rel}","templated":true}]}}