{"id":18255,"date":"2021-12-26T13:22:41","date_gmt":"2021-12-26T16:22:41","guid":{"rendered":"https:\/\/www.jornaldaconstrucaocivil.com.br\/?p=18255"},"modified":"2021-12-26T13:22:41","modified_gmt":"2021-12-26T16:22:41","slug":"escravidao-no-brasil-numero-de-resgatados-do-trabalho-escravo-e-ate-o-momento-o-maior-desde-2013","status":"publish","type":"post","link":"https:\/\/construcaocivil.siriusmarketingedesign.com.br\/?p=18255","title":{"rendered":"Escravid\u00e3o no Brasil: N\u00famero de resgatados do trabalho escravo \u00e9, at\u00e9 o momento,   o maior desde 2013"},"content":{"rendered":"<p><em>Por CPT\u00a0<\/em><\/p>\n<p style=\"text-align: justify;\">Dezembro, 2021 &#8211; A Campanha Nacional da CPT de Combate ao Trabalho Escravo &#8220;De Olho Aberto para N\u00e3o Virar Escravo&#8221;, divulga os dados referentes ao n\u00famero de casos de trabalho escravo no campo identificados no ano de 2021, os casos que foram fiscalizados, a quantidade de trabalhadores escravizados informados na den\u00fancia e o n\u00famero de pessoas resgatadas. Mesmo com dados parciais, atualizados at\u00e9 o dia 09 de dezembro, <b>o n\u00famero de resgatados da pr\u00e1tica criminosa da escravid\u00e3o contempor\u00e2nea j\u00e1 \u00e9 o maior desde 2013<\/b><\/p>\n<p style=\"text-align: justify;\"><img decoding=\"async\" class=\"aligncenter\" src=\"https:\/\/cptnacional.org.br\/images\/2021\/TE1.png\" \/><\/p>\n<p style=\"text-align: justify;\"><b>Foram 1.636 pessoas resgatadas em 2021. Um aumento de 102% em rela\u00e7\u00e3o ao n\u00famero de pessoas resgatadas dessa pr\u00e1tica em todo o ano de 2020.\u00a0Desse total, 54 eram crian\u00e7as e adolescentes. As regi\u00f5es Sudeste e Centro-Oeste concentraram o maior n\u00famero de menores de idades escravizados, 17 cada. Essas duas regi\u00f5es respondem, tamb\u00e9m, pelos maiores n\u00fameros de casos de trabalho escravo, de trabalhadores na den\u00fancia e de libertados em 2021. A regi\u00e3o Sudeste responde por 37% dos casos e 55% dos libertados, enquanto o Centro-Oeste responde por 22% dos casos e 24% dos libertados em 2021.<\/b><\/p>\n<p><img decoding=\"async\" class=\"aligncenter\" src=\"https:\/\/cptnacional.org.br\/images\/2021\/TE2.png\" \/><\/p>\n<p><b>Minas Gerais \u00e9, mais uma vez, o estado com o maior n\u00famero de casos de trabalho escravo e de pessoas libertadas dessa pr\u00e1tica no meio rural.<\/b>\u00a0Foram 49 dos 151 casos identificados e 731 dos 1.636 resgatados do trabalho escravo rural. Seguido por Goi\u00e1s, com 291 libertados, e Par\u00e1 com 94. O estado do Par\u00e1 ocupa a segunda posi\u00e7\u00e3o com o maior n\u00famero de casos (21), e Goi\u00e1s a terceira (15).<\/p>\n<p>O fato do estado mineiro liderar o ranking do trabalho escravo rural nos \u00faltimos sete anos, se deve, tamb\u00e9m, \u00e0 destacada atua\u00e7\u00e3o das equipes de fiscaliza\u00e7\u00e3o do trabalho da regi\u00e3o. Com um quadro de auditores fiscais do trabalho reduzido em 44% do seu efetivo normal em todo o pa\u00eds (est\u00e3o preenchidos hoje apenas 2.039 dos 3.644 cargos criados em lei), al\u00e9m das reiteradas tentativas do governo federal em fragilizar ainda mais essa atua\u00e7\u00e3o, o empenho das equipes garantiu um n\u00famero elevado de estabelecimentos fiscalizados em 2021.<\/p>\n<p>A pecu\u00e1ria foi a atividade que, em 2021, mais utilizou m\u00e3o de obra escrava no campo. Responde por 23% do total de casos, seguida das lavouras permanentes (19%), lavouras tempor\u00e1rias (18%) e produ\u00e7\u00e3o de carv\u00e3o vegetal (11%). Mas, foi nas lavouras tempor\u00e1rias o maior n\u00famero de resgatados da escravid\u00e3o, 600 pessoas, 37% do total de resgatados no ano. Em segundo lugar, das lavouras permanentes foram resgatadas 382 pessoas, 23% do total, seguida da produ\u00e7\u00e3o de carv\u00e3o vegetal, de onde foram resgatadas 158 pessoas, ou seja, 10% do total.<\/p>\n<p>Goi\u00e1s foi respons\u00e1vel pelo maior resgate de trabalhadores escravizados do ano de 2021. 116 trabalhadores que colhiam palhas de espigas de milho para a produ\u00e7\u00e3o de cigarros em \u00c1gua Fria de Goi\u00e1s foram resgatados por Auditores-Fiscais do Trabalho do Grupo Especial de Fiscaliza\u00e7\u00e3o M\u00f3vel (GEFM). A opera\u00e7\u00e3o foi realizada a partir de um trabalho de intelig\u00eancia fiscal, com a finalidade de apurar ind\u00edcios de trabalho escravo no entorno do Distrito Federal. As v\u00edtimas eram oriundas de v\u00e1rias partes do pa\u00eds, tendo sido aliciadas nos estados de S\u00e3o Paulo, Minas Gerais, Maranh\u00e3o e Piau\u00ed.<\/p>\n<p><b>Amaz\u00f4nia<\/b><\/p>\n<p>Quase um ter\u00e7o dos casos de trabalho escravo identificados no meio rural aconteceram na Amaz\u00f4nia Legal. Foram 45 casos, dos quais 38 foram fiscalizados. 193 trabalhadores foram libertados na regi\u00e3o<\/p>\n<p><img decoding=\"async\" class=\"aligncenter\" src=\"https:\/\/cptnacional.org.br\/images\/2021\/TE3.png\" \/><\/p>\n<p>&nbsp;<\/p>\n","protected":false},"excerpt":{"rendered":"<p>Por CPT\u00a0 Dezembro, 2021 &#8211; A Campanha Nacional da CPT de Combate ao Trabalho Escravo &#8220;De Olho Aberto para N\u00e3o Virar Escravo&#8221;, divulga os dados referentes ao n\u00famero de casos de trabalho escravo no campo identificados no ano de 2021, os casos que foram fiscalizados, a quantidade de trabalhadores escravizados informados na den\u00fancia e o [&hellip;]<\/p>\n","protected":false},"author":1,"featured_media":18256,"comment_status":"open","ping_status":"open","sticky":false,"template":"","format":"standard","meta":{"_uag_custom_page_level_css":"","footnotes":""},"categories":[27],"tags":[22849,2079,2499,22848,7726,22850,8144,14662],"class_list":["post-18255","post","type-post","status-publish","format-standard","has-post-thumbnail","hentry","category-acontece","tag-brasil-2-mil-trabalhadores-resgatados","tag-centro-oeste","tag-comissao-pastoral-da-terra","tag-minas-gerais-campeao-do-trabalho-escravo","tag-ministerio-publico","tag-morte-de-lideres-indigenas-e-negros","tag-nordeste","tag-regiao-amazonica"],"blocksy_meta":[],"spectra_blocks_featured_image_url":{"thumbnail":{"url":"https:\/\/construcaocivil.siriusmarketingedesign.com.br\/wp-content\/uploads\/2021\/12\/CAMPANHA-TRABALHO-FOTO-150x150.jpg","width":150,"height":150},"medium":{"url":"https:\/\/construcaocivil.siriusmarketingedesign.com.br\/wp-content\/uploads\/2021\/12\/CAMPANHA-TRABALHO-FOTO-300x223.jpg","width":300,"height":223},"medium_large":{"url":"https:\/\/construcaocivil.siriusmarketingedesign.com.br\/wp-content\/uploads\/2021\/12\/CAMPANHA-TRABALHO-FOTO.jpg","width":750,"height":558},"large":{"url":"https:\/\/construcaocivil.siriusmarketingedesign.com.br\/wp-content\/uploads\/2021\/12\/CAMPANHA-TRABALHO-FOTO.jpg","width":750,"height":558},"full":{"url":"https:\/\/construcaocivil.siriusmarketingedesign.com.br\/wp-content\/uploads\/2021\/12\/CAMPANHA-TRABALHO-FOTO.jpg","width":750,"height":558}},"spectra_blocks_author_info":{"display_name":"Jornal da Constru\u00e7\u00e3o Civil","avatar_url":"https:\/\/secure.gravatar.com\/avatar\/973c9774fd44ddaceb026973c4962faa70fc512bc4c9da68e8ebb40fecee6540?s=96&d=mm&r=g","author_link":"https:\/\/construcaocivil.siriusmarketingedesign.com.br\/?author=1","description":"Desde de 2013, levando muitas informa\u00e7\u00f5es, lan\u00e7amentos e produtos de qualidade para toda cadeia produtiva da constru\u00e7\u00e3o. O Futuro da constru\u00e7\u00e3o passa por aqui,"},"uagb_featured_image_src":{"full":["https:\/\/construcaocivil.siriusmarketingedesign.com.br\/wp-content\/uploads\/2021\/12\/CAMPANHA-TRABALHO-FOTO.jpg",750,558,false],"thumbnail":["https:\/\/construcaocivil.siriusmarketingedesign.com.br\/wp-content\/uploads\/2021\/12\/CAMPANHA-TRABALHO-FOTO-150x150.jpg",150,150,true],"medium":["https:\/\/construcaocivil.siriusmarketingedesign.com.br\/wp-content\/uploads\/2021\/12\/CAMPANHA-TRABALHO-FOTO-300x223.jpg",300,223,true],"medium_large":["https:\/\/construcaocivil.siriusmarketingedesign.com.br\/wp-content\/uploads\/2021\/12\/CAMPANHA-TRABALHO-FOTO.jpg",750,558,false],"large":["https:\/\/construcaocivil.siriusmarketingedesign.com.br\/wp-content\/uploads\/2021\/12\/CAMPANHA-TRABALHO-FOTO.jpg",750,558,false],"1536x1536":["https:\/\/construcaocivil.siriusmarketingedesign.com.br\/wp-content\/uploads\/2021\/12\/CAMPANHA-TRABALHO-FOTO.jpg",750,558,false],"2048x2048":["https:\/\/construcaocivil.siriusmarketingedesign.com.br\/wp-content\/uploads\/2021\/12\/CAMPANHA-TRABALHO-FOTO.jpg",750,558,false]},"uagb_author_info":{"display_name":"Jornal da Constru\u00e7\u00e3o Civil","author_link":"https:\/\/construcaocivil.siriusmarketingedesign.com.br\/?author=1"},"uagb_comment_info":0,"uagb_excerpt":"Por CPT\u00a0 Dezembro, 2021 &#8211; A Campanha Nacional da CPT de Combate ao Trabalho Escravo &#8220;De Olho Aberto para N\u00e3o Virar Escravo&#8221;, divulga os dados referentes ao n\u00famero de casos de trabalho escravo no campo identificados no ano de 2021, os casos que foram fiscalizados, a quantidade de trabalhadores escravizados informados na den\u00fancia e o&hellip;","_links":{"self":[{"href":"https:\/\/construcaocivil.siriusmarketingedesign.com.br\/index.php?rest_route=\/wp\/v2\/posts\/18255","targetHints":{"allow":["GET"]}}],"collection":[{"href":"https:\/\/construcaocivil.siriusmarketingedesign.com.br\/index.php?rest_route=\/wp\/v2\/posts"}],"about":[{"href":"https:\/\/construcaocivil.siriusmarketingedesign.com.br\/index.php?rest_route=\/wp\/v2\/types\/post"}],"author":[{"embeddable":true,"href":"https:\/\/construcaocivil.siriusmarketingedesign.com.br\/index.php?rest_route=\/wp\/v2\/users\/1"}],"replies":[{"embeddable":true,"href":"https:\/\/construcaocivil.siriusmarketingedesign.com.br\/index.php?rest_route=%2Fwp%2Fv2%2Fcomments&post=18255"}],"version-history":[{"count":0,"href":"https:\/\/construcaocivil.siriusmarketingedesign.com.br\/index.php?rest_route=\/wp\/v2\/posts\/18255\/revisions"}],"wp:featuredmedia":[{"embeddable":true,"href":"https:\/\/construcaocivil.siriusmarketingedesign.com.br\/index.php?rest_route=\/wp\/v2\/media\/18256"}],"wp:attachment":[{"href":"https:\/\/construcaocivil.siriusmarketingedesign.com.br\/index.php?rest_route=%2Fwp%2Fv2%2Fmedia&parent=18255"}],"wp:term":[{"taxonomy":"category","embeddable":true,"href":"https:\/\/construcaocivil.siriusmarketingedesign.com.br\/index.php?rest_route=%2Fwp%2Fv2%2Fcategories&post=18255"},{"taxonomy":"post_tag","embeddable":true,"href":"https:\/\/construcaocivil.siriusmarketingedesign.com.br\/index.php?rest_route=%2Fwp%2Fv2%2Ftags&post=18255"}],"curies":[{"name":"wp","href":"https:\/\/api.w.org\/{rel}","templated":true}]}}