{"id":1827,"date":"2016-05-23T18:20:35","date_gmt":"2016-05-23T18:20:35","guid":{"rendered":"http:\/\/www.jornaldaconstrucaocivil.com.br\/?p=1827"},"modified":"2016-05-23T18:20:35","modified_gmt":"2016-05-23T18:20:35","slug":"comite-brasileiro-comemora-50-anos-em-seminario-internacional-no-rio-de-janeiro","status":"publish","type":"post","link":"https:\/\/construcaocivil.siriusmarketingedesign.com.br\/?p=1827","title":{"rendered":"Comit\u00ea Brasileiro comemora 50 anos em Semin\u00e1rio Internacional no Rio de Janeiro"},"content":{"rendered":"<p><strong><span style=\"color: #000000;\">Com apoio da CIER e Eletrobras, Semin\u00e1rio Internacional Energias Limpas e Desafios na Am\u00e9rica Latina acontece nos dias 24 e 25 de maio, em Copacabana<\/span><\/strong><\/p>\n<p><span style=\"color: #000000;\">O Comit\u00ea Brasileiro da CIER (BRACIER) comemora 50 anos de trabalho em apoio ao setor el\u00e9trico no Brasil e vai realizar o<span style=\"color: #993300;\"> Semin\u00e1rio Internacional Energias Limpas e Desafios Tecnol\u00f3gicos na Am\u00e9rica Latin<\/span>a, que acontece nos dias 24 e 25 de maio no Rio Othon Palace Hotel, em Copacabana, no Rio de Janeiro. O papel da inova\u00e7\u00e3o no planejamento energ\u00e9tico, novas tecnologias e os impactos da COP21 est\u00e3o entre os destaques da programa\u00e7\u00e3o, que contar\u00e1 com coquetel com o Ministro de Minas e Energia, seguido da premia\u00e7\u00e3o Bracier 50 anos.<\/span><\/p>\n<p><span style=\"color: #000000;\">O evento vai reunir especialistas internacionais, ag\u00eancias governamentais, empres\u00e1rios e investidores a fim de trocar experi\u00eancias e analisar o estado da arte do setor energ\u00e9tico regional no tocante \u00e0s tecnologias existentes e suas tend\u00eancias de desenvolvimento, principalmente no que se refere ao fomento \u00e0 integra\u00e7\u00e3o energ\u00e9tica regional e \u00e0 incorpora\u00e7\u00e3o de fontes de energia renov\u00e1vel nas matrizes energ\u00e9ticas dos pa\u00edses, fundamentais para o cumprimento dos compromissos assumidos na COP 21.<\/span><\/p>\n<p><span style=\"color: #000000;\">A CIER tamb\u00e9m pretende analisar a din\u00e2mica do cen\u00e1rio regional, com destaque aos seus aspectos regulat\u00f3rios, a fim de contribuir na consolida\u00e7\u00e3o de uma vis\u00e3o mais precisa do futuro do setor, com vistas ao estabelecimento de bases para implanta\u00e7\u00e3o de um planejamento energ\u00e9tico em n\u00edvel regional, tendo em vista o desenvolvimento sustent\u00e1vel, com responsabilidade social e respeito ao meio ambiente. Conforme explica o presidente da CIER, Victor Romero, \u201cser\u00e3o discutidos temas atuais e de grande import\u00e2ncia para o setor el\u00e9trico, al\u00e9m de representar a celebra\u00e7\u00e3o do ciclo de 50 anos de esfor\u00e7os da CIER e do BRACIER no Brasil e no continente latino-americano\u201d.<\/span><\/p>\n<p><span style=\"color: #000000;\">Segundo o Gerente Geral do Bracier, Eduardo Veiga, \u201c\u00e9 ineg\u00e1vel notar que tivemos um grande avan\u00e7o da integra\u00e7\u00e3o energ\u00e9tica no continente nos \u00faltimos 50 anos, mas ainda estamos distantes do cen\u00e1rio ideal diante do imenso potencial energ\u00e9tico da regi\u00e3o e da otimiza\u00e7\u00e3o do uso dos recursos no atendimento \u00e0 crescente demanda por energia el\u00e9trica da popula\u00e7\u00e3o e para o desenvolvimento da economia local\u201d. Ele tamb\u00e9m ressalta a import\u00e2ncia da integra\u00e7\u00e3o e das tecnologias como forma de garantir o suprimento e efici\u00eancia energ\u00e9tica nos pa\u00edses, al\u00e9m de dar suporte aos governos e tomadores de decis\u00e3o.<\/span><\/p>\n<p><span style=\"color: #000000;\">A inova\u00e7\u00e3o \u00e9 intr\u00ednseca do setor energ\u00e9tico, em busca de tecnologias de maior rendimento e menor impacto. Assim, espera-se contribuir para que os \u201cconsumidores do futuro\u201d possam equilibrar oferta-demanda e otimiza\u00e7\u00e3o dos recursos, por meio da gera\u00e7\u00e3o distribu\u00edda, das redes inteligentes (smart grid), sistemas Self-Healing, dentre outras inova\u00e7\u00f5es tecnol\u00f3gicas que impactar\u00e3o diretamente na gera\u00e7\u00e3o, distribui\u00e7\u00e3o e consumo de energia. Estes e outros temas integram a programa\u00e7\u00e3o do evento que marcar\u00e1 o Jubileu de Ouro do representante no Brasil na Comiss\u00e3o de Integra\u00e7\u00e3o Energ\u00e9tica Regional, a CIER.<\/span><\/p>\n<p><span style=\"color: #000000;\">Na ocasi\u00e3o estar\u00e3o presentes o presidente da Eletrobras e do BRACIER, Jos\u00e9 da Costa Carvalho Neto, o presidente da CIER, Victor Solis, e o vice-presidente do Bracier, Pedro Luiz de Oliveira Jatob\u00e1. Tamb\u00e9m comparecer\u00e1 ao evento o diretor geral do ONS, Luiz Eduardo Barata, e o presidente do conselho de administra\u00e7\u00e3o da CCEE, Rui Altieri.<\/span><\/p>\n<p><span style=\"color: #000000;\">Al\u00e9m desses, j\u00e1 est\u00e3o confirmados: Alvaro Fleury (Diretor ONS), Nelson Fonseca Leite (Presidente Abradee), Rafael Kelman (PSR Consultoria), Mauricio Garr\u00f3n (Diretor CAF), Francisco Anuatti (FIPECAFI\/FEA-USP), Lilian Alves (Head of Latin America Bloomberg), Josias Matos de Ara\u00fajo (Diretor de Regula\u00e7\u00e3o Eletrobras), Andr\u00e9s Romero (CNE-Chile), Prof. Dorel Soares Ramos (USP), Ruben Chaer (ADME-Uruguai), Joisa Dutra (FGV), Jorge Vasconcelos (Newes), Ramon Haddad (State Grid), Alfonso Burbaud (Transener-Argentina), Rodrigo Regis (Diretor Presidente CIBiog\u00e1s), Prof. Sidnei Martini (PCS\/USP), Maria Nohemi Arboleda (Gerente Geral XM-Col\u00f4mbia), Amilcar Guerreiro (Diretor EPE), Arturo Iporre (Ende-Bol\u00edvia), Gonzalo Casaravilla (UTE-Uruguai), Regina C\u00e9lia Baptista (Furnas), Juan Roberto Paredes (Especialista em Energias Renov\u00e1veis BID &#8211; EUA), Alcides Codeceira (Assessor DTG Chesf), Arturo Alarc\u00f3n (Especialista em Energia &#8211; BID), Eduardo Takahashi (Diretor Aon Rosk Solutions), Tabare Arroyo (WWF Internacional) e Guilherme Lencastre (Enel); al\u00e9m de representantes de outras empresas.<\/span><\/p>\n<p><span style=\"color: #000000;\">Funcion\u00e1rios de empresas afiliadas se inscrevem com pre\u00e7o especial. Veja a programa\u00e7\u00e3o e a lista completa dos palestrantes e convidados\u00a0<span style=\"color: #0000ff;\">\u00a0<a style=\"color: #0000ff;\" href=\"http:\/\/app.bracier.org.br\/c\/?6461.504.895828.0.1.7264.9.213138039.0.10.6351.0.164164.0.1.b2f4d\" target=\"_blank\">aqui<\/a><\/span>.<\/span><\/p>\n<p><strong><span style=\"color: #000000;\">CIER E BRACIER<\/span><\/strong><\/p>\n<p><span style=\"color: #000000;\">O BRACIER \u00e9 uma entidade n\u00e3o-governamental sem fins lucrativos que congrega empresas e entidades do setor el\u00e9trico brasileiro, incluindo o Minist\u00e9rio de Minas e Energia \u2013 MME, a Eletrobras, a C\u00e2mara de Comercializa\u00e7\u00e3o de Energia El\u00e9trica \u2013 CCEE, o Operador Nacional do Sistema El\u00e9trico \u2013 ONS, o Centro de Pesquisas de Energia El\u00e9trica \u2013 CEPEL, dentre outras. O BRACIER \u00e9, por estatuto, gerido pela Eletrobras, que exerce a sua Presid\u00eancia e a sua Secretaria Executiva.<\/span><\/p>\n<p><span style=\"color: #000000;\">A CIER \u00e9 uma entidade sem fins lucrativos fundada em 1965 e sediada em Montevid\u00e9u, e atua com o objetivo promover a integra\u00e7\u00e3o eletroenerg\u00e9tica entre os pa\u00edses da Am\u00e9rica Latina e Caribe, bem como aumentar a efici\u00eancia e seguran\u00e7a do setor. Possui Comit\u00eas Nacionais na Argentina, Bol\u00edvia, Brasil, Chile, Col\u00f4mbia, Equador, Paraguai e Venezuela, Uruguai e Peru. Tamb\u00e9m congrega um Comit\u00ea da Am\u00e9rica Central e Caribe (CECACIER), um membro associado da Espanha e algumas entidades vinculadas. 263 empresas comp\u00f5e a associa\u00e7\u00e3o.<\/span><\/p>\n<p><strong><span style=\"color: #000080;\">Fonte: Assessoria de imprensa Bracier\u00a0<\/span><\/strong><\/p>\n<p>&nbsp;<\/p>\n","protected":false},"excerpt":{"rendered":"<p>Com apoio da CIER e Eletrobras, Semin\u00e1rio Internacional Energias Limpas e Desafios na Am\u00e9rica Latina acontece nos dias 24 e 25 de maio, em Copacabana O Comit\u00ea Brasileiro da CIER (BRACIER) comemora 50 anos de trabalho em apoio ao setor el\u00e9trico no Brasil e vai realizar o Semin\u00e1rio Internacional Energias Limpas e Desafios Tecnol\u00f3gicos na [&hellip;]<\/p>\n","protected":false},"author":1,"featured_media":0,"comment_status":"open","ping_status":"open","sticky":false,"template":"","format":"quote","meta":{"_uag_custom_page_level_css":"","footnotes":""},"categories":[27],"tags":[1522,2485,3069,4288,7671,8444,10860],"class_list":["post-1827","post","type-post","status-publish","format-quote","hentry","category-acontece","tag-braceir-50-anos","tag-comissao-de-integracao-energetica-regional","tag-cop-21","tag-energia","tag-minas-e-energia","tag-ons","tag-seminario-internacional-energias-limpas-e-desafios-tecnologicos-na-america-latina","post_format-post-format-quote"],"blocksy_meta":[],"spectra_blocks_featured_image_url":null,"spectra_blocks_author_info":{"display_name":"Jornal da Constru\u00e7\u00e3o Civil","avatar_url":"https:\/\/secure.gravatar.com\/avatar\/973c9774fd44ddaceb026973c4962faa70fc512bc4c9da68e8ebb40fecee6540?s=96&d=mm&r=g","author_link":"https:\/\/construcaocivil.siriusmarketingedesign.com.br\/?author=1","description":"Desde de 2013, levando muitas informa\u00e7\u00f5es, lan\u00e7amentos e produtos de qualidade para toda cadeia produtiva da constru\u00e7\u00e3o. O Futuro da constru\u00e7\u00e3o passa por aqui,"},"uagb_featured_image_src":{"full":false,"thumbnail":false,"medium":false,"medium_large":false,"large":false,"1536x1536":false,"2048x2048":false},"uagb_author_info":{"display_name":"Jornal da Constru\u00e7\u00e3o Civil","author_link":"https:\/\/construcaocivil.siriusmarketingedesign.com.br\/?author=1"},"uagb_comment_info":0,"uagb_excerpt":"Com apoio da CIER e Eletrobras, Semin\u00e1rio Internacional Energias Limpas e Desafios na Am\u00e9rica Latina acontece nos dias 24 e 25 de maio, em Copacabana O Comit\u00ea Brasileiro da CIER (BRACIER) comemora 50 anos de trabalho em apoio ao setor el\u00e9trico no Brasil e vai realizar o Semin\u00e1rio Internacional Energias Limpas e Desafios Tecnol\u00f3gicos na&hellip;","_links":{"self":[{"href":"https:\/\/construcaocivil.siriusmarketingedesign.com.br\/index.php?rest_route=\/wp\/v2\/posts\/1827","targetHints":{"allow":["GET"]}}],"collection":[{"href":"https:\/\/construcaocivil.siriusmarketingedesign.com.br\/index.php?rest_route=\/wp\/v2\/posts"}],"about":[{"href":"https:\/\/construcaocivil.siriusmarketingedesign.com.br\/index.php?rest_route=\/wp\/v2\/types\/post"}],"author":[{"embeddable":true,"href":"https:\/\/construcaocivil.siriusmarketingedesign.com.br\/index.php?rest_route=\/wp\/v2\/users\/1"}],"replies":[{"embeddable":true,"href":"https:\/\/construcaocivil.siriusmarketingedesign.com.br\/index.php?rest_route=%2Fwp%2Fv2%2Fcomments&post=1827"}],"version-history":[{"count":0,"href":"https:\/\/construcaocivil.siriusmarketingedesign.com.br\/index.php?rest_route=\/wp\/v2\/posts\/1827\/revisions"}],"wp:attachment":[{"href":"https:\/\/construcaocivil.siriusmarketingedesign.com.br\/index.php?rest_route=%2Fwp%2Fv2%2Fmedia&parent=1827"}],"wp:term":[{"taxonomy":"category","embeddable":true,"href":"https:\/\/construcaocivil.siriusmarketingedesign.com.br\/index.php?rest_route=%2Fwp%2Fv2%2Fcategories&post=1827"},{"taxonomy":"post_tag","embeddable":true,"href":"https:\/\/construcaocivil.siriusmarketingedesign.com.br\/index.php?rest_route=%2Fwp%2Fv2%2Ftags&post=1827"}],"curies":[{"name":"wp","href":"https:\/\/api.w.org\/{rel}","templated":true}]}}