{"id":18275,"date":"2021-12-29T14:00:00","date_gmt":"2021-12-29T17:00:00","guid":{"rendered":"https:\/\/www.jornaldaconstrucaocivil.com.br\/?p=18275"},"modified":"2022-01-16T22:28:45","modified_gmt":"2022-01-17T01:28:45","slug":"edp-abre-inscricoes-para-programa-de-estagio-com-metade-das-vagas-para-estudantes-negros-e-modelo-hibrido-de-trabalho","status":"publish","type":"post","link":"https:\/\/construcaocivil.siriusmarketingedesign.com.br\/?p=18275","title":{"rendered":"EDP abre inscri\u00e7\u00f5es para Programa de Est\u00e1gio com metade das vagas para estudantes negros e modelo h\u00edbrido de trabalho"},"content":{"rendered":"<p class=\"v1ql-align-justify\"><span style=\"color: #993300;\">Dezembro<\/span>, 2021 &#8211; A <strong>EDP<\/strong>, empresa que atua em todos os segmentos do setor el\u00e9trico brasileiro, abre as inscri\u00e7\u00f5es para seu programa de est\u00e1gio. A Companhia oferece oportunidades em diversas \u00e1reas de neg\u00f3cio e possibilita constante desenvolvimento e aprendizagem. Os interessados podem se inscrever at\u00e9 o dia\u00a0<strong>14 de janeiro.<\/strong><\/p>\n<p class=\"v1ql-align-justify\">Em linha com as diretrizes de seu Programa de Inclus\u00e3o &amp; Diversidade, a empresa destinar\u00e1 50% das vagas a estudantes negras e negros. Na edi\u00e7\u00e3o de 2021, atingimos a meta com 51%. A EDP se compromete a valorizar tamb\u00e9m as interseccionalidades de g\u00eanero, pessoas com defici\u00eancia e LGBTQIA+.<\/p>\n<p class=\"v1ql-align-justify\">Todas as etapas, incluindo entrevistas e din\u00e2micas, ser\u00e3o realizadas online, a fim de preservar os candidatos. Os estagi\u00e1rios ingressar\u00e3o na companhia em abril de 2022, seguindo as modalidades de trabalho h\u00edbrido ou presencial\u00a0adotado pela Companhia, com idas ao escrit\u00f3rio de duas a tr\u00eas vezes por semana, em altern\u00e2ncia com o regime de home office ou em trabalho presencial, nas \u00e1reas que assim a din\u00e2mica de atua\u00e7\u00e3o exigir, sempre em linha com os protocolos de seguran\u00e7a adotados pelos escrit\u00f3rios.<\/p>\n<p class=\"v1ql-align-justify\">Ser\u00e3o 55 vagas destinadas ao Programa no ciclo 2022 e selecionados ocupar\u00e3o vagas destinadas as localidades: S\u00e3o Paulo \u2013 SP (Sede Lapa), S\u00e3o Jos\u00e9 dos Campos \u2013 SP, Guarulhos \u2013 SP, Guaratinguet\u00e1 \u2013 SP, Taubat\u00e9 \u2013 SP, Po\u00e1 \u2013 SP, Mogi das Cruzes &#8211; SP, Vit\u00f3ria \u2013 ES, Serra \u2013 ES, Linhares \u2013 ES, S\u00e3o Mateus &#8211; ES, S\u00e3o Gon\u00e7alo do Amarante \u2013 CE.<\/p>\n<p class=\"v1ql-align-justify\">Os estagi\u00e1rios poder\u00e3o atuar em \u00e1reas corporativas como inova\u00e7\u00e3o, tecnologia da informa\u00e7\u00e3o, jur\u00eddico, financeiro, dentre outras, como tamb\u00e9m em \u00e1reas t\u00e9cnicas, voltadas ao core de energia como gera\u00e7\u00e3o, transmiss\u00e3o, comercializa\u00e7\u00e3o e distribui\u00e7\u00e3o. O programa de est\u00e1gio da EDP tem dura\u00e7\u00e3o m\u00ednima de um ano, podendo ser renovado pelo mesmo per\u00edodo.<\/p>\n<p class=\"v1ql-align-justify\">O pacote de remunera\u00e7\u00e3o contempla bolsa-aux\u00edlio compat\u00edvel com o mercado, vale-refei\u00e7\u00e3o, vale-transporte, seguro de vida e assist\u00eancia m\u00e9dica. O processo seletivo ocorrer\u00e1 em 4 etapas: inscri\u00e7\u00e3o, testes online, din\u00e2micas online e entrevista.<\/p>\n<p class=\"v1ql-align-justify\"><span style=\"color: #0000ff;\"><strong>Perfil das vagas<\/strong><\/span><\/p>\n<p class=\"v1ql-align-justify\"><strong>Est\u00e3o sendo ofertadas vagas nas \u00e1reas:<\/strong><\/p>\n<ul>\n<li class=\"v1ql-align-justify\"><strong>Centro corporativo:<\/strong><\/li>\n<\/ul>\n<p class=\"v1ql-align-justify\">Inova\u00e7\u00e3o<\/p>\n<p class=\"v1ql-align-justify\">Instituto EDP<\/p>\n<p class=\"v1ql-align-justify\">Gest\u00e3o de Pessoas<\/p>\n<p class=\"v1ql-align-justify\">Tecnologia da Informa\u00e7\u00e3o \u2013 TI,<\/p>\n<p class=\"v1ql-align-justify\">Comunica\u00e7\u00e3o<\/p>\n<p class=\"v1ql-align-justify\">Jur\u00eddico<\/p>\n<p class=\"v1ql-align-justify\">Financeiro<\/p>\n<p class=\"v1ql-align-justify\">Planejamento e Controle<\/p>\n<p class=\"v1ql-align-justify\">Contas a Pagar<\/p>\n<p class=\"v1ql-align-justify\">Assessoria Societ\u00e1ria<\/p>\n<p class=\"v1ql-align-justify\">Compliance<\/p>\n<p class=\"v1ql-align-justify\">Ventures<\/p>\n<ul>\n<li><strong>Distribui\u00e7\u00e3o de Energia<\/strong><\/li>\n<\/ul>\n<p class=\"v1ql-align-justify\">Servi\u00e7os de Distribui\u00e7\u00e3o<\/p>\n<p class=\"v1ql-align-justify\">Projetos e Constru\u00e7\u00e3o<\/p>\n<p class=\"v1ql-align-justify\">Manuten\u00e7\u00e3o AT<\/p>\n<p class=\"v1ql-align-justify\">Centro de Opera\u00e7\u00e3o Integrado<\/p>\n<p class=\"v1ql-align-justify\">Canais Presenciais<\/p>\n<p class=\"v1ql-align-justify\">Grandes Clientes e Poder P\u00fablico<\/p>\n<p class=\"v1ql-align-justify\">Seguran\u00e7a do Trabalho<\/p>\n<p class=\"v1ql-align-justify\">Planejamento de Manuten\u00e7\u00e3o<\/p>\n<p class=\"v1ql-align-justify\">Projetos e Constru\u00e7\u00e3o<\/p>\n<p class=\"v1ql-align-justify\">Combate as Perdas<\/p>\n<p class=\"v1ql-align-justify\">Pesquisa e Desenvolvimento \u2013 P&amp;D<\/p>\n<ul>\n<li class=\"v1ql-align-justify\"><strong>Gera\u00e7\u00e3o de Energia<\/strong><\/li>\n<\/ul>\n<p class=\"v1ql-align-justify\">Opera\u00e7\u00e3o e Manuten\u00e7\u00e3o<\/p>\n<p class=\"v1ql-align-justify\">Execu\u00e7\u00e3o da Manuten\u00e7\u00e3o<\/p>\n<p class=\"v1ql-align-justify\">Regulat\u00f3rio<\/p>\n<ul>\n<li class=\"v1ql-align-justify\"><strong>Transmiss\u00e3o<\/strong><\/li>\n<\/ul>\n<p class=\"v1ql-align-justify\">Confiabilidade de Ativos de Transmiss\u00e3o<\/p>\n<p class=\"v1ql-align-justify\">Engenharia<\/p>\n<ul>\n<li class=\"v1ql-align-justify\"><strong>Comercializa\u00e7\u00e3o e Mercado Livre<\/strong><\/li>\n<\/ul>\n<p class=\"v1ql-align-justify\">Gest\u00e3o de Clientes<\/p>\n<p class=\"v1ql-align-justify\">Comercializa\u00e7\u00e3o Varejista<\/p>\n<p class=\"v1ql-align-justify\">Contrata\u00e7\u00e3o da Energia<\/p>\n<p class=\"v1ql-align-justify\">Trading<\/p>\n<ul>\n<li class=\"v1ql-align-justify\"><strong>Clientes e Servi\u00e7os &#8211; Energia Solar e Solu\u00e7\u00f5es em Energia<\/strong><\/li>\n<\/ul>\n<p class=\"v1ql-align-justify\">Engenharia<\/p>\n<p class=\"v1ql-align-justify\">Gest\u00e3o Comercial<\/p>\n<p class=\"v1ql-align-justify\"><strong>Requisitos para participar<\/strong><\/p>\n<p><strong>\u2022\u00a0<\/strong>Ano de forma\u00e7\u00e3o: Entre 12\/2022 e 12\/2024 (para gradua\u00e7\u00e3o n\u00edvel superior) e 12\/2023 para n\u00edvel t\u00e9cnico.<\/p>\n<p><strong>\u2022\u00a0<\/strong>Forma\u00e7\u00e3o Superior em cursos bacharelado, licenciatura e tecn\u00f3logo. E tamb\u00e9m em cursos de n\u00edvel T\u00e9cnico.<\/p>\n<p><strong>\u2022\u00a0<\/strong>Disponibilidade para estagiar 30h semanais.<\/p>\n<p><strong>\u2022\u00a0<\/strong>Pacote Office intermedi\u00e1rio (Word, Excel e Power Point) \u00e9 desej\u00e1vel, n\u00e3o obrigat\u00f3rio.<\/p>\n<p><strong>\u2022\u00a0<\/strong>Disponibilidade para atuar em: S\u00e3o Paulo \u2013 SP (Sede Lapa), S\u00e3o Jos\u00e9 dos Campos \u2013 SP, Guarulhos \u2013 SP, Guaratinguet\u00e1 \u2013 SP, Taubat\u00e9 \u2013 SP, Po\u00e1 \u2013 SP, Mogi das Cruzes &#8211; SP, Vit\u00f3ria \u2013 ES, Serra \u2013 ES, Linhares \u2013 ES, S\u00e3o Mateus &#8211; ES, S\u00e3o Gon\u00e7alo do Amarante \u2013 CE<\/p>\n","protected":false},"excerpt":{"rendered":"<p>Dezembro, 2021 &#8211; A EDP, empresa que atua em todos os segmentos do setor el\u00e9trico brasileiro, abre as inscri\u00e7\u00f5es para seu programa de est\u00e1gio. A Companhia oferece oportunidades em diversas \u00e1reas de neg\u00f3cio e possibilita constante desenvolvimento e aprendizagem. Os interessados podem se inscrever at\u00e9 o dia\u00a014 de janeiro. Em linha com as diretrizes de [&hellip;]<\/p>\n","protected":false},"author":1,"featured_media":18276,"comment_status":"open","ping_status":"open","sticky":false,"template":"","format":"standard","meta":{"_uag_custom_page_level_css":"","footnotes":""},"categories":[27],"tags":[22870,12855,4444,22873,22868,22869,22872,10668,22871,12437],"class_list":["post-18275","post","type-post","status-publish","format-standard","has-post-thumbnail","hentry","category-acontece","tag-combate-ao-genocidio-da-juventude-negra","tag-edp-energia","tag-es","tag-estagio-e-empregos","tag-programa-de-inclusao-diversidade","tag-programa-para-jovens-negros","tag-sao-goncalo-do-amarante-ce","tag-sao-paulo","tag-servicos-de-energia","tag-vitoria"],"blocksy_meta":[],"spectra_blocks_featured_image_url":{"thumbnail":{"url":"https:\/\/construcaocivil.siriusmarketingedesign.com.br\/wp-content\/uploads\/2021\/12\/EDP-150x150.png","width":150,"height":150},"medium":{"url":"https:\/\/construcaocivil.siriusmarketingedesign.com.br\/wp-content\/uploads\/2021\/12\/EDP-300x91.png","width":300,"height":91},"medium_large":{"url":"https:\/\/construcaocivil.siriusmarketingedesign.com.br\/wp-content\/uploads\/2021\/12\/EDP-768x232.png","width":768,"height":232},"large":{"url":"https:\/\/construcaocivil.siriusmarketingedesign.com.br\/wp-content\/uploads\/2021\/12\/EDP-1024x309.png","width":1024,"height":309},"full":{"url":"https:\/\/construcaocivil.siriusmarketingedesign.com.br\/wp-content\/uploads\/2021\/12\/EDP.png","width":1920,"height":580}},"spectra_blocks_author_info":{"display_name":"Jornal da Constru\u00e7\u00e3o Civil","avatar_url":"https:\/\/secure.gravatar.com\/avatar\/973c9774fd44ddaceb026973c4962faa70fc512bc4c9da68e8ebb40fecee6540?s=96&d=mm&r=g","author_link":"https:\/\/construcaocivil.siriusmarketingedesign.com.br\/?author=1","description":"Desde de 2013, levando muitas informa\u00e7\u00f5es, lan\u00e7amentos e produtos de qualidade para toda cadeia produtiva da constru\u00e7\u00e3o. O Futuro da constru\u00e7\u00e3o passa por aqui,"},"uagb_featured_image_src":{"full":["https:\/\/construcaocivil.siriusmarketingedesign.com.br\/wp-content\/uploads\/2021\/12\/EDP.png",1920,580,false],"thumbnail":["https:\/\/construcaocivil.siriusmarketingedesign.com.br\/wp-content\/uploads\/2021\/12\/EDP-150x150.png",150,150,true],"medium":["https:\/\/construcaocivil.siriusmarketingedesign.com.br\/wp-content\/uploads\/2021\/12\/EDP-300x91.png",300,91,true],"medium_large":["https:\/\/construcaocivil.siriusmarketingedesign.com.br\/wp-content\/uploads\/2021\/12\/EDP-768x232.png",768,232,true],"large":["https:\/\/construcaocivil.siriusmarketingedesign.com.br\/wp-content\/uploads\/2021\/12\/EDP-1024x309.png",1024,309,true],"1536x1536":["https:\/\/construcaocivil.siriusmarketingedesign.com.br\/wp-content\/uploads\/2021\/12\/EDP-1536x464.png",1536,464,true],"2048x2048":["https:\/\/construcaocivil.siriusmarketingedesign.com.br\/wp-content\/uploads\/2021\/12\/EDP.png",1920,580,false]},"uagb_author_info":{"display_name":"Jornal da Constru\u00e7\u00e3o Civil","author_link":"https:\/\/construcaocivil.siriusmarketingedesign.com.br\/?author=1"},"uagb_comment_info":0,"uagb_excerpt":"Dezembro, 2021 &#8211; A EDP, empresa que atua em todos os segmentos do setor el\u00e9trico brasileiro, abre as inscri\u00e7\u00f5es para seu programa de est\u00e1gio. A Companhia oferece oportunidades em diversas \u00e1reas de neg\u00f3cio e possibilita constante desenvolvimento e aprendizagem. Os interessados podem se inscrever at\u00e9 o dia\u00a014 de janeiro. Em linha com as diretrizes de&hellip;","_links":{"self":[{"href":"https:\/\/construcaocivil.siriusmarketingedesign.com.br\/index.php?rest_route=\/wp\/v2\/posts\/18275","targetHints":{"allow":["GET"]}}],"collection":[{"href":"https:\/\/construcaocivil.siriusmarketingedesign.com.br\/index.php?rest_route=\/wp\/v2\/posts"}],"about":[{"href":"https:\/\/construcaocivil.siriusmarketingedesign.com.br\/index.php?rest_route=\/wp\/v2\/types\/post"}],"author":[{"embeddable":true,"href":"https:\/\/construcaocivil.siriusmarketingedesign.com.br\/index.php?rest_route=\/wp\/v2\/users\/1"}],"replies":[{"embeddable":true,"href":"https:\/\/construcaocivil.siriusmarketingedesign.com.br\/index.php?rest_route=%2Fwp%2Fv2%2Fcomments&post=18275"}],"version-history":[{"count":0,"href":"https:\/\/construcaocivil.siriusmarketingedesign.com.br\/index.php?rest_route=\/wp\/v2\/posts\/18275\/revisions"}],"wp:featuredmedia":[{"embeddable":true,"href":"https:\/\/construcaocivil.siriusmarketingedesign.com.br\/index.php?rest_route=\/wp\/v2\/media\/18276"}],"wp:attachment":[{"href":"https:\/\/construcaocivil.siriusmarketingedesign.com.br\/index.php?rest_route=%2Fwp%2Fv2%2Fmedia&parent=18275"}],"wp:term":[{"taxonomy":"category","embeddable":true,"href":"https:\/\/construcaocivil.siriusmarketingedesign.com.br\/index.php?rest_route=%2Fwp%2Fv2%2Fcategories&post=18275"},{"taxonomy":"post_tag","embeddable":true,"href":"https:\/\/construcaocivil.siriusmarketingedesign.com.br\/index.php?rest_route=%2Fwp%2Fv2%2Ftags&post=18275"}],"curies":[{"name":"wp","href":"https:\/\/api.w.org\/{rel}","templated":true}]}}