{"id":18289,"date":"2021-12-30T01:44:15","date_gmt":"2021-12-30T04:44:15","guid":{"rendered":"https:\/\/www.jornaldaconstrucaocivil.com.br\/?p=18289"},"modified":"2022-01-08T21:39:36","modified_gmt":"2022-01-09T00:39:36","slug":"ultimo-dia-otis-encerra-neste-dia-30-de-dezembro-as-inscricoes-para-seu-programa-de-estagio","status":"publish","type":"post","link":"https:\/\/construcaocivil.siriusmarketingedesign.com.br\/?p=18289","title":{"rendered":"\u00daltimo dia: Otis encerra, neste dia 30 de dezembro, as inscri\u00e7\u00f5es para seu programa de est\u00e1gio"},"content":{"rendered":"<p style=\"text-align: justify;\"><span style=\"color: #000080;\">S\u00c3O PAULO, Brasil, dezembro de 2021<\/span> \u2014 Nesta quinta-feira, dia 30, ser\u00e1 o \u00faltimo dia para se inscrever no programa de est\u00e1gio da <span class=\"il\">Otis<\/span>.\u00a0A\u00a0<span style=\"color: #0000ff;\"><a style=\"color: #0000ff;\" href=\"https:\/\/gateway.pr.comunique-se.com.br\/api\/Campaign\/AddCampaignEmailClick\/ff944d39-0048-42ac-7f9a-08d9bfcdd703\/https%253a%252f%252fwww.otis.com%252fpt%252fbr\/b20bfdd4-a02b-41a4-eb6d-08d7c5ff26d1\/webobras@gmail.com\/True\" target=\"_blank\" rel=\"noopener noreferrer\" data-saferedirecturl=\"https:\/\/www.google.com\/url?q=https:\/\/gateway.pr.comunique-se.com.br\/api\/Campaign\/AddCampaignEmailClick\/ff944d39-0048-42ac-7f9a-08d9bfcdd703\/https%25253a%25252f%25252fwww.otis.com%25252fpt%25252fbr\/b20bfdd4-a02b-41a4-eb6d-08d7c5ff26d1\/webobras@gmail.com\/True&amp;source=gmail&amp;ust=1640925231359000&amp;usg=AOvVaw0Asemw_Tl7jq9G9Bd__WXp\"><span class=\"il\">Otis<\/span>\u00a0Brasil<\/a><\/span>\u00a0abriu 51 vagas de est\u00e1gio t\u00e9cnico em todo o Brasil para seu Programa Rota Escola, como parte de seu compromisso em ter uma for\u00e7a de trabalho altamente treinada, enquanto apoia a aprendizagem permanente e o desenvolvimento profissional de seus funcion\u00e1rios e funcion\u00e1rias. A\u00a0<span class=\"il\">Otis<\/span>\u00a0(NYSE:<span class=\"il\">OTIS<\/span>) \u00e9 a empresa l\u00edder mundial em fabrica\u00e7\u00e3o, instala\u00e7\u00e3o e servi\u00e7os de elevadores e escadas rolantes.<\/p>\n<p style=\"text-align: justify;\">O programa visa treinar os estagi\u00e1rios e as estagi\u00e1rias por dez meses, oferecendo mais de 1.200 horas de capacita\u00e7\u00e3o te\u00f3rica e pr\u00e1tica sobre o funcionamento dos elevadores. Posteriormente, passar\u00e3o por uma avalia\u00e7\u00e3o para poss\u00edvel contrata\u00e7\u00e3o como t\u00e9cnicos e t\u00e9cnicas da empresa, para trabalharem nos elevadores e escadas rolantes instalados nos clientes. Na edi\u00e7\u00e3o de 2020, o programa atingiu aproximadamente 80% de \u00edndice de efetiva\u00e7\u00e3o na\u00a0<span class=\"il\">Otis<\/span>.<\/p>\n<p style=\"text-align: justify;\">\u201cAqui oferecemos a oportunidade de conhecer o trabalho t\u00e9cnico por completo, incluindo o funcionamento total do sistema operacional, uso de ferramentas, e outros conhecimentos relevantes\u201d, afirma a diretora de Recursos Humanos da\u00a0<span class=\"il\">Otis<\/span>\u00a0para Am\u00e9rica Latina, Cristiane Fiorezzi.<\/p>\n<p style=\"text-align: justify;\">Os candidatos e as candidatas podem se inscrever se tiverem mais de 18 anos e estiverem matriculados nos cursos t\u00e9cnicos de el\u00e9trica, eletr\u00f4nica, eletrot\u00e9cnica, eletroeletr\u00f4nica, mecatr\u00f4nica, automa\u00e7\u00e3o e mec\u00e2nica. As inscri\u00e7\u00f5es para o Rota Escola ser\u00e3o aceitas de 18 de outubro a 30 de dezembro.<\/p>\n<p style=\"text-align: justify;\">Est\u00e3o dispon\u00edveis 21 vagas em S\u00e3o Paulo, Ribeir\u00e3o Preto, S\u00e3o Jos\u00e9 dos Campos, Grande ABC, Santos, Porto Alegre, Florian\u00f3polis, Curitiba e Londrina;\u00a018 vagas no Rio de Janeiro, Belo Horizonte, Vit\u00f3ria e Niter\u00f3i; e 12 vagas para Bras\u00edlia, Goi\u00e2nia, Salvador, Recife, Fortaleza, Jo\u00e3o Pessoa, Natal e Manaus.<\/p>\n<p style=\"text-align: justify;\">Desde 2019, as mulheres preencheram quase 50% das vagas de est\u00e1gio do programa, destacando o compromisso da empresa em promover um ambiente diverso, igualit\u00e1rio e inclusivo. Em linha com esse compromisso estrat\u00e9gico global, a\u00a0<span class=\"il\">Otis<\/span>\u00a0Brasil tem como objetivo aumentar o n\u00famero de mulheres em toda a empresa, especialmente para os cargos de servi\u00e7os em campo, que t\u00eam sido historicamente ocupados por homens. Este programa de est\u00e1gio incentiva mais mulheres a assumir cargos de servi\u00e7os em campo.<\/p>\n<p style=\"text-align: justify;\">\u201cA\u00a0<span class=\"il\">Otis<\/span>\u00a0est\u00e1 profundamente comprometida em a\u00e7\u00f5es que promovam a diversidade, a equidade e a inclus\u00e3o, como nosso Employee Resource Group, Forward, que fortalece o apoio e o treinamento para mulheres no campo. A\u00a0<span class=\"il\">Otis<\/span>\u00a0Brasil tem obtido sucesso com mais igualdade de g\u00eanero em todos os seus cargos. No ano passado, a\u00a0<span class=\"il\">Otis<\/span>\u00a0uniu-se \u00e0 coaliz\u00e3o Paradigm for Parity\u00ae, afirmando nosso compromisso com a plena equidade de g\u00eanero na lideran\u00e7a executiva global at\u00e9 2030. Continuamos trabalhando para recrutar e reter l\u00edderes que representam as comunidades onde vivemos e trabalhamos, como pessoas de cor, LGBTQIA+ e trazendo mais mulheres para nossas equipes de campo\u201d, diz Fiorezzi.<\/p>\n<p style=\"text-align: justify;\"><span style=\"color: #ff0000;\"><strong>Programa de Bolsa de Estudos para Funcion\u00e1rios<\/strong><\/span><\/p>\n<p style=\"text-align: justify;\">Assim que os candidatos s\u00e3o contratados, a\u00a0<span class=\"il\">Otis<\/span>\u00a0demonstra seu compromisso com o desenvolvimento da educa\u00e7\u00e3o continuada por meio de um outro Programa, o de Bolsa de Estudos para Funcion\u00e1rios. Qualquer funcion\u00e1rio ou funcion\u00e1ria da\u00a0<span class=\"il\">Otis<\/span>\u00a0pode participar do programa, desde que tenha trabalhado na empresa por pelo menos 12 meses completos.<\/p>\n<p style=\"text-align: justify;\">Os profissionais da\u00a0<span class=\"il\">Otis<\/span>\u00a0Brasil podem se matricular em escolas t\u00e9cnicas (tecn\u00f3logos) e\/ ou universidades reconhecidas pelo Minist\u00e9rio da Educa\u00e7\u00e3o, incluindo gradua\u00e7\u00e3o, p\u00f3s-gradua\u00e7\u00e3o, MBA, mestrado e doutorado. As despesas educacionais s\u00e3o pagas pela empresa, incluindo 100% das mensalidades, taxas e livros.<\/p>\n<p style=\"text-align: justify;\">\u201cO Programa de Bolsas da\u00a0<span class=\"il\">Otis<\/span>\u00a0n\u00e3o \u00e9 apenas para a educa\u00e7\u00e3o, mas oferece uma oportunidade de crescimento, desenvolvimento e mudan\u00e7a. Eles s\u00f3 precisam estar motivados, ter disciplina e vontade de aprender \u201d, finaliza Fiorezzi.<\/p>\n<p style=\"text-align: justify;\">Os profissionais da\u00a0<span class=\"il\">Otis<\/span>\u00a0Brasil podem se inscrever em\u00a0escolas t\u00e9cnicas (tecn\u00f3logos) e ou universidades renomadas e reconhecidas pelo Minist\u00e9rio da Educa\u00e7\u00e3o, incluindo gradua\u00e7\u00e3o, p\u00f3s-gradua\u00e7\u00e3o, MBA, mestrado e doutorado. As despesas educacionais s\u00e3o pagas pela empresa, como 100% da mensalidade, taxas e livros da grade curricular.<\/p>\n<p style=\"text-align: justify;\">Fonte: OTIS Brasil<\/p>\n","protected":false},"excerpt":{"rendered":"<p>S\u00c3O PAULO, Brasil, dezembro de 2021 \u2014 Nesta quinta-feira, dia 30, ser\u00e1 o \u00faltimo dia para se inscrever no programa de est\u00e1gio da Otis.\u00a0A\u00a0Otis\u00a0Brasil\u00a0abriu 51 vagas de est\u00e1gio t\u00e9cnico em todo o Brasil para seu Programa Rota Escola, como parte de seu compromisso em ter uma for\u00e7a de trabalho altamente treinada, enquanto apoia a aprendizagem [&hellip;]<\/p>\n","protected":false},"author":1,"featured_media":18290,"comment_status":"open","ping_status":"open","sticky":false,"template":"","format":"standard","meta":{"_uag_custom_page_level_css":"","footnotes":""},"categories":[27],"tags":[22886,22887,7773,17905,22883,22884,22885],"class_list":["post-18289","post","type-post","status-publish","format-standard","has-post-thumbnail","hentry","category-acontece","tag-elevadores-4-0","tag-empregos-na-otis","tag-mobilidade-urbana","tag-oportunidades-para-jovens","tag-otis-brasil","tag-pecas-e-acessorios-para-elevadores","tag-transporte-de-pessoas"],"blocksy_meta":[],"spectra_blocks_featured_image_url":{"thumbnail":{"url":"https:\/\/construcaocivil.siriusmarketingedesign.com.br\/wp-content\/uploads\/2021\/12\/unnamed-9-150x150.jpg","width":150,"height":150},"medium":{"url":"https:\/\/construcaocivil.siriusmarketingedesign.com.br\/wp-content\/uploads\/2021\/12\/unnamed-9-300x300.jpg","width":300,"height":300},"medium_large":{"url":"https:\/\/construcaocivil.siriusmarketingedesign.com.br\/wp-content\/uploads\/2021\/12\/unnamed-9-768x770.jpg","width":768,"height":770},"large":{"url":"https:\/\/construcaocivil.siriusmarketingedesign.com.br\/wp-content\/uploads\/2021\/12\/unnamed-9-1021x1024.jpg","width":1021,"height":1024},"full":{"url":"https:\/\/construcaocivil.siriusmarketingedesign.com.br\/wp-content\/uploads\/2021\/12\/unnamed-9.jpg","width":2029,"height":2034}},"spectra_blocks_author_info":{"display_name":"Jornal da Constru\u00e7\u00e3o Civil","avatar_url":"https:\/\/secure.gravatar.com\/avatar\/973c9774fd44ddaceb026973c4962faa70fc512bc4c9da68e8ebb40fecee6540?s=96&d=mm&r=g","author_link":"https:\/\/construcaocivil.siriusmarketingedesign.com.br\/?author=1","description":"Desde de 2013, levando muitas informa\u00e7\u00f5es, lan\u00e7amentos e produtos de qualidade para toda cadeia produtiva da constru\u00e7\u00e3o. O Futuro da constru\u00e7\u00e3o passa por aqui,"},"uagb_featured_image_src":{"full":["https:\/\/construcaocivil.siriusmarketingedesign.com.br\/wp-content\/uploads\/2021\/12\/unnamed-9.jpg",2029,2034,false],"thumbnail":["https:\/\/construcaocivil.siriusmarketingedesign.com.br\/wp-content\/uploads\/2021\/12\/unnamed-9-150x150.jpg",150,150,true],"medium":["https:\/\/construcaocivil.siriusmarketingedesign.com.br\/wp-content\/uploads\/2021\/12\/unnamed-9-300x300.jpg",300,300,true],"medium_large":["https:\/\/construcaocivil.siriusmarketingedesign.com.br\/wp-content\/uploads\/2021\/12\/unnamed-9-768x770.jpg",768,770,true],"large":["https:\/\/construcaocivil.siriusmarketingedesign.com.br\/wp-content\/uploads\/2021\/12\/unnamed-9-1021x1024.jpg",1021,1024,true],"1536x1536":["https:\/\/construcaocivil.siriusmarketingedesign.com.br\/wp-content\/uploads\/2021\/12\/unnamed-9-1532x1536.jpg",1532,1536,true],"2048x2048":["https:\/\/construcaocivil.siriusmarketingedesign.com.br\/wp-content\/uploads\/2021\/12\/unnamed-9.jpg",2029,2034,false]},"uagb_author_info":{"display_name":"Jornal da Constru\u00e7\u00e3o Civil","author_link":"https:\/\/construcaocivil.siriusmarketingedesign.com.br\/?author=1"},"uagb_comment_info":0,"uagb_excerpt":"S\u00c3O PAULO, Brasil, dezembro de 2021 \u2014 Nesta quinta-feira, dia 30, ser\u00e1 o \u00faltimo dia para se inscrever no programa de est\u00e1gio da Otis.\u00a0A\u00a0Otis\u00a0Brasil\u00a0abriu 51 vagas de est\u00e1gio t\u00e9cnico em todo o Brasil para seu Programa Rota Escola, como parte de seu compromisso em ter uma for\u00e7a de trabalho altamente treinada, enquanto apoia a aprendizagem&hellip;","_links":{"self":[{"href":"https:\/\/construcaocivil.siriusmarketingedesign.com.br\/index.php?rest_route=\/wp\/v2\/posts\/18289","targetHints":{"allow":["GET"]}}],"collection":[{"href":"https:\/\/construcaocivil.siriusmarketingedesign.com.br\/index.php?rest_route=\/wp\/v2\/posts"}],"about":[{"href":"https:\/\/construcaocivil.siriusmarketingedesign.com.br\/index.php?rest_route=\/wp\/v2\/types\/post"}],"author":[{"embeddable":true,"href":"https:\/\/construcaocivil.siriusmarketingedesign.com.br\/index.php?rest_route=\/wp\/v2\/users\/1"}],"replies":[{"embeddable":true,"href":"https:\/\/construcaocivil.siriusmarketingedesign.com.br\/index.php?rest_route=%2Fwp%2Fv2%2Fcomments&post=18289"}],"version-history":[{"count":0,"href":"https:\/\/construcaocivil.siriusmarketingedesign.com.br\/index.php?rest_route=\/wp\/v2\/posts\/18289\/revisions"}],"wp:featuredmedia":[{"embeddable":true,"href":"https:\/\/construcaocivil.siriusmarketingedesign.com.br\/index.php?rest_route=\/wp\/v2\/media\/18290"}],"wp:attachment":[{"href":"https:\/\/construcaocivil.siriusmarketingedesign.com.br\/index.php?rest_route=%2Fwp%2Fv2%2Fmedia&parent=18289"}],"wp:term":[{"taxonomy":"category","embeddable":true,"href":"https:\/\/construcaocivil.siriusmarketingedesign.com.br\/index.php?rest_route=%2Fwp%2Fv2%2Fcategories&post=18289"},{"taxonomy":"post_tag","embeddable":true,"href":"https:\/\/construcaocivil.siriusmarketingedesign.com.br\/index.php?rest_route=%2Fwp%2Fv2%2Ftags&post=18289"}],"curies":[{"name":"wp","href":"https:\/\/api.w.org\/{rel}","templated":true}]}}