{"id":18303,"date":"2021-12-31T19:23:49","date_gmt":"2021-12-31T22:23:49","guid":{"rendered":"https:\/\/www.jornaldaconstrucaocivil.com.br\/?p=18303"},"modified":"2021-12-31T19:23:49","modified_gmt":"2021-12-31T22:23:49","slug":"paraty-retoma-celebracoes-do-reveillon-2022","status":"publish","type":"post","link":"https:\/\/construcaocivil.siriusmarketingedesign.com.br\/?p=18303","title":{"rendered":"Paraty retoma celebra\u00e7\u00f5es do Reveillon 2022"},"content":{"rendered":"<p style=\"text-align: justify;\">A Prefeitura de Paraty, por meio da Secretaria de Turismo, retoma as comemora\u00e7\u00f5es do R\u00e9veillon, com atra\u00e7\u00f5es musicais em seis pontos do munic\u00edpio e a tradicional queima de fogos.<\/p>\n<p style=\"text-align: justify;\">Os eventos de comemora\u00e7\u00e3o do Ano Novo foram suspensos na virada de 2020 para 2021 em raz\u00e3o da pandemia.<\/p>\n<p style=\"text-align: justify;\">Na retomada das celebra\u00e7\u00f5es, a Secretaria de Turismo vai descentralizar os eventos e oferecer a possibilidade de comemorar a virada do ano em diferentes pontos da cidade. Com isso, tamb\u00e9m, a Prefeitura busca evitar aglomera\u00e7\u00e3o na Praia do Pontal.<\/p>\n<p style=\"text-align: justify;\">Haver\u00e1 shows na praia do Pontal, Jabaquara, Trindade, Prainha de Mambucaba, Ilha das Cobras e Tarituba. Al\u00e9m disso, a Pra\u00e7a da Matriz ter\u00e1 a apresenta\u00e7\u00e3o de um DJ. A estrutura de apoio aos eventos inclui a fiscaliza\u00e7\u00e3o da Guarda Municipal, apoio da Pol\u00edcia Militar, Pol\u00edcia Civil, Pol\u00edcia Rodovi\u00e1ria Federal, Ag\u00eancia da Capitania dos Portos e suporte da Secretaria de Sa\u00fade.<\/p>\n<p style=\"text-align: justify;\">A Prefeitura lembra ainda que est\u00e3o em vigor os decretos 132\/2021 e 139\/2021, que exigem a apresenta\u00e7\u00e3o do certificado de vacina\u00e7\u00e3o para quem visitar a cidade ou trabalhar no com\u00e9rcio. Na aus\u00eancia de comprova\u00e7\u00e3o vacinal ser\u00e1 aceito a apresenta\u00e7\u00e3o de resultado de exame laboratorial constatando negativo, realizado no prazo m\u00e1ximo de at\u00e9 cinco dias, sendo permitido a substitui\u00e7\u00e3o do comprovante de vacina uma \u00fanica vez. As fiscaliza\u00e7\u00f5es dos dois decretos ser\u00e3o cont\u00ednuas durante as celebra\u00e7\u00f5es do Ano Novo.<\/p>\n<p style=\"text-align: justify;\">R\u00c9VEILLON 2022<\/p>\n<p>PRA\u00c7A DA MATRIZ<\/p>\n<p>20h &#8211; DJ BEBETO<\/p>\n<p>PRAIA DO PONTAL<\/p>\n<p>20h &#8211; DJ MARCOS FERRARI<\/p>\n<p>22h &#8211; BANDA FRANK CADILLAC<\/p>\n<p>00h20 &#8211; ARLINDINHO<\/p>\n<p>PRAIA DO JABAQUARA<\/p>\n<p>20h &#8211; DJ VIN\u00cdCIUS<\/p>\n<p>23h &#8211; LUCAS MAUR\u00cdLIO<\/p>\n<p>TARITUBA<\/p>\n<p>20h &#8211; DJ BETO VIEIRA<\/p>\n<p>23h &#8211; VELHA GUARDA<\/p>\n<p>PRAINHA DE MAMBUCABA<\/p>\n<p>20h &#8211; DJ ADRIANO LEMES<\/p>\n<p>23h &#8211; BANDA RATONES<\/p>\n<p>TRINDADE<\/p>\n<p>20h &#8211; DJ GLOW<\/p>\n<p>23h &#8211; ARRAST\u00c3O DO JABAQUARA<\/p>\n<p>ILHA DAS COBRAS<\/p>\n<p>20h &#8211; DJ DRACO<\/p>\n<p>23h &#8211; BANDA ALGO A MAIS<\/p>\n","protected":false},"excerpt":{"rendered":"<p>A Prefeitura de Paraty, por meio da Secretaria de Turismo, retoma as comemora\u00e7\u00f5es do R\u00e9veillon, com atra\u00e7\u00f5es musicais em seis pontos do munic\u00edpio e a tradicional queima de fogos. Os eventos de comemora\u00e7\u00e3o do Ano Novo foram suspensos na virada de 2020 para 2021 em raz\u00e3o da pandemia. Na retomada das celebra\u00e7\u00f5es, a Secretaria de [&hellip;]<\/p>\n","protected":false},"author":1,"featured_media":18304,"comment_status":"open","ping_status":"open","sticky":false,"template":"","format":"standard","meta":{"_uag_custom_page_level_css":"","footnotes":""},"categories":[1],"tags":[22902,22905,22904,22901,22903],"class_list":["post-18303","post","type-post","status-publish","format-standard","has-post-thumbnail","hentry","category-sem-categoria","tag-paraty-2022","tag-pos-covid-19","tag-regiao-da-costa-verde","tag-revellion-2022","tag-turismo-e-shows"],"blocksy_meta":[],"spectra_blocks_featured_image_url":{"thumbnail":{"url":"https:\/\/construcaocivil.siriusmarketingedesign.com.br\/wp-content\/uploads\/2021\/12\/PARATY-2022-150x150.jpg","width":150,"height":150},"medium":{"url":"https:\/\/construcaocivil.siriusmarketingedesign.com.br\/wp-content\/uploads\/2021\/12\/PARATY-2022-300x300.jpg","width":300,"height":300},"medium_large":{"url":"https:\/\/construcaocivil.siriusmarketingedesign.com.br\/wp-content\/uploads\/2021\/12\/PARATY-2022.jpg","width":600,"height":600},"large":{"url":"https:\/\/construcaocivil.siriusmarketingedesign.com.br\/wp-content\/uploads\/2021\/12\/PARATY-2022.jpg","width":600,"height":600},"full":{"url":"https:\/\/construcaocivil.siriusmarketingedesign.com.br\/wp-content\/uploads\/2021\/12\/PARATY-2022.jpg","width":600,"height":600}},"spectra_blocks_author_info":{"display_name":"Jornal da Constru\u00e7\u00e3o Civil","avatar_url":"https:\/\/secure.gravatar.com\/avatar\/973c9774fd44ddaceb026973c4962faa70fc512bc4c9da68e8ebb40fecee6540?s=96&d=mm&r=g","author_link":"https:\/\/construcaocivil.siriusmarketingedesign.com.br\/?author=1","description":"Desde de 2013, levando muitas informa\u00e7\u00f5es, lan\u00e7amentos e produtos de qualidade para toda cadeia produtiva da constru\u00e7\u00e3o. O Futuro da constru\u00e7\u00e3o passa por aqui,"},"uagb_featured_image_src":{"full":["https:\/\/construcaocivil.siriusmarketingedesign.com.br\/wp-content\/uploads\/2021\/12\/PARATY-2022.jpg",600,600,false],"thumbnail":["https:\/\/construcaocivil.siriusmarketingedesign.com.br\/wp-content\/uploads\/2021\/12\/PARATY-2022-150x150.jpg",150,150,true],"medium":["https:\/\/construcaocivil.siriusmarketingedesign.com.br\/wp-content\/uploads\/2021\/12\/PARATY-2022-300x300.jpg",300,300,true],"medium_large":["https:\/\/construcaocivil.siriusmarketingedesign.com.br\/wp-content\/uploads\/2021\/12\/PARATY-2022.jpg",600,600,false],"large":["https:\/\/construcaocivil.siriusmarketingedesign.com.br\/wp-content\/uploads\/2021\/12\/PARATY-2022.jpg",600,600,false],"1536x1536":["https:\/\/construcaocivil.siriusmarketingedesign.com.br\/wp-content\/uploads\/2021\/12\/PARATY-2022.jpg",600,600,false],"2048x2048":["https:\/\/construcaocivil.siriusmarketingedesign.com.br\/wp-content\/uploads\/2021\/12\/PARATY-2022.jpg",600,600,false]},"uagb_author_info":{"display_name":"Jornal da Constru\u00e7\u00e3o Civil","author_link":"https:\/\/construcaocivil.siriusmarketingedesign.com.br\/?author=1"},"uagb_comment_info":0,"uagb_excerpt":"A Prefeitura de Paraty, por meio da Secretaria de Turismo, retoma as comemora\u00e7\u00f5es do R\u00e9veillon, com atra\u00e7\u00f5es musicais em seis pontos do munic\u00edpio e a tradicional queima de fogos. Os eventos de comemora\u00e7\u00e3o do Ano Novo foram suspensos na virada de 2020 para 2021 em raz\u00e3o da pandemia. Na retomada das celebra\u00e7\u00f5es, a Secretaria de&hellip;","_links":{"self":[{"href":"https:\/\/construcaocivil.siriusmarketingedesign.com.br\/index.php?rest_route=\/wp\/v2\/posts\/18303","targetHints":{"allow":["GET"]}}],"collection":[{"href":"https:\/\/construcaocivil.siriusmarketingedesign.com.br\/index.php?rest_route=\/wp\/v2\/posts"}],"about":[{"href":"https:\/\/construcaocivil.siriusmarketingedesign.com.br\/index.php?rest_route=\/wp\/v2\/types\/post"}],"author":[{"embeddable":true,"href":"https:\/\/construcaocivil.siriusmarketingedesign.com.br\/index.php?rest_route=\/wp\/v2\/users\/1"}],"replies":[{"embeddable":true,"href":"https:\/\/construcaocivil.siriusmarketingedesign.com.br\/index.php?rest_route=%2Fwp%2Fv2%2Fcomments&post=18303"}],"version-history":[{"count":0,"href":"https:\/\/construcaocivil.siriusmarketingedesign.com.br\/index.php?rest_route=\/wp\/v2\/posts\/18303\/revisions"}],"wp:featuredmedia":[{"embeddable":true,"href":"https:\/\/construcaocivil.siriusmarketingedesign.com.br\/index.php?rest_route=\/wp\/v2\/media\/18304"}],"wp:attachment":[{"href":"https:\/\/construcaocivil.siriusmarketingedesign.com.br\/index.php?rest_route=%2Fwp%2Fv2%2Fmedia&parent=18303"}],"wp:term":[{"taxonomy":"category","embeddable":true,"href":"https:\/\/construcaocivil.siriusmarketingedesign.com.br\/index.php?rest_route=%2Fwp%2Fv2%2Fcategories&post=18303"},{"taxonomy":"post_tag","embeddable":true,"href":"https:\/\/construcaocivil.siriusmarketingedesign.com.br\/index.php?rest_route=%2Fwp%2Fv2%2Ftags&post=18303"}],"curies":[{"name":"wp","href":"https:\/\/api.w.org\/{rel}","templated":true}]}}