{"id":18316,"date":"2022-01-05T16:21:25","date_gmt":"2022-01-05T19:21:25","guid":{"rendered":"https:\/\/www.jornaldaconstrucaocivil.com.br\/?p=18316"},"modified":"2022-01-05T16:21:25","modified_gmt":"2022-01-05T19:21:25","slug":"luz-e-gas-consomem-mais-da-metade-da-renda-de-46-dos-brasileiros","status":"publish","type":"post","link":"https:\/\/construcaocivil.siriusmarketingedesign.com.br\/?p=18316","title":{"rendered":"Luz e g\u00e1s consomem mais da metade da renda de 46% dos brasileiros"},"content":{"rendered":"<p style=\"text-align: justify;\">Janeiro, 2021 &#8211; As crises h\u00eddrica e energ\u00e9tica, os caminhos adotados pelo governo federal para enfrent\u00e1-las, e o aumento do pre\u00e7o da conta de luz e do g\u00e1s imp\u00f5em um sacrif\u00edcio grande para os brasileiros, especialmente os mais pobres. Uma pesquisa do Ipec (Intelig\u00eancia em Pesquisa e Consultoria), contratada pelo iCS (Instituto Clima e Sociedade), mediu este impacto e concluiu que o gasto com g\u00e1s e energia el\u00e9trica j\u00e1 compromete metade ou mais da renda de 46% das fam\u00edlias brasileiras, sendo que 10% comprometem quase toda a renda familiar com esses gastos, 12% mais da metade da renda familiar e 24% a metade da renda familiar.<\/p>\n<p style=\"text-align: justify;\">O Ipec ouviu 2002 pessoas com 16 anos ou mais em todas as regi\u00f5es do Brasil entre 11 e 17 de novembro. Para 90%, o atual valor da conta de luz est\u00e1 impactando \u201cmuito\u201d ou \u201cum pouco\u201d o dia-a-dia das fam\u00edlias, e para poder pag\u00e1-la quatro em cada dez brasileiros (40%) diminu\u00edram ou deixaram de comprar roupas, sapatos e eletrodom\u00e9sticos. Ainda, nada menos do que 22% diminu\u00edram a compra de alimentos b\u00e1sicos para garantir a energia em suas casas, \u00edndice que chega a 28% entre os nordestinos. Al\u00e9m disso, 14% deixaram de pagar contas b\u00e1sicas como as de \u00e1gua e g\u00e1s encanado.<\/p>\n<p style=\"text-align: justify;\">O levantamento aponta tamb\u00e9m uma mudan\u00e7a de comportamento dos brasileiros para tentar diminuir a conta de luz: metade (49%) afirma ter adotado a\u00e7\u00f5es como tomar banho mais r\u00e1pido e desligar as l\u00e2mpadas, e 44% dizem ter deixado de usar ou ter reduzido o uso de eletrodom\u00e9sticos que consomem muita energia. Muitos foram al\u00e9m: 42% substitu\u00edram l\u00e2mpadas por outras mais econ\u00f4micas, e 23% passaram a evitar o consumo de muita energia nos hor\u00e1rios de pico. S\u00f3 5% declaram usar fontes alternativas renov\u00e1veis, como a solar, e 18% n\u00e3o mudaram seus h\u00e1bitos.<\/p>\n<p style=\"text-align: justify;\">O aumento no pre\u00e7o do botij\u00e3o de g\u00e1s \u00e9 o mais sentido pela popula\u00e7\u00e3o: 52% dizem que, entre as fontes de energia (el\u00e9trica, g\u00e1s encanado e botij\u00e3o), o aumento do botij\u00e3o foi o que mais pesou no bolso, e 42% apontam o da energia el\u00e9trica. Um em cada dez brasileiros passou a usar lenha para cozinhar, 6% passaram a usar carv\u00e3o, e 4% o fog\u00e3o el\u00e9trico.<\/p>\n<p style=\"text-align: justify;\">N\u00e3o foi apenas o gasto com g\u00e1s e energia que prejudicou a rotina das fam\u00edlias em 2021. Mais da metade dos entrevistados (52%) disse ter sofrido interrup\u00e7\u00e3o no fornecimento de \u00e1gua nos \u00faltimos 12 meses. No Nordeste, foram 61%.<\/p>\n<p style=\"text-align: justify;\">A pesquisa evidencia tamb\u00e9m que as crises h\u00eddrica e energ\u00e9tica s\u00e3o amplamente reconhecidas pela popula\u00e7\u00e3o e trazem grandes preocupa\u00e7\u00f5es: 79% ouviram falar da crise h\u00eddrica, e 68% da crise energ\u00e9tica. Nove em cada dez se preocupam com a possibilidade de racionamento ou de apag\u00f5es no futuro pr\u00f3ximo, sendo 70% aqueles que dizem se preocupar muito. A preocupa\u00e7\u00e3o \u00e9 maior nas capitais e nas cidades de seu entorno (periferias).<\/p>\n<p style=\"text-align: justify;\">Seis em cada dez entrevistados dizem ter gasto mais energia este ano, e nove em cada dez notaram o aumento na conta de luz. O governo federal (47%) e os governos estaduais (43%) s\u00e3o apontados como os principais respons\u00e1veis por esse aumento, seguidos pelas empresas de energia (32%) e as usinas hidrel\u00e9tricas (20%). Por outro lado, 71% afirmam n\u00e3o ter tomado conhecimento sobre as propostas do governo federal para a redu\u00e7\u00e3o volunt\u00e1ria no consumo.<\/p>\n<p style=\"text-align: justify;\">O brasileiro n\u00e3o est\u00e1 nada otimista em rela\u00e7\u00e3o ao futuro da conta de luz: 76% afirmam que ela vai aumentar ano que vem, sendo que 51% acham que vai \u201caumentar muito\u201d. Apenas 12% acham que continuar\u00e1 igual, e 7% acreditam em contas mais baratas. Quase todos os brasileiros (89%) temem poss\u00edveis aumentos no pre\u00e7o da conta de luz em casa no ano que vem. Nada menos do que 66% dizem ter \u201cmuito medo\u201d de poss\u00edveis aumentos, 23% \u201cum pouco de medo\u201d, e 8% n\u00e3o t\u00eam medo algum. Tr\u00eas em cada quatro brasileiros acreditam que o custo da energia vai elevar os pre\u00e7os dos produtos b\u00e1sicos. No Nordeste, esta percep\u00e7\u00e3o chega a 81%.<\/p>\n<p style=\"text-align: justify;\">A falta de \u00e1gua preocupa a quase totalidade dos brasileiros: 78% dizem que se preocupam muito, 14% que se preocupam um pouco, e apenas 6% n\u00e3o se preocupam. Os mais preocupados s\u00e3o os mais escolarizados (84%), os que vivem no Nordeste (84%), nas periferias das grandes cidades (82%) e em munic\u00edpios de porte m\u00e9dio (82%).<\/p>\n<p style=\"text-align: justify;\">A grande maioria (70%) considera que houve descaso do governo federal no enfrentamento da crise h\u00eddrica. E pensando no futuro, a pesquisa revela que o pa\u00eds n\u00e3o est\u00e1 otimista em rela\u00e7\u00e3o ao impacto das mudan\u00e7as clim\u00e1ticas: nove em cada dez (88%) avaliam que as mudan\u00e7as clim\u00e1ticas est\u00e3o impactando o regime de chuvas no Brasil, e para 56% dos brasileiros, as mudan\u00e7as no clima v\u00e3o piorar o volume de chuvas no futuro.<\/p>\n<p style=\"text-align: justify;\">A pesquisa traz uma boa not\u00edcia sobre a consci\u00eancia dos brasileiros em rela\u00e7\u00e3o \u00e0 import\u00e2ncia da efici\u00eancia energ\u00e9tica. Perguntados se consideram a efici\u00eancia dos eletrodom\u00e9sticos na hora de escolher qual vai comprar, 52% dizem que sempre, 16% quase sempre, 13% raramente, e 17% ignoram os selos e etiquetas de efici\u00eancia energ\u00e9tica.<\/p>\n<p style=\"text-align: justify;\">A popula\u00e7\u00e3o tem uma percep\u00e7\u00e3o positiva sobre as energias renov\u00e1veis. Nada menos do que 81% querem que elas sejam ampliadas. Para 69%, as renov\u00e1veis agridem menos o meio ambiente, e 64% dizem que o investimento em energia renov\u00e1vel contribui para gerar empregos. Metade (50%) acha que elas s\u00e3o mais baratas do que as n\u00e3o renov\u00e1veis, mas 31% acreditam que sejam mais caras. A confiabilidade das renov\u00e1veis \u00e9 alta: para 59%, elas s\u00e3o t\u00e3o confi\u00e1veis quanto as convencionais, enquanto 25% as veem como menos confi\u00e1veis.<\/p>\n<p style=\"text-align: justify;\">Por fim, a pesquisa mostra a demanda da popula\u00e7\u00e3o com rela\u00e7\u00e3o \u00e0 amplia\u00e7\u00e3o da energia limpa no pa\u00eds e entende que esse tema deveria ser uma prioridade para os(as) presidenci\u00e1veis no ano que vem. A maioria dos brasileiros (77%) afirma que propostas para ampliar o uso de energias renov\u00e1veis no Brasil deveriam ser uma prioridade dos(as) candidatos(as) \u00e0 Presid\u00eancia da Rep\u00fablica no ano que vem. E 81% dizem que propostas que visem evitar a ocorr\u00eancia de crises h\u00eddricas no futuro deveriam ser priorizadas pelas candidaturas.<\/p>\n<p style=\"text-align: justify;\">\n","protected":false},"excerpt":{"rendered":"<p>Janeiro, 2021 &#8211; As crises h\u00eddrica e energ\u00e9tica, os caminhos adotados pelo governo federal para enfrent\u00e1-las, e o aumento do pre\u00e7o da conta de luz e do g\u00e1s imp\u00f5em um sacrif\u00edcio grande para os brasileiros, especialmente os mais pobres. Uma pesquisa do Ipec (Intelig\u00eancia em Pesquisa e Consultoria), contratada pelo iCS (Instituto Clima e Sociedade), [&hellip;]<\/p>\n","protected":false},"author":1,"featured_media":18317,"comment_status":"open","ping_status":"open","sticky":false,"template":"","format":"standard","meta":{"_uag_custom_page_level_css":"","footnotes":""},"categories":[29],"tags":[725,745,22922,22921,22923,22920,21362,8144,11433,11438,22919],"class_list":["post-18316","post","type-post","status-publish","format-standard","has-post-thumbnail","hentry","category-energia","tag-aneel","tag-anp","tag-brasileiros-no-sufoco","tag-concessionarias-de-gas-e-luz","tag-crises-hidrica-e-energetica","tag-familias-sem-dinheiro-de-gas-e-luz","tag-inflacao","tag-nordeste","tag-sudeste","tag-sul","tag-tarifa-de-gas-e-luz-prejudica-economia"],"blocksy_meta":[],"spectra_blocks_featured_image_url":{"thumbnail":{"url":"https:\/\/construcaocivil.siriusmarketingedesign.com.br\/wp-content\/uploads\/2022\/01\/PESSOAS-GAS-AA-150x150.jpg","width":150,"height":150},"medium":{"url":"https:\/\/construcaocivil.siriusmarketingedesign.com.br\/wp-content\/uploads\/2022\/01\/PESSOAS-GAS-AA-300x225.jpg","width":300,"height":225},"medium_large":{"url":"https:\/\/construcaocivil.siriusmarketingedesign.com.br\/wp-content\/uploads\/2022\/01\/PESSOAS-GAS-AA.jpg","width":457,"height":343},"large":{"url":"https:\/\/construcaocivil.siriusmarketingedesign.com.br\/wp-content\/uploads\/2022\/01\/PESSOAS-GAS-AA.jpg","width":457,"height":343},"full":{"url":"https:\/\/construcaocivil.siriusmarketingedesign.com.br\/wp-content\/uploads\/2022\/01\/PESSOAS-GAS-AA.jpg","width":457,"height":343}},"spectra_blocks_author_info":{"display_name":"Jornal da Constru\u00e7\u00e3o Civil","avatar_url":"https:\/\/secure.gravatar.com\/avatar\/973c9774fd44ddaceb026973c4962faa70fc512bc4c9da68e8ebb40fecee6540?s=96&d=mm&r=g","author_link":"https:\/\/construcaocivil.siriusmarketingedesign.com.br\/?author=1","description":"Desde de 2013, levando muitas informa\u00e7\u00f5es, lan\u00e7amentos e produtos de qualidade para toda cadeia produtiva da constru\u00e7\u00e3o. O Futuro da constru\u00e7\u00e3o passa por aqui,"},"uagb_featured_image_src":{"full":["https:\/\/construcaocivil.siriusmarketingedesign.com.br\/wp-content\/uploads\/2022\/01\/PESSOAS-GAS-AA.jpg",457,343,false],"thumbnail":["https:\/\/construcaocivil.siriusmarketingedesign.com.br\/wp-content\/uploads\/2022\/01\/PESSOAS-GAS-AA-150x150.jpg",150,150,true],"medium":["https:\/\/construcaocivil.siriusmarketingedesign.com.br\/wp-content\/uploads\/2022\/01\/PESSOAS-GAS-AA-300x225.jpg",300,225,true],"medium_large":["https:\/\/construcaocivil.siriusmarketingedesign.com.br\/wp-content\/uploads\/2022\/01\/PESSOAS-GAS-AA.jpg",457,343,false],"large":["https:\/\/construcaocivil.siriusmarketingedesign.com.br\/wp-content\/uploads\/2022\/01\/PESSOAS-GAS-AA.jpg",457,343,false],"1536x1536":["https:\/\/construcaocivil.siriusmarketingedesign.com.br\/wp-content\/uploads\/2022\/01\/PESSOAS-GAS-AA.jpg",457,343,false],"2048x2048":["https:\/\/construcaocivil.siriusmarketingedesign.com.br\/wp-content\/uploads\/2022\/01\/PESSOAS-GAS-AA.jpg",457,343,false]},"uagb_author_info":{"display_name":"Jornal da Constru\u00e7\u00e3o Civil","author_link":"https:\/\/construcaocivil.siriusmarketingedesign.com.br\/?author=1"},"uagb_comment_info":0,"uagb_excerpt":"Janeiro, 2021 &#8211; As crises h\u00eddrica e energ\u00e9tica, os caminhos adotados pelo governo federal para enfrent\u00e1-las, e o aumento do pre\u00e7o da conta de luz e do g\u00e1s imp\u00f5em um sacrif\u00edcio grande para os brasileiros, especialmente os mais pobres. Uma pesquisa do Ipec (Intelig\u00eancia em Pesquisa e Consultoria), contratada pelo iCS (Instituto Clima e Sociedade),&hellip;","_links":{"self":[{"href":"https:\/\/construcaocivil.siriusmarketingedesign.com.br\/index.php?rest_route=\/wp\/v2\/posts\/18316","targetHints":{"allow":["GET"]}}],"collection":[{"href":"https:\/\/construcaocivil.siriusmarketingedesign.com.br\/index.php?rest_route=\/wp\/v2\/posts"}],"about":[{"href":"https:\/\/construcaocivil.siriusmarketingedesign.com.br\/index.php?rest_route=\/wp\/v2\/types\/post"}],"author":[{"embeddable":true,"href":"https:\/\/construcaocivil.siriusmarketingedesign.com.br\/index.php?rest_route=\/wp\/v2\/users\/1"}],"replies":[{"embeddable":true,"href":"https:\/\/construcaocivil.siriusmarketingedesign.com.br\/index.php?rest_route=%2Fwp%2Fv2%2Fcomments&post=18316"}],"version-history":[{"count":0,"href":"https:\/\/construcaocivil.siriusmarketingedesign.com.br\/index.php?rest_route=\/wp\/v2\/posts\/18316\/revisions"}],"wp:featuredmedia":[{"embeddable":true,"href":"https:\/\/construcaocivil.siriusmarketingedesign.com.br\/index.php?rest_route=\/wp\/v2\/media\/18317"}],"wp:attachment":[{"href":"https:\/\/construcaocivil.siriusmarketingedesign.com.br\/index.php?rest_route=%2Fwp%2Fv2%2Fmedia&parent=18316"}],"wp:term":[{"taxonomy":"category","embeddable":true,"href":"https:\/\/construcaocivil.siriusmarketingedesign.com.br\/index.php?rest_route=%2Fwp%2Fv2%2Fcategories&post=18316"},{"taxonomy":"post_tag","embeddable":true,"href":"https:\/\/construcaocivil.siriusmarketingedesign.com.br\/index.php?rest_route=%2Fwp%2Fv2%2Ftags&post=18316"}],"curies":[{"name":"wp","href":"https:\/\/api.w.org\/{rel}","templated":true}]}}