{"id":18333,"date":"2022-01-08T01:59:12","date_gmt":"2022-01-08T04:59:12","guid":{"rendered":"https:\/\/www.jornaldaconstrucaocivil.com.br\/?p=18333"},"modified":"2022-01-08T01:59:12","modified_gmt":"2022-01-08T04:59:12","slug":"feira-das-yabas-gastronomia-negra-carioca-e-musica-tera-sua-primeira-edicao-neste-domingo9","status":"publish","type":"post","link":"https:\/\/construcaocivil.siriusmarketingedesign.com.br\/?p=18333","title":{"rendered":"Feira das Yab\u00e1s, gastronomia negra carioca e m\u00fasica ter\u00e1 sua primeira edi\u00e7\u00e3o neste domingo(9)"},"content":{"rendered":"<p style=\"font-weight: 400; text-align: justify;\"><span style=\"color: #993300;\">Janeiro<\/span>, 2021 &#8211; Que tal come\u00e7ar o ano em alto astral, com boa m\u00fasica, gente bonita e comida de 1\u00aa qualidade, num s\u00f3 lugar? Ent\u00e3o, prepare-se para viver tudo isso no pr\u00f3ximo domingo, dia 9 de janeiro, a partir das 13h, na Pra\u00e7a Paulo da Portela, em Oswaldo Cruz, zona norte do Rio de Janeiro. \u00c9 que teremos a primeira Feira das Yab\u00e1s, de 2002. O nosso anfitri\u00e3o, cantor, compositor, e idealizador e mestre Marquinhos de Oswaldo Cruz, recebe na sua roda de samba, o cantor Toninho Geraes, para um super show. Dono de v\u00e1rios sucessos consagrados por int\u00e9rpretes da MPB como, \u201cMulheres\u201d (Martinho da Vila), \u201cSeu Balanc\u00ea, \u201cUma Prova de Amor\u201d, \u201cPago Para Ver\u201d (Zeca Pagodinho), \u201cSe a Fila Andar\u201d (Beth Carvalho), Me Leva (Agep\u00ea) entre outros. Sucessos antigos n\u00e3o deixar\u00e3o de ter lugar no repert\u00f3rio, dentre eles \u201c Se a Fila Andar\u201d, \u201cMorro dos Prazeres\u201d, \u201cAlma Bo\u00eamia\u201d e v\u00e1rias m\u00fasicas do seu novo trabalho mais recente, o DVD, \u2018Tudo Que Sou\u2019.<\/p>\n<figure id=\"attachment_18335\" aria-describedby=\"caption-attachment-18335\" style=\"width: 300px\" class=\"wp-caption alignleft\"><img loading=\"lazy\" decoding=\"async\" class=\"size-medium wp-image-18335\" src=\"https:\/\/www.jornaldaconstrucaocivil.com.br\/wp-content\/uploads\/2022\/01\/Marquinhos-de-Oswaldo-Cruz-300x200.jpg\" alt=\"\" width=\"300\" height=\"200\" srcset=\"https:\/\/construcaocivil.siriusmarketingedesign.com.br\/wp-content\/uploads\/2022\/01\/Marquinhos-de-Oswaldo-Cruz-300x200.jpg 300w, https:\/\/construcaocivil.siriusmarketingedesign.com.br\/wp-content\/uploads\/2022\/01\/Marquinhos-de-Oswaldo-Cruz-768x512.jpg 768w, https:\/\/construcaocivil.siriusmarketingedesign.com.br\/wp-content\/uploads\/2022\/01\/Marquinhos-de-Oswaldo-Cruz-450x300.jpg 450w, https:\/\/construcaocivil.siriusmarketingedesign.com.br\/wp-content\/uploads\/2022\/01\/Marquinhos-de-Oswaldo-Cruz.jpg 960w\" sizes=\"auto, (max-width: 300px) 100vw, 300px\" \/><figcaption id=\"caption-attachment-18335\" class=\"wp-caption-text\">Marquinhos de Oswaldo Cruz. Divulga\u00e7\u00e3o<\/figcaption><\/figure>\n<p style=\"font-weight: 400; text-align: justify;\">A produ\u00e7\u00e3o pede que, mesmo com o DECRETO RIO N\u00ba 49692 DE 26 DE OUTUBRO DE 2021 em vigor, que libera e flexibiliza o uso de m\u00e1scaras em espa\u00e7os abertos, os frequentadores da Feira das Yab\u00e1s continuem tomando todos os cuidados contra a covid-19 e usando m\u00e1scaras. De acordo com Marquinhos de Oswaldo Cruz, o cuidado consigo e com os outros \u00e9 um ato de amor \u00e0 vida.<\/p>\n<p style=\"font-weight: 400; text-align: justify;\"><span style=\"color: #993300;\"><strong>O evento: FEIRA DAS YAB\u00c1S, M\u00daSICA E GASTRONOMIA NEGRA CARIOCA.<\/strong><\/span><\/p>\n<p style=\"font-weight: 400; text-align: justify;\">Evento gratuito, a Feira das Yab\u00e1s acontece h\u00e1 13 anos no bairro de Oswaldo Cruz, cont\u00edguo a Madureira. De destacada relev\u00e2ncia para a preserva\u00e7\u00e3o da cultura afro-brasileira, declarada Patrim\u00f4nio Cultural Imaterial do estado do Rio de Janeiro em 2018, teve sua primeira edi\u00e7\u00e3o em 2008 idealizada pelo cantor e compositor Marquinhos de Oswaldo Cruz, que depois de recriar o Trem do Samba e a Feijoada da Fam\u00edlia Portelense resolveu cantar seus sambas na quadra da Portelinha, quando era servido uma macarronada com carne assada. Nascia assim, a primeira edi\u00e7\u00e3o da Feira, que hoje re\u00fane milhares de visitantes de todas as regi\u00f5es do Rio.<\/p>\n<figure id=\"attachment_18336\" aria-describedby=\"caption-attachment-18336\" style=\"width: 300px\" class=\"wp-caption alignright\"><img loading=\"lazy\" decoding=\"async\" class=\"size-medium wp-image-18336\" src=\"https:\/\/www.jornaldaconstrucaocivil.com.br\/wp-content\/uploads\/2022\/01\/image-300x225.png\" alt=\"\" width=\"300\" height=\"225\" srcset=\"https:\/\/construcaocivil.siriusmarketingedesign.com.br\/wp-content\/uploads\/2022\/01\/image-300x225.png 300w, https:\/\/construcaocivil.siriusmarketingedesign.com.br\/wp-content\/uploads\/2022\/01\/image-768x576.png 768w, https:\/\/construcaocivil.siriusmarketingedesign.com.br\/wp-content\/uploads\/2022\/01\/image-86x64.png 86w, https:\/\/construcaocivil.siriusmarketingedesign.com.br\/wp-content\/uploads\/2022\/01\/image.png 800w\" sizes=\"auto, (max-width: 300px) 100vw, 300px\" \/><figcaption id=\"caption-attachment-18336\" class=\"wp-caption-text\">Toninho Geraes. Divulga\u00e7\u00e3o<\/figcaption><\/figure>\n<p style=\"font-weight: 400; text-align: justify;\">Grandes nomes da MPB, como Dona Ivone Lara, Leandro Sapucahy, Leci Brand\u00e3o, Arlindo Cruz, Danilo Caymmi, F\u00e1tima Guedes, Hamilton de Holanda, Jongo da Serrinha, Guinga, entre outros, j\u00e1 marcaram presen\u00e7a na Feira. A festa tem patroc\u00ednio da Secretaria Municipal de Cultura da Cidade do Rio de Janeiro, Produ\u00e7\u00e3o da MMachado Promo\u00e7\u00f5es, apoio do Sesc RJ e a assessoria de imprensa da C\u00f3digo Morse Assessoria de Imprensa e Comunica\u00e7\u00e3o.<\/p>\n<p style=\"font-weight: 400; text-align: justify;\">Al\u00e9m da boa m\u00fasica, o p\u00fablico ainda aproveita para experimentar a culin\u00e1ria t\u00edpica do sub\u00farbio carioca e pratos de origem africana nas 16 barracas expositoras, sob o comando das matriarcas das fam\u00edlias mais importantes e tradicionais da regi\u00e3o de Oswaldo Cruz: um imenso restaurante a c\u00e9u aberto. Entre as muitas op\u00e7\u00f5es, est\u00e3o o mocot\u00f3 da Tia Surica, baluarte da Velha Guarda da Portela. Uma das refei\u00e7\u00f5es mais concorridas \u00e9 a rabada com batata da barraca da Dona Nen\u00e9m. Neide Santana serve feijoada de camar\u00e3o. J\u00e1 na barraca da Jane Carla voc\u00ea encontra o cozido de peixe. A expositora Romana vai de carr\u00e9 com couve \u00e0 mineira \u00e0 moda carioca. Bob\u00f3 de camar\u00e3o \u00e9 o prato da barraca da Jussara e na barraca da Selma Candeia, filha do sambista Candeia, a gostosura \u00e9 ab\u00f3bora com carne seca. A combina\u00e7\u00e3o de peixe frito, molho de camar\u00e3o, pir\u00e3o e arroz fica sob a responsabilidade da Tia Nira. J\u00e1 a barraca da Tia Edith oferece macarr\u00e3o com carne assada. Vera Caju encanta com o seu cozido. Rosimeri Cruz serve a deliciosa galinha com quiabo e Jane Pereira arrasa com seu famoso jil\u00f3 frito. A barraca da Ros\u00e2ngela Maria serve a tripa lombeira e a da D. Marlene a feijoada.<\/p>\n<p style=\"font-weight: 400; text-align: justify;\">E, se voc\u00ea ainda n\u00e3o estiver satisfeito, pode experimentar a vaca atolada da Tia Nat\u00e9rcia e da Sueli. Para arrematar, as expositoras Vera de Jesus e Janaina de Jesus, preparam doces deliciosos.<\/p>\n<p style=\"font-weight: 400; text-align: justify;\">Quando: Domingo, 9\u00a0 de janeiro de 2022.<\/p>\n<p style=\"font-weight: 400; text-align: justify;\">Hora: a partir das 13h.<\/p>\n<p style=\"font-weight: 400; text-align: justify;\">Local: Pra\u00e7a Paulo da Portela, Oswaldo Cruz &#8211; Rio de Janeiro<\/p>\n<p style=\"font-weight: 400; text-align: justify;\">Evento gratuito.<\/p>\n<p style=\"font-weight: 400; text-align: justify;\">Mais informa\u00e7\u00f5es: 21 &#8211; 97036-4543<\/p>\n<p style=\"font-weight: 400; text-align: justify;\">Classifica\u00e7\u00e3o: Livre<\/p>\n","protected":false},"excerpt":{"rendered":"<p>Janeiro, 2021 &#8211; Que tal come\u00e7ar o ano em alto astral, com boa m\u00fasica, gente bonita e comida de 1\u00aa qualidade, num s\u00f3 lugar? Ent\u00e3o, prepare-se para viver tudo isso no pr\u00f3ximo domingo, dia 9 de janeiro, a partir das 13h, na Pra\u00e7a Paulo da Portela, em Oswaldo Cruz, zona norte do Rio de Janeiro. [&hellip;]<\/p>\n","protected":false},"author":1,"featured_media":18334,"comment_status":"open","ping_status":"open","sticky":false,"template":"","format":"standard","meta":{"_uag_custom_page_level_css":"","footnotes":""},"categories":[27],"tags":[22944,22939,22940,22943,22941,8032,20599,22942],"class_list":["post-18333","post","type-post","status-publish","format-standard","has-post-thumbnail","hentry","category-acontece","tag-comidas-e-bebidas","tag-feira-das-yabas-de-2022","tag-gastronomia-negra-carioca","tag-historia-e-cultura-negra","tag-marquinhos-de-oswaldo-cruz","tag-musica","tag-samba","tag-toninho-geraes"],"blocksy_meta":[],"spectra_blocks_featured_image_url":{"thumbnail":{"url":"https:\/\/construcaocivil.siriusmarketingedesign.com.br\/wp-content\/uploads\/2022\/01\/Feira-das-Yabas-2Meijoada_marlene_18_foto_marcos_pinto_2461-150x150.jpg","width":150,"height":150},"medium":{"url":"https:\/\/construcaocivil.siriusmarketingedesign.com.br\/wp-content\/uploads\/2022\/01\/Feira-das-Yabas-2Meijoada_marlene_18_foto_marcos_pinto_2461-300x225.jpg","width":300,"height":225},"medium_large":{"url":"https:\/\/construcaocivil.siriusmarketingedesign.com.br\/wp-content\/uploads\/2022\/01\/Feira-das-Yabas-2Meijoada_marlene_18_foto_marcos_pinto_2461.jpg","width":620,"height":465},"large":{"url":"https:\/\/construcaocivil.siriusmarketingedesign.com.br\/wp-content\/uploads\/2022\/01\/Feira-das-Yabas-2Meijoada_marlene_18_foto_marcos_pinto_2461.jpg","width":620,"height":465},"full":{"url":"https:\/\/construcaocivil.siriusmarketingedesign.com.br\/wp-content\/uploads\/2022\/01\/Feira-das-Yabas-2Meijoada_marlene_18_foto_marcos_pinto_2461.jpg","width":620,"height":465}},"spectra_blocks_author_info":{"display_name":"Jornal da Constru\u00e7\u00e3o Civil","avatar_url":"https:\/\/secure.gravatar.com\/avatar\/973c9774fd44ddaceb026973c4962faa70fc512bc4c9da68e8ebb40fecee6540?s=96&d=mm&r=g","author_link":"https:\/\/construcaocivil.siriusmarketingedesign.com.br\/?author=1","description":"Desde de 2013, levando muitas informa\u00e7\u00f5es, lan\u00e7amentos e produtos de qualidade para toda cadeia produtiva da constru\u00e7\u00e3o. O Futuro da constru\u00e7\u00e3o passa por aqui,"},"uagb_featured_image_src":{"full":["https:\/\/construcaocivil.siriusmarketingedesign.com.br\/wp-content\/uploads\/2022\/01\/Feira-das-Yabas-2Meijoada_marlene_18_foto_marcos_pinto_2461.jpg",620,465,false],"thumbnail":["https:\/\/construcaocivil.siriusmarketingedesign.com.br\/wp-content\/uploads\/2022\/01\/Feira-das-Yabas-2Meijoada_marlene_18_foto_marcos_pinto_2461-150x150.jpg",150,150,true],"medium":["https:\/\/construcaocivil.siriusmarketingedesign.com.br\/wp-content\/uploads\/2022\/01\/Feira-das-Yabas-2Meijoada_marlene_18_foto_marcos_pinto_2461-300x225.jpg",300,225,true],"medium_large":["https:\/\/construcaocivil.siriusmarketingedesign.com.br\/wp-content\/uploads\/2022\/01\/Feira-das-Yabas-2Meijoada_marlene_18_foto_marcos_pinto_2461.jpg",620,465,false],"large":["https:\/\/construcaocivil.siriusmarketingedesign.com.br\/wp-content\/uploads\/2022\/01\/Feira-das-Yabas-2Meijoada_marlene_18_foto_marcos_pinto_2461.jpg",620,465,false],"1536x1536":["https:\/\/construcaocivil.siriusmarketingedesign.com.br\/wp-content\/uploads\/2022\/01\/Feira-das-Yabas-2Meijoada_marlene_18_foto_marcos_pinto_2461.jpg",620,465,false],"2048x2048":["https:\/\/construcaocivil.siriusmarketingedesign.com.br\/wp-content\/uploads\/2022\/01\/Feira-das-Yabas-2Meijoada_marlene_18_foto_marcos_pinto_2461.jpg",620,465,false]},"uagb_author_info":{"display_name":"Jornal da Constru\u00e7\u00e3o Civil","author_link":"https:\/\/construcaocivil.siriusmarketingedesign.com.br\/?author=1"},"uagb_comment_info":0,"uagb_excerpt":"Janeiro, 2021 &#8211; Que tal come\u00e7ar o ano em alto astral, com boa m\u00fasica, gente bonita e comida de 1\u00aa qualidade, num s\u00f3 lugar? Ent\u00e3o, prepare-se para viver tudo isso no pr\u00f3ximo domingo, dia 9 de janeiro, a partir das 13h, na Pra\u00e7a Paulo da Portela, em Oswaldo Cruz, zona norte do Rio de Janeiro.&hellip;","_links":{"self":[{"href":"https:\/\/construcaocivil.siriusmarketingedesign.com.br\/index.php?rest_route=\/wp\/v2\/posts\/18333","targetHints":{"allow":["GET"]}}],"collection":[{"href":"https:\/\/construcaocivil.siriusmarketingedesign.com.br\/index.php?rest_route=\/wp\/v2\/posts"}],"about":[{"href":"https:\/\/construcaocivil.siriusmarketingedesign.com.br\/index.php?rest_route=\/wp\/v2\/types\/post"}],"author":[{"embeddable":true,"href":"https:\/\/construcaocivil.siriusmarketingedesign.com.br\/index.php?rest_route=\/wp\/v2\/users\/1"}],"replies":[{"embeddable":true,"href":"https:\/\/construcaocivil.siriusmarketingedesign.com.br\/index.php?rest_route=%2Fwp%2Fv2%2Fcomments&post=18333"}],"version-history":[{"count":0,"href":"https:\/\/construcaocivil.siriusmarketingedesign.com.br\/index.php?rest_route=\/wp\/v2\/posts\/18333\/revisions"}],"wp:featuredmedia":[{"embeddable":true,"href":"https:\/\/construcaocivil.siriusmarketingedesign.com.br\/index.php?rest_route=\/wp\/v2\/media\/18334"}],"wp:attachment":[{"href":"https:\/\/construcaocivil.siriusmarketingedesign.com.br\/index.php?rest_route=%2Fwp%2Fv2%2Fmedia&parent=18333"}],"wp:term":[{"taxonomy":"category","embeddable":true,"href":"https:\/\/construcaocivil.siriusmarketingedesign.com.br\/index.php?rest_route=%2Fwp%2Fv2%2Fcategories&post=18333"},{"taxonomy":"post_tag","embeddable":true,"href":"https:\/\/construcaocivil.siriusmarketingedesign.com.br\/index.php?rest_route=%2Fwp%2Fv2%2Ftags&post=18333"}],"curies":[{"name":"wp","href":"https:\/\/api.w.org\/{rel}","templated":true}]}}