{"id":18359,"date":"2022-01-10T22:34:01","date_gmt":"2022-01-11T01:34:01","guid":{"rendered":"https:\/\/www.jornaldaconstrucaocivil.com.br\/?p=18359"},"modified":"2022-01-10T22:34:01","modified_gmt":"2022-01-11T01:34:01","slug":"industrias-ceramicas-poderao-ser-afetadas-devido-ao-preco-do-gas-praticado-pela-petrobras","status":"publish","type":"post","link":"https:\/\/construcaocivil.siriusmarketingedesign.com.br\/?p=18359","title":{"rendered":"Ind\u00fastrias cer\u00e2micas poder\u00e3o ser afetadas devido ao pre\u00e7o do g\u00e1s praticado pela Petrobras"},"content":{"rendered":"<p style=\"text-align: justify;\"><span style=\"color: #993300;\">Janeiro<\/span>, 2021 &#8211; <strong><span style=\"color: #993300;\"><em>\u201cA proposta apresentada pela Petrobras \u00e0s distribuidoras, que poder\u00e1 resultar, a partir de janeiro de 2022 e pelos pr\u00f3ximos quatro anos, em aumento de 50% no valor do g\u00e1s natural, poder\u00e1 ter s\u00e9rias consequ\u00eancias para nossa atividade\u201d,<\/em><\/span> <\/strong>alerta Benjamin Ferreira Neto, presidente do Conselho de Administra\u00e7\u00e3o da Anfacer (Associa\u00e7\u00e3o Nacional dos Fabricantes de Cer\u00e2mica para Revestimentos, Lou\u00e7as Sanit\u00e1rias e Cong\u00eaneres). A entidade representa o setor que \u00e9 o segundo maior consumidor industrial de g\u00e1s natural do Brasil.\n<\/p>\n<p style=\"text-align: justify;\">O dirigente salienta que o segmento de revestimentos cer\u00e2micos fez elevados investimentos para converter o g\u00e1s natural na sua principal fonte energ\u00e9tica. \u201cFoi uma op\u00e7\u00e3o movida pela responsabilidade ambiental e constante busca pela sustentabilidade. N\u00e3o podemos agora ser apenados por termos adotado uma pr\u00e1tica ecol\u00f3gica correta\u201d, pondera, revelando que a Anfacer enviou of\u00edcio ao presidente Jair Bolsonaro, apontando o problema da iminente majora\u00e7\u00e3o e solicitando solu\u00e7\u00f5es.\n<\/p>\n<p style=\"text-align: justify;\">O Brasil \u00e9 um dos protagonistas no mercado mundial de revestimentos cer\u00e2micos e lou\u00e7as sanit\u00e1rias, ocupando a terceira posi\u00e7\u00e3o em produ\u00e7\u00e3o e a segunda em consumo, al\u00e9m de ser o s\u00e9timo no ranking das exporta\u00e7\u00f5es, com vendas para mais de 110 pa\u00edses. O segmento \u00e9, tamb\u00e9m, um grande gerador de empregos e renda e representa 6% do PIB da ind\u00fastria de materiais de constru\u00e7\u00e3o.\n<\/p>\n<p style=\"text-align: justify;\">\u201cRespondemos por cerca de 14% de todo o g\u00e1s natural de uso industrial no Pa\u00eds\u201d, ressalta Ferreira Neto, afirmando: \u201cPrevemos s\u00e9rias consequ\u00eancias para nosso setor caso se confirme a majora\u00e7\u00e3o, claramente sinalizada na proposta da Petrobras \u00e0s distribuidoras. Um encarecimento de 50% de um insumo que representa 30% do custo total de fabrica\u00e7\u00e3o do metro quadrado de cer\u00e2mica afeta de modo muito contundente a competitividade do setor no Brasil e no com\u00e9rcio exterior\u201d.\n<\/p>\n<p style=\"text-align: justify;\">O presidente do Conselho de Administra\u00e7\u00e3o da Anfacer lembra que, em abril deste ano, a ind\u00fastria cer\u00e2mica comemorou a san\u00e7\u00e3o presidencial da nova Lei do G\u00e1s, que prometia promover a abertura do mercado, representando um choque de energia barata e contribuindo para a recupera\u00e7\u00e3o da economia. Cabe ressaltar que o novo marco legal resultou de um processo de muitos anos, no qual a entidade foi uma das que mais se mobilizaram.<\/p>\n<p>O metro c\u00fabico de g\u00e1s natural no Brasil j\u00e1 \u00e9 um dos mais caros do mundo. Diferentemente do que se vislumbrava quando da aprova\u00e7\u00e3o do novo marco regulat\u00f3rio, pela proposta da Petrobras \u00e0s distribuidoras cujos contratos vencer\u00e3o no fim de dezembro, o pre\u00e7o do insumo subir\u00e1 de aproximadamente US\uff04 8 para US\uff04 12 por milh\u00e3o de BTU durante o primeiro ano de vig\u00eancia dos novos contratos.<\/p>\n<p>Tal majora\u00e7\u00e3o dilapidar\u00e1 a competitividade da ind\u00fastria cer\u00e2mica brasileira, que prev\u00ea chegar, ao fim deste ano, \u00e0 marca de um bilh\u00e3o de metros quadrados produzidos. Em 2022, caso a pol\u00edtica da Petrobras confirme-se, estima-se queda de 32% na produ\u00e7\u00e3o nacional, ou 320 milh\u00f5es de metros quadrados que deixar\u00e3o de ser fabricados. Haver\u00e1 consequente redu\u00e7\u00e3o de 26% na gera\u00e7\u00e3o de novos empregos. O impacto tamb\u00e9m ser\u00e1 significativo nas exporta\u00e7\u00f5es, com perda de 30% no ingresso de divisas.<\/p>\n<p>\u201cA despeito da crise energ\u00e9tica global, n\u00e3o se admite um aumento t\u00e3o expressivo no pre\u00e7o do g\u00e1s natural, no momento em que o setor industrial \u00e9 decisivo para a cria\u00e7\u00e3o de emprego e renda, em meio a uma das maiores crises da Hist\u00f3ria\u201d, avalia Ferreira Neto, concluindo: \u201cNa verdade, toda uma cadeia produtiva ser\u00e1 punida por uma pol\u00edtica de pre\u00e7os que vai na contram\u00e3o dos preceitos de livre mercado\u201d.\n<\/p>\n<p style=\"text-align: justify;\"><strong>Vis\u00e3o do mercado<\/strong><\/p>\n<p style=\"text-align: justify;\">Eduardo Roncoroni Fior, diretor-geral da Cer\u00e2mica Carmelo Fior, localizada no interior paulista, salienta que \u201co retrato sobre os poss\u00edveis aumentos do pre\u00e7o do g\u00e1s \u00e9 catastr\u00f3fico para todos os setores consumidores intensivos e gerar\u00e1 o repasse de custos aos consumidores\u201d. As consequ\u00eancias ser\u00e3o mais infla\u00e7\u00e3o, diminui\u00e7\u00e3o significativa do poder aquisitivo da popula\u00e7\u00e3o, menor atra\u00e7\u00e3o e desest\u00edmulo de investimentos nacionais e internacionais. \u201cAt\u00e9 agora, n\u00e3o foi poss\u00edvel ver o\u00a0<i>choque daenergia barata<\/i>\u00a0e sim majora\u00e7\u00e3o significativa\u201d, observa.<\/p>\n<p>Ant\u00f4nio Marcos Schroth, presidente do Conselho da Infrag\u00e1s, frisa: \u201cAs Ind\u00fastrias cer\u00e2micas de Santa Catarina dependem do insumo. Se este n\u00e3o for minimamente competitivo, v\u00e1rias empresas do nosso estado poder\u00e3o ter muitas dificuldades em manter o equil\u00edbrio competitivo, considerando as previs\u00f5es de aumentos na tarifa. Outras ind\u00fastrias cer\u00e2micas poder\u00e3o at\u00e9 ser obrigadas a fechar suas atividades, gerando assim um desemprego consider\u00e1vel. Vamos tentar, perante o governo estadual e as entidades de classe, uma alternativa para amenizar os impactos\u201d.<\/p>\n<p>Otmar M\u00fcller, presidente do Sindiceram (Sindicato das Ind\u00fastrias de Revestimentos Cer\u00e2micos do Sul de Santa Catarina), lembra que j\u00e1 houve aumento de 82% nas tarifas do g\u00e1s natural em 2021, ano no qual deveria ter sido inaugurado o novo mercado, com abertura a mais fornecedores e redu\u00e7\u00e3o de custos. \u201cPor\u00e9m, estamos agora em um ambiente de total assombro e incerteza perante as not\u00edcias de novos reajustes muito expressivos j\u00e1 em janeiro de 2022\u201d.<\/p>\n<p>M\u00fcller observa que h\u00e1 novos fornecedores, mas com a aus\u00eancia das regula\u00e7\u00f5es da ANP (Ag\u00eancia Nacional de Petr\u00f3leo, G\u00e1s Natural e Biocombust\u00edveis), a Petrobras continua com o monop\u00f3lio do mercado brasileiro. \u201cAlia-se a isso o ambiente internacional p\u00f3s-Covid, com o encarecimento generalizado dos energ\u00e9ticos. A crise h\u00eddrica brasileira foi socorrida pelo g\u00e1s natural. Agora, busca-se empurrar o peso dessa conta para a ind\u00fastria. N\u00e3o h\u00e1 como suportar a majora\u00e7\u00e3o prevista\u201d.\n<\/p>\n<hr \/>\n","protected":false},"excerpt":{"rendered":"<p>Janeiro, 2021 &#8211; \u201cA proposta apresentada pela Petrobras \u00e0s distribuidoras, que poder\u00e1 resultar, a partir de janeiro de 2022 e pelos pr\u00f3ximos quatro anos, em aumento de 50% no valor do g\u00e1s natural, poder\u00e1 ter s\u00e9rias consequ\u00eancias para nossa atividade\u201d, alerta Benjamin Ferreira Neto, presidente do Conselho de Administra\u00e7\u00e3o da Anfacer (Associa\u00e7\u00e3o Nacional dos Fabricantes [&hellip;]<\/p>\n","protected":false},"author":1,"featured_media":18360,"comment_status":"open","ping_status":"open","sticky":false,"template":"","format":"standard","meta":{"_uag_custom_page_level_css":"","footnotes":""},"categories":[33],"tags":[726,22959,22960,7046,22958],"class_list":["post-18359","post","type-post","status-publish","format-standard","has-post-thumbnail","hentry","category-mercado","tag-anfacer","tag-aumento-do-preco-do-gas","tag-gas-mais-caro-para-produzir-no-brasil","tag-loucas-sanitarias","tag-petrobras-sufoca-economia"],"blocksy_meta":[],"spectra_blocks_featured_image_url":{"thumbnail":{"url":"https:\/\/construcaocivil.siriusmarketingedesign.com.br\/wp-content\/uploads\/2022\/01\/LOUCAS-SANITARIAS-AB-150x150.jpg","width":150,"height":150},"medium":{"url":"https:\/\/construcaocivil.siriusmarketingedesign.com.br\/wp-content\/uploads\/2022\/01\/LOUCAS-SANITARIAS-AB-300x225.jpg","width":300,"height":225},"medium_large":{"url":"https:\/\/construcaocivil.siriusmarketingedesign.com.br\/wp-content\/uploads\/2022\/01\/LOUCAS-SANITARIAS-AB-768x576.jpg","width":768,"height":576},"large":{"url":"https:\/\/construcaocivil.siriusmarketingedesign.com.br\/wp-content\/uploads\/2022\/01\/LOUCAS-SANITARIAS-AB.jpg","width":800,"height":600},"full":{"url":"https:\/\/construcaocivil.siriusmarketingedesign.com.br\/wp-content\/uploads\/2022\/01\/LOUCAS-SANITARIAS-AB.jpg","width":800,"height":600}},"spectra_blocks_author_info":{"display_name":"Jornal da Constru\u00e7\u00e3o Civil","avatar_url":"https:\/\/secure.gravatar.com\/avatar\/973c9774fd44ddaceb026973c4962faa70fc512bc4c9da68e8ebb40fecee6540?s=96&d=mm&r=g","author_link":"https:\/\/construcaocivil.siriusmarketingedesign.com.br\/?author=1","description":"Desde de 2013, levando muitas informa\u00e7\u00f5es, lan\u00e7amentos e produtos de qualidade para toda cadeia produtiva da constru\u00e7\u00e3o. O Futuro da constru\u00e7\u00e3o passa por aqui,"},"uagb_featured_image_src":{"full":["https:\/\/construcaocivil.siriusmarketingedesign.com.br\/wp-content\/uploads\/2022\/01\/LOUCAS-SANITARIAS-AB.jpg",800,600,false],"thumbnail":["https:\/\/construcaocivil.siriusmarketingedesign.com.br\/wp-content\/uploads\/2022\/01\/LOUCAS-SANITARIAS-AB-150x150.jpg",150,150,true],"medium":["https:\/\/construcaocivil.siriusmarketingedesign.com.br\/wp-content\/uploads\/2022\/01\/LOUCAS-SANITARIAS-AB-300x225.jpg",300,225,true],"medium_large":["https:\/\/construcaocivil.siriusmarketingedesign.com.br\/wp-content\/uploads\/2022\/01\/LOUCAS-SANITARIAS-AB-768x576.jpg",768,576,true],"large":["https:\/\/construcaocivil.siriusmarketingedesign.com.br\/wp-content\/uploads\/2022\/01\/LOUCAS-SANITARIAS-AB.jpg",800,600,false],"1536x1536":["https:\/\/construcaocivil.siriusmarketingedesign.com.br\/wp-content\/uploads\/2022\/01\/LOUCAS-SANITARIAS-AB.jpg",800,600,false],"2048x2048":["https:\/\/construcaocivil.siriusmarketingedesign.com.br\/wp-content\/uploads\/2022\/01\/LOUCAS-SANITARIAS-AB.jpg",800,600,false]},"uagb_author_info":{"display_name":"Jornal da Constru\u00e7\u00e3o Civil","author_link":"https:\/\/construcaocivil.siriusmarketingedesign.com.br\/?author=1"},"uagb_comment_info":0,"uagb_excerpt":"Janeiro, 2021 &#8211; \u201cA proposta apresentada pela Petrobras \u00e0s distribuidoras, que poder\u00e1 resultar, a partir de janeiro de 2022 e pelos pr\u00f3ximos quatro anos, em aumento de 50% no valor do g\u00e1s natural, poder\u00e1 ter s\u00e9rias consequ\u00eancias para nossa atividade\u201d, alerta Benjamin Ferreira Neto, presidente do Conselho de Administra\u00e7\u00e3o da Anfacer (Associa\u00e7\u00e3o Nacional dos Fabricantes&hellip;","_links":{"self":[{"href":"https:\/\/construcaocivil.siriusmarketingedesign.com.br\/index.php?rest_route=\/wp\/v2\/posts\/18359","targetHints":{"allow":["GET"]}}],"collection":[{"href":"https:\/\/construcaocivil.siriusmarketingedesign.com.br\/index.php?rest_route=\/wp\/v2\/posts"}],"about":[{"href":"https:\/\/construcaocivil.siriusmarketingedesign.com.br\/index.php?rest_route=\/wp\/v2\/types\/post"}],"author":[{"embeddable":true,"href":"https:\/\/construcaocivil.siriusmarketingedesign.com.br\/index.php?rest_route=\/wp\/v2\/users\/1"}],"replies":[{"embeddable":true,"href":"https:\/\/construcaocivil.siriusmarketingedesign.com.br\/index.php?rest_route=%2Fwp%2Fv2%2Fcomments&post=18359"}],"version-history":[{"count":0,"href":"https:\/\/construcaocivil.siriusmarketingedesign.com.br\/index.php?rest_route=\/wp\/v2\/posts\/18359\/revisions"}],"wp:featuredmedia":[{"embeddable":true,"href":"https:\/\/construcaocivil.siriusmarketingedesign.com.br\/index.php?rest_route=\/wp\/v2\/media\/18360"}],"wp:attachment":[{"href":"https:\/\/construcaocivil.siriusmarketingedesign.com.br\/index.php?rest_route=%2Fwp%2Fv2%2Fmedia&parent=18359"}],"wp:term":[{"taxonomy":"category","embeddable":true,"href":"https:\/\/construcaocivil.siriusmarketingedesign.com.br\/index.php?rest_route=%2Fwp%2Fv2%2Fcategories&post=18359"},{"taxonomy":"post_tag","embeddable":true,"href":"https:\/\/construcaocivil.siriusmarketingedesign.com.br\/index.php?rest_route=%2Fwp%2Fv2%2Ftags&post=18359"}],"curies":[{"name":"wp","href":"https:\/\/api.w.org\/{rel}","templated":true}]}}