{"id":18365,"date":"2022-01-11T20:42:35","date_gmt":"2022-01-11T23:42:35","guid":{"rendered":"https:\/\/www.jornaldaconstrucaocivil.com.br\/?p=18365"},"modified":"2022-01-11T22:04:12","modified_gmt":"2022-01-12T01:04:12","slug":"feicon-abre-credenciamento-para-sua-26a-edicao","status":"publish","type":"post","link":"https:\/\/construcaocivil.siriusmarketingedesign.com.br\/?p=18365","title":{"rendered":"FEICON abre credenciamento para sua 26\u00aa edi\u00e7\u00e3o"},"content":{"rendered":"<p style=\"text-align: justify;\"><span style=\"color: #993300;\">Janeiro<\/span><strong>, <\/strong><span style=\"color: #993300;\">2022 <\/span><strong>&#8211;<\/strong>\u00a0A FEICON, maior evento de constru\u00e7\u00e3o civil e arquitetura da Am\u00e9rica Latina, anuncia a abertura do seu credenciamento para a 26\u00aa edi\u00e7\u00e3o da feira, que acontecer\u00e1 em formato presencial, entre os dias 29 de mar\u00e7o e 1\u00ba de abril de 2022, no pavilh\u00e3o do S\u00e3o Paulo Expo, em S\u00e3o Paulo.<\/p>\n<p style=\"text-align: justify;\">O registro voltado aos profissionais do varejo, engenheiros, arquitetos, construtores e outras categorias relacionadas ao setor j\u00e1 est\u00e1 dispon\u00edvel\u00a0<em>on-line<\/em>, no site do evento, e \u00e9 uma oportunidade de garantir, antecipadamente, acesso gratuito aos estandes e conte\u00fados da feira, que contar\u00e1 com expositores nacionais e internacionais de todos os principais macrossetores do setor.<\/p>\n<p><a href=\"https:\/\/www.feicon.com.br\/pt-br\/credenciamento.html\"><img loading=\"lazy\" decoding=\"async\" class=\"wp-image-18367 size-medium alignleft\" src=\"https:\/\/www.jornaldaconstrucaocivil.com.br\/wp-content\/uploads\/2022\/01\/WhatsApp-Image-2022-01-11-at-16.59.09-300x291.jpg\" alt=\"https:\/\/www.feicon.com.br\/pt-br\/credenciamento.html\" width=\"300\" height=\"291\" srcset=\"https:\/\/construcaocivil.siriusmarketingedesign.com.br\/wp-content\/uploads\/2022\/01\/WhatsApp-Image-2022-01-11-at-16.59.09-300x291.jpg 300w, https:\/\/construcaocivil.siriusmarketingedesign.com.br\/wp-content\/uploads\/2022\/01\/WhatsApp-Image-2022-01-11-at-16.59.09-768x744.jpg 768w, https:\/\/construcaocivil.siriusmarketingedesign.com.br\/wp-content\/uploads\/2022\/01\/WhatsApp-Image-2022-01-11-at-16.59.09.jpg 829w\" sizes=\"auto, (max-width: 300px) 100vw, 300px\" \/><\/a>Analisando o atual cen\u00e1rio econ\u00f4mico, a feira acontece em um momento importante, em que a constru\u00e7\u00e3o civil nacional est\u00e1 aquecida. De acordo com o levantamento do Instituto Brasileiro de Geografia e Estat\u00edsticas (IBGE), divulgado em dezembro, o PIB da ind\u00fastria do setor apresentou crescimento de 3,9%, no terceiro trimestre de 2021.<\/p>\n<p style=\"text-align: justify;\">\u201cAl\u00e9m de apresentar resultados positivos para a economia nos \u00faltimos dois anos, a constru\u00e7\u00e3o civil passa por um momento de transforma\u00e7\u00e3o, com a digitaliza\u00e7\u00e3o do varejo, as tecnologias que est\u00e3o ganhando espa\u00e7o nos projetos, os sistemas construtivos que est\u00e3o acelerando as opera\u00e7\u00f5es, a dissemina\u00e7\u00e3o das pol\u00edticas de ESG, entre outros fatores. Este \u00e9 o momento perfeito para reunirmos os profissionais para apresenta\u00e7\u00e3o e debates sobre tend\u00eancias, inova\u00e7\u00f5es e dicas de mercado. Assim, seguimos como maior e principal vitrine de neg\u00f3cios desta ind\u00fastria para a Am\u00e9rica Latina\u201d, destaca L\u00facia Mourad, Gerente da FEICON.<\/p>\n<p style=\"text-align: justify;\">A feira ser\u00e1 a primeira do ano organizada pela RX Brasil (Reed Exhibitions) e estar\u00e1 dividida em quatro macrossetores:\u00a0<strong>acabamentos<\/strong>,\u00a0<strong>estruturas<\/strong>,\u00a0<strong>instala\u00e7\u00f5es<\/strong>\u00a0e\u00a0<strong>externos<\/strong>, que incluir\u00e3o lan\u00e7amentos de produtos, decora\u00e7\u00f5es, seguran\u00e7a, hidr\u00e1ulica, sistemas el\u00e9tricos, inova\u00e7\u00f5es, tecnologias para projetos e sistemas construtivos, al\u00e9m de produtos voltados para sustentabilidade, entre outros.<\/p>\n<p style=\"text-align: justify;\">Al\u00e9m disso, a programa\u00e7\u00e3o inclui palestras e\u00a0<em>workshops<\/em>, que ser\u00e3o divulgados em breve.\u00a0 O objetivo da FEICON \u00e9 oferecer aos visitantes um panorama completo e atualizado da constru\u00e7\u00e3o civil, al\u00e9m de possibilitar neg\u00f3cios, relacionamentos e acesso a tend\u00eancias e inova\u00e7\u00f5es.<\/p>\n<p style=\"text-align: justify;\">O credenciamento antecipado contribui para uma melhor experi\u00eancia in loco e garante mais tempo para a sele\u00e7\u00e3o das atividades e dos estandes a serem visitados.<\/p>\n<p style=\"text-align: justify;\">Para se credenciar, obter informa\u00e7\u00f5es sobre expositores e acompanhar as novidades da feira, acesse:\u00a0<span style=\"color: #0000ff;\"><a style=\"color: #0000ff;\" href=\"https:\/\/www.feicon.com.br\/\" target=\"_blank\" rel=\"noopener noreferrer\">https:\/\/www.feicon.com.br\/<\/a>\u00a0.<\/span><\/p>\n<p style=\"text-align: justify;\"><strong>\u00a0<\/strong><strong>Servi\u00e7o:<\/strong><\/p>\n<p style=\"text-align: justify;\"><strong>FEICON &#8211; 26\u00aa EDI\u00c7\u00c3O<\/strong><\/p>\n<p style=\"text-align: justify;\"><strong>Data:<\/strong>\u00a029 de Mar\u00e7o a 1\u00ba de Abril de 2022<br \/>\n<strong>Hor\u00e1rio:<\/strong>\u00a0Ter\u00e7a a Sexta, das 10h \u00e0s 20h<br \/>\n<strong>Local:<\/strong>\u00a0S\u00e3o Paulo Expo \u2013 S\u00e3o Paulo\/SP<br \/>\n<strong>Endere\u00e7o:<\/strong>\u00a0Rodovia dos Imigrantes, Km 1,5 &#8211; \u00c1gua Funda<\/p>\n","protected":false},"excerpt":{"rendered":"<p>Janeiro, 2022 &#8211;\u00a0A FEICON, maior evento de constru\u00e7\u00e3o civil e arquitetura da Am\u00e9rica Latina, anuncia a abertura do seu credenciamento para a 26\u00aa edi\u00e7\u00e3o da feira, que acontecer\u00e1 em formato presencial, entre os dias 29 de mar\u00e7o e 1\u00ba de abril de 2022, no pavilh\u00e3o do S\u00e3o Paulo Expo, em S\u00e3o Paulo. O registro voltado [&hellip;]<\/p>\n","protected":false},"author":1,"featured_media":18366,"comment_status":"open","ping_status":"open","sticky":false,"template":"","format":"standard","meta":{"_uag_custom_page_level_css":"","footnotes":""},"categories":[33],"tags":[22968,12935,22969,22965,22967,22970,22966,9538,10679],"class_list":["post-18365","post","type-post","status-publish","format-standard","has-post-thumbnail","hentry","category-mercado","tag-acabamentos","tag-construcao-civil-e-arquitetura","tag-estruturas","tag-feicon-2022","tag-ferramentas-e-produtos-eletricos","tag-instalacoes","tag-makers","tag-profissionais-da-construcao-civil","tag-sao-paulo-sp"],"blocksy_meta":[],"spectra_blocks_featured_image_url":{"thumbnail":{"url":"https:\/\/construcaocivil.siriusmarketingedesign.com.br\/wp-content\/uploads\/2022\/01\/WhatsApp-Image-2021-09-16-at-13.04.36-150x150.jpg","width":150,"height":150},"medium":{"url":"https:\/\/construcaocivil.siriusmarketingedesign.com.br\/wp-content\/uploads\/2022\/01\/WhatsApp-Image-2021-09-16-at-13.04.36-300x200.jpg","width":300,"height":200},"medium_large":{"url":"https:\/\/construcaocivil.siriusmarketingedesign.com.br\/wp-content\/uploads\/2022\/01\/WhatsApp-Image-2021-09-16-at-13.04.36-768x512.jpg","width":768,"height":512},"large":{"url":"https:\/\/construcaocivil.siriusmarketingedesign.com.br\/wp-content\/uploads\/2022\/01\/WhatsApp-Image-2021-09-16-at-13.04.36-1024x683.jpg","width":1024,"height":683},"full":{"url":"https:\/\/construcaocivil.siriusmarketingedesign.com.br\/wp-content\/uploads\/2022\/01\/WhatsApp-Image-2021-09-16-at-13.04.36.jpg","width":1500,"height":1000}},"spectra_blocks_author_info":{"display_name":"Jornal da Constru\u00e7\u00e3o Civil","avatar_url":"https:\/\/secure.gravatar.com\/avatar\/973c9774fd44ddaceb026973c4962faa70fc512bc4c9da68e8ebb40fecee6540?s=96&d=mm&r=g","author_link":"https:\/\/construcaocivil.siriusmarketingedesign.com.br\/?author=1","description":"Desde de 2013, levando muitas informa\u00e7\u00f5es, lan\u00e7amentos e produtos de qualidade para toda cadeia produtiva da constru\u00e7\u00e3o. O Futuro da constru\u00e7\u00e3o passa por aqui,"},"uagb_featured_image_src":{"full":["https:\/\/construcaocivil.siriusmarketingedesign.com.br\/wp-content\/uploads\/2022\/01\/WhatsApp-Image-2021-09-16-at-13.04.36.jpg",1500,1000,false],"thumbnail":["https:\/\/construcaocivil.siriusmarketingedesign.com.br\/wp-content\/uploads\/2022\/01\/WhatsApp-Image-2021-09-16-at-13.04.36-150x150.jpg",150,150,true],"medium":["https:\/\/construcaocivil.siriusmarketingedesign.com.br\/wp-content\/uploads\/2022\/01\/WhatsApp-Image-2021-09-16-at-13.04.36-300x200.jpg",300,200,true],"medium_large":["https:\/\/construcaocivil.siriusmarketingedesign.com.br\/wp-content\/uploads\/2022\/01\/WhatsApp-Image-2021-09-16-at-13.04.36-768x512.jpg",768,512,true],"large":["https:\/\/construcaocivil.siriusmarketingedesign.com.br\/wp-content\/uploads\/2022\/01\/WhatsApp-Image-2021-09-16-at-13.04.36-1024x683.jpg",1024,683,true],"1536x1536":["https:\/\/construcaocivil.siriusmarketingedesign.com.br\/wp-content\/uploads\/2022\/01\/WhatsApp-Image-2021-09-16-at-13.04.36.jpg",1500,1000,false],"2048x2048":["https:\/\/construcaocivil.siriusmarketingedesign.com.br\/wp-content\/uploads\/2022\/01\/WhatsApp-Image-2021-09-16-at-13.04.36.jpg",1500,1000,false]},"uagb_author_info":{"display_name":"Jornal da Constru\u00e7\u00e3o Civil","author_link":"https:\/\/construcaocivil.siriusmarketingedesign.com.br\/?author=1"},"uagb_comment_info":0,"uagb_excerpt":"Janeiro, 2022 &#8211;\u00a0A FEICON, maior evento de constru\u00e7\u00e3o civil e arquitetura da Am\u00e9rica Latina, anuncia a abertura do seu credenciamento para a 26\u00aa edi\u00e7\u00e3o da feira, que acontecer\u00e1 em formato presencial, entre os dias 29 de mar\u00e7o e 1\u00ba de abril de 2022, no pavilh\u00e3o do S\u00e3o Paulo Expo, em S\u00e3o Paulo. O registro voltado&hellip;","_links":{"self":[{"href":"https:\/\/construcaocivil.siriusmarketingedesign.com.br\/index.php?rest_route=\/wp\/v2\/posts\/18365","targetHints":{"allow":["GET"]}}],"collection":[{"href":"https:\/\/construcaocivil.siriusmarketingedesign.com.br\/index.php?rest_route=\/wp\/v2\/posts"}],"about":[{"href":"https:\/\/construcaocivil.siriusmarketingedesign.com.br\/index.php?rest_route=\/wp\/v2\/types\/post"}],"author":[{"embeddable":true,"href":"https:\/\/construcaocivil.siriusmarketingedesign.com.br\/index.php?rest_route=\/wp\/v2\/users\/1"}],"replies":[{"embeddable":true,"href":"https:\/\/construcaocivil.siriusmarketingedesign.com.br\/index.php?rest_route=%2Fwp%2Fv2%2Fcomments&post=18365"}],"version-history":[{"count":0,"href":"https:\/\/construcaocivil.siriusmarketingedesign.com.br\/index.php?rest_route=\/wp\/v2\/posts\/18365\/revisions"}],"wp:featuredmedia":[{"embeddable":true,"href":"https:\/\/construcaocivil.siriusmarketingedesign.com.br\/index.php?rest_route=\/wp\/v2\/media\/18366"}],"wp:attachment":[{"href":"https:\/\/construcaocivil.siriusmarketingedesign.com.br\/index.php?rest_route=%2Fwp%2Fv2%2Fmedia&parent=18365"}],"wp:term":[{"taxonomy":"category","embeddable":true,"href":"https:\/\/construcaocivil.siriusmarketingedesign.com.br\/index.php?rest_route=%2Fwp%2Fv2%2Fcategories&post=18365"},{"taxonomy":"post_tag","embeddable":true,"href":"https:\/\/construcaocivil.siriusmarketingedesign.com.br\/index.php?rest_route=%2Fwp%2Fv2%2Ftags&post=18365"}],"curies":[{"name":"wp","href":"https:\/\/api.w.org\/{rel}","templated":true}]}}