{"id":18406,"date":"2022-01-15T22:42:34","date_gmt":"2022-01-16T01:42:34","guid":{"rendered":"https:\/\/www.jornaldaconstrucaocivil.com.br\/?p=18406"},"modified":"2022-01-17T17:38:36","modified_gmt":"2022-01-17T20:38:36","slug":"uerj-inicia-vacinacao-de-criancas-contra-a-covid-19","status":"publish","type":"post","link":"https:\/\/construcaocivil.siriusmarketingedesign.com.br\/?p=18406","title":{"rendered":"Uerj inicia vacina\u00e7\u00e3o de crian\u00e7as contra a Covid-19"},"content":{"rendered":"<p style=\"text-align: justify;\"><span style=\"color: #993300;\">Janeiro<\/span>, 2021 &#8211; A partir da pr\u00f3xima segunda-feira (17), a Universidade do Estado do Rio de Janeiro (Uerj) ser\u00e1 um dos pontos de vacina\u00e7\u00e3o infantil contra a Covid-19 na cidade do Rio. Desde o come\u00e7o do programa de imuniza\u00e7\u00e3o na Uerj, em fevereiro de 2021, j\u00e1 foram vacinadas mais de 70 mil pessoas.<\/p>\n<p style=\"text-align: justify;\">A a\u00e7\u00e3o ser\u00e1 realizada no campus Maracan\u00e3 da Uerj, sempre de segunda a sexta-feira, das 9h \u00e0s 15h, de acordo com as faixas et\u00e1rias determinadas pelo Plano de Vacina\u00e7\u00e3o do Minist\u00e9rio da Sa\u00fade, seguindo o calend\u00e1rio divulgado pela SMS-Rio. O acesso ao local \u00e9 pelo port\u00e3o 1, na Radial Oeste.<\/p>\n<p style=\"text-align: justify;\">Para Carolina Machado, m\u00e3e de Beth\u00e2nia, de 11 anos, a vacina\u00e7\u00e3o \u00e9 de suma import\u00e2ncia. \u201cAssim que eu vi que a Uerj seria polo de vacina\u00e7\u00e3o eu j\u00e1 decidi levar minha filha. \u00c9 muito importante garantir que estejamos todos seguros e protegidos\u201d, afirma.<\/p>\n<p style=\"text-align: justify;\">Al\u00e9m de garantir a prote\u00e7\u00e3o contra a Covid-19, as crian\u00e7as que desejarem podem se voluntariar para a pesquisa da Uerj que estuda a resposta imunol\u00f3gica \u00e0s vacinas.<\/p>\n<p style=\"text-align: justify;\">Para receber a dose do imunizante, \u00e9 preciso que os pais apresentem um documento de identifica\u00e7\u00e3o da crian\u00e7a com foto.<\/p>\n<p>Fonte: UERJ<\/p>\n<p style=\"text-align: justify;\">\n","protected":false},"excerpt":{"rendered":"<p>Janeiro, 2021 &#8211; A partir da pr\u00f3xima segunda-feira (17), a Universidade do Estado do Rio de Janeiro (Uerj) ser\u00e1 um dos pontos de vacina\u00e7\u00e3o infantil contra a Covid-19 na cidade do Rio. Desde o come\u00e7o do programa de imuniza\u00e7\u00e3o na Uerj, em fevereiro de 2021, j\u00e1 foram vacinadas mais de 70 mil pessoas. A a\u00e7\u00e3o [&hellip;]<\/p>\n","protected":false},"author":1,"featured_media":18407,"comment_status":"open","ping_status":"open","sticky":false,"template":"","format":"standard","meta":{"_uag_custom_page_level_css":"","footnotes":""},"categories":[27],"tags":[18617,22996,5092,22995,22997,10375,10693,22994],"class_list":["post-18406","post","type-post","status-publish","format-standard","has-post-thumbnail","hentry","category-acontece","tag-covid-19","tag-criancas-5-anos","tag-fiocruz","tag-hospitais-federais-fechados","tag-omicron-sintomas","tag-rio-de-janeiro","tag-saude","tag-uerj-vacina-criancas"],"blocksy_meta":[],"spectra_blocks_featured_image_url":{"thumbnail":{"url":"https:\/\/construcaocivil.siriusmarketingedesign.com.br\/wp-content\/uploads\/2022\/01\/PORTAL-FIOCRUZ-150x150.jpg","width":150,"height":150},"medium":{"url":"https:\/\/construcaocivil.siriusmarketingedesign.com.br\/wp-content\/uploads\/2022\/01\/PORTAL-FIOCRUZ-300x200.jpg","width":300,"height":200},"medium_large":{"url":"https:\/\/construcaocivil.siriusmarketingedesign.com.br\/wp-content\/uploads\/2022\/01\/PORTAL-FIOCRUZ.jpg","width":530,"height":353},"large":{"url":"https:\/\/construcaocivil.siriusmarketingedesign.com.br\/wp-content\/uploads\/2022\/01\/PORTAL-FIOCRUZ.jpg","width":530,"height":353},"full":{"url":"https:\/\/construcaocivil.siriusmarketingedesign.com.br\/wp-content\/uploads\/2022\/01\/PORTAL-FIOCRUZ.jpg","width":530,"height":353}},"spectra_blocks_author_info":{"display_name":"Jornal da Constru\u00e7\u00e3o Civil","avatar_url":"https:\/\/secure.gravatar.com\/avatar\/973c9774fd44ddaceb026973c4962faa70fc512bc4c9da68e8ebb40fecee6540?s=96&d=mm&r=g","author_link":"https:\/\/construcaocivil.siriusmarketingedesign.com.br\/?author=1","description":"Desde de 2013, levando muitas informa\u00e7\u00f5es, lan\u00e7amentos e produtos de qualidade para toda cadeia produtiva da constru\u00e7\u00e3o. O Futuro da constru\u00e7\u00e3o passa por aqui,"},"uagb_featured_image_src":{"full":["https:\/\/construcaocivil.siriusmarketingedesign.com.br\/wp-content\/uploads\/2022\/01\/PORTAL-FIOCRUZ.jpg",530,353,false],"thumbnail":["https:\/\/construcaocivil.siriusmarketingedesign.com.br\/wp-content\/uploads\/2022\/01\/PORTAL-FIOCRUZ-150x150.jpg",150,150,true],"medium":["https:\/\/construcaocivil.siriusmarketingedesign.com.br\/wp-content\/uploads\/2022\/01\/PORTAL-FIOCRUZ-300x200.jpg",300,200,true],"medium_large":["https:\/\/construcaocivil.siriusmarketingedesign.com.br\/wp-content\/uploads\/2022\/01\/PORTAL-FIOCRUZ.jpg",530,353,false],"large":["https:\/\/construcaocivil.siriusmarketingedesign.com.br\/wp-content\/uploads\/2022\/01\/PORTAL-FIOCRUZ.jpg",530,353,false],"1536x1536":["https:\/\/construcaocivil.siriusmarketingedesign.com.br\/wp-content\/uploads\/2022\/01\/PORTAL-FIOCRUZ.jpg",530,353,false],"2048x2048":["https:\/\/construcaocivil.siriusmarketingedesign.com.br\/wp-content\/uploads\/2022\/01\/PORTAL-FIOCRUZ.jpg",530,353,false]},"uagb_author_info":{"display_name":"Jornal da Constru\u00e7\u00e3o Civil","author_link":"https:\/\/construcaocivil.siriusmarketingedesign.com.br\/?author=1"},"uagb_comment_info":0,"uagb_excerpt":"Janeiro, 2021 &#8211; A partir da pr\u00f3xima segunda-feira (17), a Universidade do Estado do Rio de Janeiro (Uerj) ser\u00e1 um dos pontos de vacina\u00e7\u00e3o infantil contra a Covid-19 na cidade do Rio. Desde o come\u00e7o do programa de imuniza\u00e7\u00e3o na Uerj, em fevereiro de 2021, j\u00e1 foram vacinadas mais de 70 mil pessoas. A a\u00e7\u00e3o&hellip;","_links":{"self":[{"href":"https:\/\/construcaocivil.siriusmarketingedesign.com.br\/index.php?rest_route=\/wp\/v2\/posts\/18406","targetHints":{"allow":["GET"]}}],"collection":[{"href":"https:\/\/construcaocivil.siriusmarketingedesign.com.br\/index.php?rest_route=\/wp\/v2\/posts"}],"about":[{"href":"https:\/\/construcaocivil.siriusmarketingedesign.com.br\/index.php?rest_route=\/wp\/v2\/types\/post"}],"author":[{"embeddable":true,"href":"https:\/\/construcaocivil.siriusmarketingedesign.com.br\/index.php?rest_route=\/wp\/v2\/users\/1"}],"replies":[{"embeddable":true,"href":"https:\/\/construcaocivil.siriusmarketingedesign.com.br\/index.php?rest_route=%2Fwp%2Fv2%2Fcomments&post=18406"}],"version-history":[{"count":0,"href":"https:\/\/construcaocivil.siriusmarketingedesign.com.br\/index.php?rest_route=\/wp\/v2\/posts\/18406\/revisions"}],"wp:featuredmedia":[{"embeddable":true,"href":"https:\/\/construcaocivil.siriusmarketingedesign.com.br\/index.php?rest_route=\/wp\/v2\/media\/18407"}],"wp:attachment":[{"href":"https:\/\/construcaocivil.siriusmarketingedesign.com.br\/index.php?rest_route=%2Fwp%2Fv2%2Fmedia&parent=18406"}],"wp:term":[{"taxonomy":"category","embeddable":true,"href":"https:\/\/construcaocivil.siriusmarketingedesign.com.br\/index.php?rest_route=%2Fwp%2Fv2%2Fcategories&post=18406"},{"taxonomy":"post_tag","embeddable":true,"href":"https:\/\/construcaocivil.siriusmarketingedesign.com.br\/index.php?rest_route=%2Fwp%2Fv2%2Ftags&post=18406"}],"curies":[{"name":"wp","href":"https:\/\/api.w.org\/{rel}","templated":true}]}}