{"id":18440,"date":"2022-01-20T20:33:36","date_gmt":"2022-01-20T23:33:36","guid":{"rendered":"https:\/\/www.jornaldaconstrucaocivil.com.br\/?p=18440"},"modified":"2022-01-20T20:33:36","modified_gmt":"2022-01-20T23:33:36","slug":"lula-o-povo-quer-mudanca-e-tenho-consciencia-do-que-ele-esta-passando","status":"publish","type":"post","link":"https:\/\/construcaocivil.siriusmarketingedesign.com.br\/?p=18440","title":{"rendered":"Lula: \u201cO povo quer mudan\u00e7a, e tenho consci\u00eancia do que ele est\u00e1 passando\u201d"},"content":{"rendered":"<p class=\"p1\" style=\"text-align: justify;\"><span style=\"color: #993300;\">Janeiro<\/span>, 2022 &#8211; Emocionado, Lula disse ontem quarta-feira (19), em S\u00e3o Paulo, durante sua primeira coletiva de imprensa do ano, que s\u00f3 ser\u00e1 candidato \u00e0 Presid\u00eancia da Rep\u00fablica se for para devolver \u00e0 popula\u00e7\u00e3o uma vida digna, o que passa, necessariamente, pelo resgate da democracia real no pa\u00eds.<\/p>\n<p class=\"p1\" style=\"text-align: justify;\">\u201cO Brasil de 2023 ser\u00e1 um pa\u00eds muito mais destru\u00eddo do que o de 2003\u201d, alertou aos jornalistas dos\u00a0<span style=\"color: #0000ff;\"><a style=\"color: #0000ff;\" href=\"https:\/\/pt.org.br\/lula-da-entrevista-a-veiculos-progressistas-nesta-quarta-19-assista-aqui\/\" target=\"_blank\" rel=\"noopener\">ve\u00edculos independentes convidados para o encontro<\/a>.<\/span> \u201cVai precisar de muita conversa, de muito mais paci\u00eancia, de muito mais habilidade para reconstruir. Precisa de intelig\u00eancia pol\u00edtica, de construir um grupo de pessoas que querem remar junto com voc\u00ea\u201d, completou<\/p>\n<p class=\"p1\" style=\"text-align: justify;\">O ex-presidente ressaltou que sua preocupa\u00e7\u00e3o atual \u00e9 garantir as condi\u00e7\u00f5es necess\u00e1rias para que, caso seja candidato e venha a ser eleito, consiga governar e implementar as mudan\u00e7as necess\u00e1rias. E, para alcan\u00e7ar esse objetivo, disse ter consci\u00eancia de que \u00e9 preciso construir alian\u00e7as pol\u00edticas.<span class=\"Apple-converted-space\">\u00a0<\/span><\/p>\n<p class=\"p1\" style=\"text-align: justify;\">\u201cO povo quer mudan\u00e7a de verdade. O povo est\u00e1 com esperan\u00e7a e o povo sabe o que \u00e9 viver bem. N\u00f3s temos que atender as aspira\u00e7\u00f5es da sociedade. Eu morei num quarto e cozinha com 13 pessoas. Eu tenho consci\u00eancia do que o povo est\u00e1 passando. Ent\u00e3o, eu n\u00e3o posso mentir, n\u00e3o posso ganhar e dizer \u2018olha, n\u00e3o d\u00e1 para fazer as coisas, desculpa, eu tenho que atender o mercado, atender a Faria Lima, preciso ter responsabilidade fiscal, manter o\u00a0<span style=\"color: #0000ff;\"><a style=\"color: #0000ff;\" href=\"https:\/\/pt.org.br\/gleisi-teto-de-gastos-vai-na-contramao-da-gestao-orcamentaria-do-mundo\/\" target=\"_blank\" rel=\"noopener\">Teto de Gastos<\/a>\u2019<\/span>. E o teto de comida, e o teto de emprego, e o teto de sal\u00e1rio, e o teto de sa\u00fade? Quem vai devolver a este povo? Ent\u00e3o, \u00e9 esse cidad\u00e3o, que acaba de ficar emocionado, que quer ser presidente, e se for, \u00e9 para mudar, n\u00e3o \u00e9 para continuar a mesmice\u201d, afirmou.<span class=\"Apple-converted-space\">\u00a0 <span style=\"color: #993300;\"><em>Fonte &#8211; PT<\/em><\/span><\/span><\/p>\n<p><strong>Racismo Estrutural ou Gafe:\u00a0<\/strong><\/p>\n<p>N\u00e3o \u00e9 poss\u00edvel numa coletiva de imprensa no qual se fala sobre diversos assuntos de interesse nacional, n\u00e3o presenciarmos nenhum jornalista afrodescendente.<\/p>\n<p>Al\u00f4 Assessoria do Lula, acorda para o Brasil ? Negros, pardos e mesti\u00e7os, \u00e9 maioria.<\/p>\n<p>&nbsp;<\/p>\n<p>&nbsp;<\/p>\n<p>&nbsp;<\/p>\n<div class=\"fluid-width-video-wrapper\" style=\"text-align: justify;\"><\/div>\n<h3 class=\"p1\" style=\"text-align: justify;\"><\/h3>\n","protected":false},"excerpt":{"rendered":"<p>Janeiro, 2022 &#8211; Emocionado, Lula disse ontem quarta-feira (19), em S\u00e3o Paulo, durante sua primeira coletiva de imprensa do ano, que s\u00f3 ser\u00e1 candidato \u00e0 Presid\u00eancia da Rep\u00fablica se for para devolver \u00e0 popula\u00e7\u00e3o uma vida digna, o que passa, necessariamente, pelo resgate da democracia real no pa\u00eds. \u201cO Brasil de 2023 ser\u00e1 um pa\u00eds [&hellip;]<\/p>\n","protected":false},"author":1,"featured_media":18443,"comment_status":"open","ping_status":"open","sticky":false,"template":"","format":"standard","meta":{"_uag_custom_page_level_css":"","footnotes":""},"categories":[27],"tags":[21790,20578,23028,23027,21352,22104],"class_list":["post-18440","post","type-post","status-publish","format-standard","has-post-thumbnail","hentry","category-acontece","tag-28-milhoes-de-desempregados","tag-eleicoes-2022","tag-fome-e-desempregos","tag-ibge-negros-estao-desempregados","tag-lula-lidera-pesquisas","tag-petrobras-sufoca-economia-brasileira"],"blocksy_meta":[],"spectra_blocks_featured_image_url":{"thumbnail":{"url":"https:\/\/construcaocivil.siriusmarketingedesign.com.br\/wp-content\/uploads\/2022\/01\/POVO-PETROBRAS-150x150.jpg","width":150,"height":150},"medium":{"url":"https:\/\/construcaocivil.siriusmarketingedesign.com.br\/wp-content\/uploads\/2022\/01\/POVO-PETROBRAS-300x225.jpg","width":300,"height":225},"medium_large":{"url":"https:\/\/construcaocivil.siriusmarketingedesign.com.br\/wp-content\/uploads\/2022\/01\/POVO-PETROBRAS-768x576.jpg","width":768,"height":576},"large":{"url":"https:\/\/construcaocivil.siriusmarketingedesign.com.br\/wp-content\/uploads\/2022\/01\/POVO-PETROBRAS.jpg","width":800,"height":600},"full":{"url":"https:\/\/construcaocivil.siriusmarketingedesign.com.br\/wp-content\/uploads\/2022\/01\/POVO-PETROBRAS.jpg","width":800,"height":600}},"spectra_blocks_author_info":{"display_name":"Jornal da Constru\u00e7\u00e3o Civil","avatar_url":"https:\/\/secure.gravatar.com\/avatar\/973c9774fd44ddaceb026973c4962faa70fc512bc4c9da68e8ebb40fecee6540?s=96&d=mm&r=g","author_link":"https:\/\/construcaocivil.siriusmarketingedesign.com.br\/?author=1","description":"Desde de 2013, levando muitas informa\u00e7\u00f5es, lan\u00e7amentos e produtos de qualidade para toda cadeia produtiva da constru\u00e7\u00e3o. O Futuro da constru\u00e7\u00e3o passa por aqui,"},"uagb_featured_image_src":{"full":["https:\/\/construcaocivil.siriusmarketingedesign.com.br\/wp-content\/uploads\/2022\/01\/POVO-PETROBRAS.jpg",800,600,false],"thumbnail":["https:\/\/construcaocivil.siriusmarketingedesign.com.br\/wp-content\/uploads\/2022\/01\/POVO-PETROBRAS-150x150.jpg",150,150,true],"medium":["https:\/\/construcaocivil.siriusmarketingedesign.com.br\/wp-content\/uploads\/2022\/01\/POVO-PETROBRAS-300x225.jpg",300,225,true],"medium_large":["https:\/\/construcaocivil.siriusmarketingedesign.com.br\/wp-content\/uploads\/2022\/01\/POVO-PETROBRAS-768x576.jpg",768,576,true],"large":["https:\/\/construcaocivil.siriusmarketingedesign.com.br\/wp-content\/uploads\/2022\/01\/POVO-PETROBRAS.jpg",800,600,false],"1536x1536":["https:\/\/construcaocivil.siriusmarketingedesign.com.br\/wp-content\/uploads\/2022\/01\/POVO-PETROBRAS.jpg",800,600,false],"2048x2048":["https:\/\/construcaocivil.siriusmarketingedesign.com.br\/wp-content\/uploads\/2022\/01\/POVO-PETROBRAS.jpg",800,600,false]},"uagb_author_info":{"display_name":"Jornal da Constru\u00e7\u00e3o Civil","author_link":"https:\/\/construcaocivil.siriusmarketingedesign.com.br\/?author=1"},"uagb_comment_info":0,"uagb_excerpt":"Janeiro, 2022 &#8211; Emocionado, Lula disse ontem quarta-feira (19), em S\u00e3o Paulo, durante sua primeira coletiva de imprensa do ano, que s\u00f3 ser\u00e1 candidato \u00e0 Presid\u00eancia da Rep\u00fablica se for para devolver \u00e0 popula\u00e7\u00e3o uma vida digna, o que passa, necessariamente, pelo resgate da democracia real no pa\u00eds. \u201cO Brasil de 2023 ser\u00e1 um pa\u00eds&hellip;","_links":{"self":[{"href":"https:\/\/construcaocivil.siriusmarketingedesign.com.br\/index.php?rest_route=\/wp\/v2\/posts\/18440","targetHints":{"allow":["GET"]}}],"collection":[{"href":"https:\/\/construcaocivil.siriusmarketingedesign.com.br\/index.php?rest_route=\/wp\/v2\/posts"}],"about":[{"href":"https:\/\/construcaocivil.siriusmarketingedesign.com.br\/index.php?rest_route=\/wp\/v2\/types\/post"}],"author":[{"embeddable":true,"href":"https:\/\/construcaocivil.siriusmarketingedesign.com.br\/index.php?rest_route=\/wp\/v2\/users\/1"}],"replies":[{"embeddable":true,"href":"https:\/\/construcaocivil.siriusmarketingedesign.com.br\/index.php?rest_route=%2Fwp%2Fv2%2Fcomments&post=18440"}],"version-history":[{"count":0,"href":"https:\/\/construcaocivil.siriusmarketingedesign.com.br\/index.php?rest_route=\/wp\/v2\/posts\/18440\/revisions"}],"wp:featuredmedia":[{"embeddable":true,"href":"https:\/\/construcaocivil.siriusmarketingedesign.com.br\/index.php?rest_route=\/wp\/v2\/media\/18443"}],"wp:attachment":[{"href":"https:\/\/construcaocivil.siriusmarketingedesign.com.br\/index.php?rest_route=%2Fwp%2Fv2%2Fmedia&parent=18440"}],"wp:term":[{"taxonomy":"category","embeddable":true,"href":"https:\/\/construcaocivil.siriusmarketingedesign.com.br\/index.php?rest_route=%2Fwp%2Fv2%2Fcategories&post=18440"},{"taxonomy":"post_tag","embeddable":true,"href":"https:\/\/construcaocivil.siriusmarketingedesign.com.br\/index.php?rest_route=%2Fwp%2Fv2%2Ftags&post=18440"}],"curies":[{"name":"wp","href":"https:\/\/api.w.org\/{rel}","templated":true}]}}