{"id":1845,"date":"2016-05-24T19:08:37","date_gmt":"2016-05-24T19:08:37","guid":{"rendered":"http:\/\/www.jornaldaconstrucaocivil.com.br\/?p=1845"},"modified":"2016-05-24T19:08:37","modified_gmt":"2016-05-24T19:08:37","slug":"congresso-brasileiro-de-cosmetologia-se-confirma-como-diretriz-para-o-mercado-cosmetico","status":"publish","type":"post","link":"https:\/\/construcaocivil.siriusmarketingedesign.com.br\/?p=1845","title":{"rendered":"Congresso Brasileiro de Cosmetologia se confirma como diretriz para o mercado cosm\u00e9tico"},"content":{"rendered":"<p><strong><span style=\"color: #000080;\">Durante tr\u00eas dias, palestrantes nacionais e internacionais apresentaram tend\u00eancias, conceitos e tecnologias que movimentar\u00e3o os pr\u00f3ximos anos da ind\u00fastria cosm\u00e9tica nacional<\/span><\/strong><\/p>\n<figure id=\"attachment_1846\" aria-describedby=\"caption-attachment-1846\" style=\"width: 300px\" class=\"wp-caption alignleft\"><a href=\"http:\/\/www.jornaldaconstrucaocivil.com.br\/wp-content\/uploads\/2016\/05\/COMSMETOLOGIA.jpg\"><img loading=\"lazy\" decoding=\"async\" class=\"wp-image-1846 size-medium\" src=\"http:\/\/www.jornaldaconstrucaocivil.com.br\/wp-content\/uploads\/2016\/05\/COMSMETOLOGIA-300x169.jpg\" alt=\"COMSMETOLOGIA\" width=\"300\" height=\"169\" \/><\/a><figcaption id=\"caption-attachment-1846\" class=\"wp-caption-text\"><span style=\"color: #ff0000;\">Cr\u00e9ditos: ABC<\/span><\/figcaption><\/figure>\n<p><span style=\"color: #000000;\">O m\u00eas de maio foi marcado pela realiza\u00e7\u00e3o do esperado Congresso Brasileiro de Cosmetologia. O evento, que contou com a participa\u00e7\u00e3o de mais de 350 congressistas que debateram as principais tend\u00eancias mundiais em cosm\u00e9ticos e de cuidados pessoais. Al\u00e9m de novos conceitos, pesquisas e tecnologias que est\u00e3o agitando o mercado.<\/span><\/p>\n<p><span style=\"color: #000000;\">Promovido pela ABC (Associa\u00e7\u00e3o Brasileira de Cosmetologia), o evento reuniu profissionais de diferentes escalas da cadeia cosm\u00e9tica e debateu assuntos os mais diversificados e atuais para o setor, como: <span style=\"color: #800080;\">\u201cCosm\u00e9tica Social\u201d<\/span>; O perfil de consumo das classes C, D e E; Neuromarketing; e o Consumo na sociedade contempor\u00e2nea. Al\u00e9m de um F\u00f3rum exclusivo para um dos assuntos mais pol\u00eamicos nos \u00faltimos anos \u2013 Repelentes, que tratou das novas tecnologias, regulamenta\u00e7\u00e3o, seguran\u00e7a e efic\u00e1cia desses produtos cosm\u00e9ticos.<\/span><\/p>\n<p><span style=\"color: #000000;\">Buscando cumprir o seu papel de sempre apoiar e incentivar o desenvolvimento da cosmetologia, a ABC tamb\u00e9m promoveu a apresenta\u00e7\u00e3o e a premia\u00e7\u00e3o de trabalhos cient\u00edficos de estudantes da \u00e1rea. Realizados no formato de p\u00f4steres eletr\u00f4nicos, os trabalhos foram expostos na feira e chamaram a aten\u00e7\u00e3o dos visitantes da feira. Este ano o estande da ABC inovou com um espa\u00e7o de tira-d\u00favidas e palestras. No primeiro, especialistas do setor ficaram dispon\u00edveis para orientar os profissionais esclarecer suas d\u00favidas em quest\u00f5es como: regulamenta\u00e7\u00e3o, inova\u00e7\u00e3o, rotulagem, embalagem, entre outros. J\u00e1 o espa\u00e7o de palestras levou ao palco temas como: processos de inova\u00e7\u00e3o, dermocosm\u00e9ticos, legisla\u00e7\u00e3o e a nova lei da biodiversidade.<\/span><\/p>\n<figure id=\"attachment_1847\" aria-describedby=\"caption-attachment-1847\" style=\"width: 200px\" class=\"wp-caption alignright\"><a href=\"http:\/\/www.jornaldaconstrucaocivil.com.br\/wp-content\/uploads\/2016\/05\/Jo\u00e3o_Hansen_-20130410_abc40anos_keko_pascuzzi_0009.jpg-PRESIDENTE.jpg\"><img loading=\"lazy\" decoding=\"async\" class=\"wp-image-1847 size-medium\" src=\"http:\/\/www.jornaldaconstrucaocivil.com.br\/wp-content\/uploads\/2016\/05\/Jo\u00e3o_Hansen_-20130410_abc40anos_keko_pascuzzi_0009.jpg-PRESIDENTE-200x300.jpg\" alt=\"Jo\u00e3o_Hansen_ 20130410_abc40anos_keko_pascuzzi_0009.jpg - PRESIDENTE\" width=\"200\" height=\"300\" \/><\/a><figcaption id=\"caption-attachment-1847\" class=\"wp-caption-text\"><span style=\"color: #ff0000;\">Presidente da ABC, Jo\u00e3o Hansen. Cr\u00e9ditos: Keko Pascuzzi<\/span><\/figcaption><\/figure>\n<p><span style=\"color: #000000;\">Ao final do congresso, Jo\u00e3o Hansen, Presidente da ABC, mostrou-se muito feliz com o resultado evento, deixando claro que papel de uma associa\u00e7\u00e3o \u00e9 contribuir com o setor, auxiliando-o a se fortalecer, por isto afirmou que \u201co sucesso que a ABC vem alcan\u00e7ando nestes \u00faltimos anos como Entidade, \u00e9 a conquista de um longo trabalho que vem sendo desenvolvido por toda sua diretoria, de entender cada vez mais e melhor o que \u00e9 necess\u00e1rio para cada elo que comp\u00f5e a cadeia cosm\u00e9tica.\u201d. Hansen ainda continua, \u201co \u00eaxito do congresso tamb\u00e9m \u00e9 parte deste trabalho, uma parte muito importante por re\u00fane inova\u00e7\u00e3o, conhecimento e tecnologia\u201d, conclui.<\/span><\/p>\n<p><span style=\"color: #000000;\">Em paralelo ao congresso aconteceu a feira FCE Cosmetique, considerada a principal plataforma de neg\u00f3cios do setor cosm\u00e9tico na Am\u00e9rica Latina e que reuniu em um s\u00f3 lugar toda a cadeia produtiva. Com mais de 500 marcas nacionais e internacionais e um p\u00fablico visitante superior a 14.000 visitantes. Deixando, assim a semana do mercado cosm\u00e9tico completa com a dobradinha de conte\u00fado e neg\u00f3cios.<\/span><\/p>\n<p><span style=\"color: #000000;\">Com tema e data j\u00e1 definidos para 2017 \u2013 Inova\u00e7\u00e3o e tend\u00eancias: a influ\u00eancia do consumidor, o evento acontecer\u00e1 de 23 a 25 de maio, por\u00e9m em um novo local: o S\u00e3o Paulo Expo Exhibition &amp; Convention Center, o mais moderno centro de exposi\u00e7\u00e3o do Brasil.<\/span><\/p>\n<p><span style=\"color: #000080;\"><strong>Trabalhos Premiados:<\/strong><\/span><\/p>\n<p><strong><span style=\"color: #000000;\">Categoria Cient\u00edfico Oral<\/span><\/strong><\/p>\n<p><span style=\"color: #ff0000;\">1\u00ba Lugar<\/span><\/p>\n<p><span style=\"color: #000000;\">Tema: Iontoforese Cat\u00f3dica: Estrat\u00e9gia Tecnol\u00f3gica para Otimizar a reten\u00e7\u00e3o Cut\u00e2nea de Antioxidantes<\/span><\/p>\n<p><span style=\"color: #000000;\">Apresentado por: Silas Arandas Monteiro e Silva<\/span><\/p>\n<p><span style=\"color: #ff0000;\">2\u00ba Lugar<\/span><\/p>\n<p><span style=\"color: #000000;\">Tema: Fotoprote\u00e7\u00e3o em Cabelos Tingidos: Nanoemuls\u00e3o Cati\u00f4nica Bioativa de A\u00e7\u00e3o Eficaz<\/span><\/p>\n<p><span style=\"color: #000000;\">Apresentado por: Michelli F. Dario<\/span><\/p>\n<p><span style=\"color: #ff0000;\">3\u00ba Lugar:<\/span><\/p>\n<p><span style=\"color: #000000;\">Tema: Fotoprote\u00e7\u00e3o nas Regi\u00f5es UV, VIS e IV: um novo Conceito para Prote\u00e7\u00e3o Solar<\/span><\/p>\n<p><span style=\"color: #000000;\">Apresentado por: Carla Souza<\/span><\/p>\n<p><strong>Men\u00e7\u00e3o honrosa<\/strong><\/p>\n<p><span style=\"color: #000000;\">Tema: Estudo da Forma\u00e7\u00e3o, Aplica\u00e7\u00e3o e do Desempenho do Tioglicolato de\u00a0 Aminometilpropanol como um novo Composto Qu\u00edmico para Tratamento de Controle e Redu\u00e7\u00e3o de Volume dos Cabelos<\/span><\/p>\n<p><span style=\"color: #000000;\">Apresentado por: Celso Martins Junior<\/span><\/p>\n<p><strong>Categoria Cient\u00edfico E-Poster<\/strong><\/p>\n<p><strong><span style=\"color: #ff0000;\">1\u00ba lugar<\/span><\/strong><\/p>\n<p><span style=\"color: #000000;\">Tema: Desenvolvimento e Avalia\u00e7\u00e3o de uma Maquiagem Corretiva Fotoprotetora para Pacientes Portadores de Vitiligo<\/span><\/p>\n<p><span style=\"color: #000000;\">Apresentado por: Iris Ramos Torres Giovanni<\/span><\/p>\n<p><span style=\"color: #ff0000;\"><strong>2\u00ba lugar<\/strong><\/span><\/p>\n<p><span style=\"color: #000000;\">Tema: Dano Proteico em Fibra Capilar Submetida a Diversos Tratamentos Qu\u00edmicos e F\u00edsicos<\/span><\/p>\n<p><span style=\"color: #000000;\">Apresentado por: Maria Val\u00e9ria Robles Velasco<\/span><\/p>\n<p><span style=\"color: #ff0000;\"><strong>3\u00ba lugar<\/strong><\/span><\/p>\n<p><span style=\"color: #000000;\">Tema: Obten\u00e7\u00e3o e Caracteriza\u00e7\u00e3o de Micropart\u00edculas Polim\u00e9ricas de \u00c1cido Cafeico para Aplica\u00e7\u00e3o T\u00f3pica<\/span><\/p>\n<p><span style=\"color: #000000;\">Apresentado por: Caroline Magnani Spagnol<\/span><\/p>\n<p>Men\u00e7\u00e3o Honrosa<\/p>\n<p><span style=\"color: #000000;\">Tema: Desenvolvimento e Caracteriza\u00e7\u00e3o de Gel Repelente Contendo Butilacetaminopropionato de Etila<\/span><\/p>\n<p><span style=\"color: #000000;\">Apresentado por: Cristal Cerqueira Coutinho<\/span><\/p>\n<p><strong><span style=\"color: #000000;\">Sobre a ABC<\/span><\/strong><\/p>\n<p><span style=\"color: #000000;\">A Associa\u00e7\u00e3o Brasileira de Cosmetologia (ABC) \u00e9 uma entidade, fundada em abril de 1973, com objetivo de promover o desenvolvimento da cosmetologia. Formada por um grupo de profissionais das \u00e1reas de Farm\u00e1cia e Qu\u00edmica, ligados a universidades e empresas de produtos e mat\u00e9rias-primas para a ind\u00fastria de higiene pessoal, cosm\u00e9ticos e perfumes, a ABC promove atividades tecnol\u00f3gicas, cient\u00edficas e de regulamenta\u00e7\u00e3o em prol do setor.<\/span><\/p>\n<p>Sua atua\u00e7\u00e3o efetiva ao longo deste per\u00edodo foi de suma import\u00e2ncia para o desenvolvimento dos setores tecnol\u00f3gico, cient\u00edfico e regulamentar do \u00e2mbito cosm\u00e9tico e de seus profissionais, participando de comit\u00eas, grupos t\u00e9cnicos, grupos de trabalhos e aconselhamento para as \u00e1reas de Vigil\u00e2ncia Sanit\u00e1ria, Metrologia e Meio-Ambiente, e no processo de integra\u00e7\u00e3o ao Mercosul.<\/p>\n<p>A ABC \u00e9 representante oficial do Brasil junto a IFSCC (International Federation of Societies of Cosmetic Chemists) &#8211; sociedade que congrega cerca de trinta e cinco entidades internacionais, al\u00e9m de representar o Brasil junto \u00e0 comunidade internacional cient\u00edfica da Cosmetologia, participando e promovendo atividades para o aperfei\u00e7oamento da integra\u00e7\u00e3o mundial e troca de informa\u00e7\u00f5es.<\/p>\n<p><span style=\"color: #333300;\">Fonte: Assessoria de Imprensa ABC<\/span><\/p>\n<p>&nbsp;<\/p>\n","protected":false},"excerpt":{"rendered":"<p>Durante tr\u00eas dias, palestrantes nacionais e internacionais apresentaram tend\u00eancias, conceitos e tecnologias que movimentar\u00e3o os pr\u00f3ximos anos da ind\u00fastria cosm\u00e9tica nacional O m\u00eas de maio foi marcado pela realiza\u00e7\u00e3o do esperado Congresso Brasileiro de Cosmetologia. O evento, que contou com a participa\u00e7\u00e3o de mais de 350 congressistas que debateram as principais tend\u00eancias mundiais em cosm\u00e9ticos [&hellip;]<\/p>\n","protected":false},"author":1,"featured_media":1846,"comment_status":"open","ping_status":"open","sticky":false,"template":"","format":"standard","meta":{"_uag_custom_page_level_css":"","footnotes":""},"categories":[27],"tags":[2750,4886,6023,6520,8102,8306,10676],"class_list":["post-1845","post","type-post","status-publish","format-standard","has-post-thumbnail","hentry","category-acontece","tag-congresso-brasileiro-de-cosmetologia-2016","tag-fce-cosmetique","tag-industria-cosmetica-nacional","tag-joao-hansen-presidente-da-abc","tag-neuromarketing","tag-nternational-federation-of-societies-of-cosmetic-chemists","tag-sao-paulo-expo-exhibition-convention-center"],"blocksy_meta":[],"spectra_blocks_featured_image_url":[],"spectra_blocks_author_info":{"display_name":"Jornal da Constru\u00e7\u00e3o Civil","avatar_url":"https:\/\/secure.gravatar.com\/avatar\/973c9774fd44ddaceb026973c4962faa70fc512bc4c9da68e8ebb40fecee6540?s=96&d=mm&r=g","author_link":"https:\/\/construcaocivil.siriusmarketingedesign.com.br\/?author=1","description":"Desde de 2013, levando muitas informa\u00e7\u00f5es, lan\u00e7amentos e produtos de qualidade para toda cadeia produtiva da constru\u00e7\u00e3o. O Futuro da constru\u00e7\u00e3o passa por aqui,"},"uagb_featured_image_src":{"full":false,"thumbnail":false,"medium":false,"medium_large":false,"large":false,"1536x1536":false,"2048x2048":false},"uagb_author_info":{"display_name":"Jornal da Constru\u00e7\u00e3o Civil","author_link":"https:\/\/construcaocivil.siriusmarketingedesign.com.br\/?author=1"},"uagb_comment_info":0,"uagb_excerpt":"Durante tr\u00eas dias, palestrantes nacionais e internacionais apresentaram tend\u00eancias, conceitos e tecnologias que movimentar\u00e3o os pr\u00f3ximos anos da ind\u00fastria cosm\u00e9tica nacional O m\u00eas de maio foi marcado pela realiza\u00e7\u00e3o do esperado Congresso Brasileiro de Cosmetologia. O evento, que contou com a participa\u00e7\u00e3o de mais de 350 congressistas que debateram as principais tend\u00eancias mundiais em cosm\u00e9ticos&hellip;","_links":{"self":[{"href":"https:\/\/construcaocivil.siriusmarketingedesign.com.br\/index.php?rest_route=\/wp\/v2\/posts\/1845","targetHints":{"allow":["GET"]}}],"collection":[{"href":"https:\/\/construcaocivil.siriusmarketingedesign.com.br\/index.php?rest_route=\/wp\/v2\/posts"}],"about":[{"href":"https:\/\/construcaocivil.siriusmarketingedesign.com.br\/index.php?rest_route=\/wp\/v2\/types\/post"}],"author":[{"embeddable":true,"href":"https:\/\/construcaocivil.siriusmarketingedesign.com.br\/index.php?rest_route=\/wp\/v2\/users\/1"}],"replies":[{"embeddable":true,"href":"https:\/\/construcaocivil.siriusmarketingedesign.com.br\/index.php?rest_route=%2Fwp%2Fv2%2Fcomments&post=1845"}],"version-history":[{"count":0,"href":"https:\/\/construcaocivil.siriusmarketingedesign.com.br\/index.php?rest_route=\/wp\/v2\/posts\/1845\/revisions"}],"wp:attachment":[{"href":"https:\/\/construcaocivil.siriusmarketingedesign.com.br\/index.php?rest_route=%2Fwp%2Fv2%2Fmedia&parent=1845"}],"wp:term":[{"taxonomy":"category","embeddable":true,"href":"https:\/\/construcaocivil.siriusmarketingedesign.com.br\/index.php?rest_route=%2Fwp%2Fv2%2Fcategories&post=1845"},{"taxonomy":"post_tag","embeddable":true,"href":"https:\/\/construcaocivil.siriusmarketingedesign.com.br\/index.php?rest_route=%2Fwp%2Fv2%2Ftags&post=1845"}],"curies":[{"name":"wp","href":"https:\/\/api.w.org\/{rel}","templated":true}]}}