{"id":18459,"date":"2022-01-23T20:17:48","date_gmt":"2022-01-23T23:17:48","guid":{"rendered":"https:\/\/www.jornaldaconstrucaocivil.com.br\/?p=18459"},"modified":"2022-01-29T22:57:25","modified_gmt":"2022-01-30T01:57:25","slug":"rochas-ornamentais-vitoria-stone-fair-2022-confirmada-para-fevereiro-e-com-projecao-de-us-200-milhoes-em-negocios","status":"publish","type":"post","link":"https:\/\/construcaocivil.siriusmarketingedesign.com.br\/?p=18459","title":{"rendered":"Rochas ornamentais: Vitoria Stone Fair 2022 \u00e9 adiada em decorr\u00eancia dos aumento de casos de Covid-19"},"content":{"rendered":"<p style=\"text-align: justify;\"><span style=\"color: #993300;\">Janeiro<\/span>, 2022 &#8211; Ap\u00f3s passar por uma transforma\u00e7\u00e3o, com novos ambientes, espa\u00e7os projetados para facilitar o fechamento de neg\u00f3cios entre os mais de 200 expositores e os visitantes, planta 360\u00ba, projetos inovadores e segmenta\u00e7\u00e3o por nicho de mercado, a Vitoria Stone Fair, considerada a maior feira de rochas ornamentais das Am\u00e9ricas, que aconteceria entre os pr\u00f3ximos dias 15 e 18 de fevereiro, no Esp\u00edrito Santo foi adiada em decorr\u00eancia do aumento dos casos de Civid-19.<\/p>\n<p style=\"text-align: justify;\">Voltada exclusivamente para profissionais do segmento, incluindo arquitetos, designers e o mercado da constru\u00e7\u00e3o, a feira ser\u00e1 palco de tr\u00eas grandes projetos, elaborados por profissionais renomados em parceria com a Milanez &amp; Milaneze \u2013 empresa organizadora do evento e que faz parte do Grupo VeronaFiere: Stone Concept, Vitoria Lounge + Its Natural e Casa Stone, que visam apresentar as in\u00fameras formas de aplicabilidade e uso das rochas ornamentais brasileiras.<\/p>\n<p><strong>Segue nota da comiss\u00e3o organizadora sobre o adiamento do evento:\u00a0<\/strong><\/p>\n<p><span style=\"color: #993300;\"><em>Somos solid\u00e1rios ao momento que estamos passando e, acima de qualquer neg\u00f3cio, zelamos pela sa\u00fade e pelo bem-estar de todos envolvidos direta e indiretamente na realiza\u00e7\u00e3o de nossos eventos.<\/em><\/span><\/p>\n<p><span style=\"color: #993300;\"><em>Assim, a Milanez &amp; Milaneze, empresa realizadora da Vitoria Stone Fair, em consulta e com anu\u00eancia dos parceiros \u2013 Sindicato das Ind\u00fastrias de Rochas Ornamentais, Cal e Calc\u00e1rios do Estado do Esp\u00edrito Santo (Sindirochas), Centro Brasileiro dos Exportadores de Rochas Ornamentais (Centrorochas) e Centro Tecnol\u00f3gico do M\u00e1rmore e Granito (Cetemag) \u2013, comunica o adiamento do evento que estava agendado para o per\u00edodo de 15 a 18 de fevereiro de 2022, no Esp\u00edrito Santo.<\/em><\/span><\/p>\n<p><span style=\"color: #993300;\"><em>A decis\u00e3o foi tomada de forma setorial, baseada no atual cen\u00e1rio da dissemina\u00e7\u00e3o da variante \u00f4micron e no impacto na visita\u00e7\u00e3o e seguran\u00e7a do evento.<\/em><\/span><\/p>\n<p><span style=\"color: #993300;\"><em>Cientes da import\u00e2ncia da Vitoria Stone Fair para o mercado de rochas ornamentais, estamos j\u00e1 trabalhando para em breve anunciar uma nova data de realiza\u00e7\u00e3o, atendendo a demanda do setor e o calend\u00e1rio mundial de feiras.<\/em><\/span><\/p>\n<p><span style=\"color: #993300;\"><em>N\u00f3s, assim como todos voc\u00eas, estamos ansiosos para podermos nos encontrar e trabalharemos para que a pr\u00f3xima edi\u00e7\u00e3o seja o maior sucesso poss\u00edvel para todas as partes envolvidas.<\/em><\/span><\/p>\n<p><span style=\"color: #993300;\"><em>Atenciosamente,<\/em><\/span><\/p>\n<p style=\"text-align: justify;\"><span style=\"color: #993300;\"><em><strong>Vitoria Stone Fair 2022<\/strong><\/em><\/span><\/p>\n<p style=\"text-align: justify;\">Informa\u00e7\u00f5es: <span style=\"text-decoration: underline;\"><span style=\"color: #0000ff; text-decoration: underline;\">https:\/\/vitoriastonefair.com.br\/<\/span><\/span><\/p>\n<p style=\"text-align: justify;\">\n","protected":false},"excerpt":{"rendered":"<p>Janeiro, 2022 &#8211; Ap\u00f3s passar por uma transforma\u00e7\u00e3o, com novos ambientes, espa\u00e7os projetados para facilitar o fechamento de neg\u00f3cios entre os mais de 200 expositores e os visitantes, planta 360\u00ba, projetos inovadores e segmenta\u00e7\u00e3o por nicho de mercado, a Vitoria Stone Fair, considerada a maior feira de rochas ornamentais das Am\u00e9ricas, que aconteceria entre os [&hellip;]<\/p>\n","protected":false},"author":1,"featured_media":18460,"comment_status":"open","ping_status":"open","sticky":false,"template":"","format":"standard","meta":{"_uag_custom_page_level_css":"","footnotes":""},"categories":[33],"tags":[908,2821,18617,7317,7520,10330,22148,23044,23084,12441],"class_list":["post-18459","post","type-post","status-publish","format-standard","has-post-thumbnail","hentry","category-mercado","tag-arquitetos","tag-construcao","tag-covid-19","tag-marmores-e-granitos","tag-mercado-de-rochas-ornamentais","tag-revestimentos-e-acabamentos","tag-serra-es","tag-vitoria-stone-fair-2022","tag-vitoria-stone-fair-adiada","tag-vitoria-es"],"blocksy_meta":[],"spectra_blocks_featured_image_url":{"thumbnail":{"url":"https:\/\/construcaocivil.siriusmarketingedesign.com.br\/wp-content\/uploads\/2022\/01\/Vitoria-STONE-FAIR-150x150.jpg","width":150,"height":150},"medium":{"url":"https:\/\/construcaocivil.siriusmarketingedesign.com.br\/wp-content\/uploads\/2022\/01\/Vitoria-STONE-FAIR-300x199.jpg","width":300,"height":199},"medium_large":{"url":"https:\/\/construcaocivil.siriusmarketingedesign.com.br\/wp-content\/uploads\/2022\/01\/Vitoria-STONE-FAIR-768x510.jpg","width":768,"height":510},"large":{"url":"https:\/\/construcaocivil.siriusmarketingedesign.com.br\/wp-content\/uploads\/2022\/01\/Vitoria-STONE-FAIR-1024x680.jpg","width":1024,"height":680},"full":{"url":"https:\/\/construcaocivil.siriusmarketingedesign.com.br\/wp-content\/uploads\/2022\/01\/Vitoria-STONE-FAIR.jpg","width":2325,"height":1544}},"spectra_blocks_author_info":{"display_name":"Jornal da Constru\u00e7\u00e3o Civil","avatar_url":"https:\/\/secure.gravatar.com\/avatar\/973c9774fd44ddaceb026973c4962faa70fc512bc4c9da68e8ebb40fecee6540?s=96&d=mm&r=g","author_link":"https:\/\/construcaocivil.siriusmarketingedesign.com.br\/?author=1","description":"Desde de 2013, levando muitas informa\u00e7\u00f5es, lan\u00e7amentos e produtos de qualidade para toda cadeia produtiva da constru\u00e7\u00e3o. O Futuro da constru\u00e7\u00e3o passa por aqui,"},"uagb_featured_image_src":{"full":["https:\/\/construcaocivil.siriusmarketingedesign.com.br\/wp-content\/uploads\/2022\/01\/Vitoria-STONE-FAIR.jpg",2325,1544,false],"thumbnail":["https:\/\/construcaocivil.siriusmarketingedesign.com.br\/wp-content\/uploads\/2022\/01\/Vitoria-STONE-FAIR-150x150.jpg",150,150,true],"medium":["https:\/\/construcaocivil.siriusmarketingedesign.com.br\/wp-content\/uploads\/2022\/01\/Vitoria-STONE-FAIR-300x199.jpg",300,199,true],"medium_large":["https:\/\/construcaocivil.siriusmarketingedesign.com.br\/wp-content\/uploads\/2022\/01\/Vitoria-STONE-FAIR-768x510.jpg",768,510,true],"large":["https:\/\/construcaocivil.siriusmarketingedesign.com.br\/wp-content\/uploads\/2022\/01\/Vitoria-STONE-FAIR-1024x680.jpg",1024,680,true],"1536x1536":["https:\/\/construcaocivil.siriusmarketingedesign.com.br\/wp-content\/uploads\/2022\/01\/Vitoria-STONE-FAIR-1536x1020.jpg",1536,1020,true],"2048x2048":["https:\/\/construcaocivil.siriusmarketingedesign.com.br\/wp-content\/uploads\/2022\/01\/Vitoria-STONE-FAIR-2048x1360.jpg",2048,1360,true]},"uagb_author_info":{"display_name":"Jornal da Constru\u00e7\u00e3o Civil","author_link":"https:\/\/construcaocivil.siriusmarketingedesign.com.br\/?author=1"},"uagb_comment_info":0,"uagb_excerpt":"Janeiro, 2022 &#8211; Ap\u00f3s passar por uma transforma\u00e7\u00e3o, com novos ambientes, espa\u00e7os projetados para facilitar o fechamento de neg\u00f3cios entre os mais de 200 expositores e os visitantes, planta 360\u00ba, projetos inovadores e segmenta\u00e7\u00e3o por nicho de mercado, a Vitoria Stone Fair, considerada a maior feira de rochas ornamentais das Am\u00e9ricas, que aconteceria entre os&hellip;","_links":{"self":[{"href":"https:\/\/construcaocivil.siriusmarketingedesign.com.br\/index.php?rest_route=\/wp\/v2\/posts\/18459","targetHints":{"allow":["GET"]}}],"collection":[{"href":"https:\/\/construcaocivil.siriusmarketingedesign.com.br\/index.php?rest_route=\/wp\/v2\/posts"}],"about":[{"href":"https:\/\/construcaocivil.siriusmarketingedesign.com.br\/index.php?rest_route=\/wp\/v2\/types\/post"}],"author":[{"embeddable":true,"href":"https:\/\/construcaocivil.siriusmarketingedesign.com.br\/index.php?rest_route=\/wp\/v2\/users\/1"}],"replies":[{"embeddable":true,"href":"https:\/\/construcaocivil.siriusmarketingedesign.com.br\/index.php?rest_route=%2Fwp%2Fv2%2Fcomments&post=18459"}],"version-history":[{"count":0,"href":"https:\/\/construcaocivil.siriusmarketingedesign.com.br\/index.php?rest_route=\/wp\/v2\/posts\/18459\/revisions"}],"wp:featuredmedia":[{"embeddable":true,"href":"https:\/\/construcaocivil.siriusmarketingedesign.com.br\/index.php?rest_route=\/wp\/v2\/media\/18460"}],"wp:attachment":[{"href":"https:\/\/construcaocivil.siriusmarketingedesign.com.br\/index.php?rest_route=%2Fwp%2Fv2%2Fmedia&parent=18459"}],"wp:term":[{"taxonomy":"category","embeddable":true,"href":"https:\/\/construcaocivil.siriusmarketingedesign.com.br\/index.php?rest_route=%2Fwp%2Fv2%2Fcategories&post=18459"},{"taxonomy":"post_tag","embeddable":true,"href":"https:\/\/construcaocivil.siriusmarketingedesign.com.br\/index.php?rest_route=%2Fwp%2Fv2%2Ftags&post=18459"}],"curies":[{"name":"wp","href":"https:\/\/api.w.org\/{rel}","templated":true}]}}