{"id":18515,"date":"2022-01-29T23:53:28","date_gmt":"2022-01-30T02:53:28","guid":{"rendered":"https:\/\/www.jornaldaconstrucaocivil.com.br\/?p=18515"},"modified":"2022-01-29T23:53:28","modified_gmt":"2022-01-30T02:53:28","slug":"de-olho-aberto-para-nao-virar-escravo-sigamos-em-campanha","status":"publish","type":"post","link":"https:\/\/construcaocivil.siriusmarketingedesign.com.br\/?p=18515","title":{"rendered":"&#8220;De Olho Aberto para N\u00e3o Virar Escravo&#8230;\u201d: SIGAMOS EM CAMPANHA!"},"content":{"rendered":"<p align=\"justify\">No dia em que recordamos a dram\u00e1tica chacina de Una\u00ed, MG, quando, 18 anos atr\u00e1s, balas assassinas tiraram a vida de 4 servidores da fiscaliza\u00e7\u00e3o do Minist\u00e9rio do Trabalho, nosso\u00a0<b>sentimento de indigna\u00e7\u00e3o<\/b>\u00a0se mistura ao desejo de homenagear mulheres e homens que, arriscando a pr\u00f3pria vida, investigam den\u00fancias de trabalho escravo no campo e na cidade e resgatam pessoas das garras dos modernos escravagistas.<\/p>\n<p align=\"justify\">De 2003 a 2013, foram encontradas no Brasil, em m\u00e9dia anual, 4 mil pessoas em condi\u00e7\u00e3o an\u00e1loga \u00e0 de escravo, 85% delas no campo. Mas,\u00a0<b>a partir de 2014, e durante 7 anos<\/b>, este n\u00famero ficou bem menor:\u00a0<b>\u201capenas\u201d 1 mil resgatados por ano<\/b>, como se tivesse recuado a realidade da escravid\u00e3o ou acontecido uma redu\u00e7\u00e3o das vulnerabilidades que exp\u00f5em determinados grupos ao risco de trabalho escravo. Os n\u00fameros de 2021 v\u00eam desmentir essa hip\u00f3tese: cerca de 2 mil trabalhadores e trabalhadoras foram resgatados pela fiscaliza\u00e7\u00e3o, um recorde desde 2013. Isso seria uma m\u00e1 ou uma boa not\u00edcia?<\/p>\n<p align=\"justify\"><b>O trabalho escravo na invisibilidade<\/b><\/p>\n<p align=\"justify\">Se fosse verdadeira,\u00a0<b>a \u201cmelhora\u201d dos n\u00fameros observada entre 2014 e 2020 teria ido na contram\u00e3o da realidade<\/b>: uma brutal deteriora\u00e7\u00e3o das condi\u00e7\u00f5es de vida e de trabalho, com a crescente extens\u00e3o da pobreza, a qual alcan\u00e7ou em 2020 um em cada 4 brasileiros. Essa situa\u00e7\u00e3o, in\u00e9dita havia anos, s\u00f3 fez piorar depois, com a redu\u00e7\u00e3o dr\u00e1stica dos benef\u00edcios emergenciais criados para mitigar os efeitos da pandemia.<\/p>\n<p align=\"justify\">Assim, nesses tempos dif\u00edceis, o\u00a0<b>acirramento da pobreza e da desigualdade<\/b>\u00a0tornou claramente as pessoas mais vulner\u00e1veis a serem submetidas \u00e0 migra\u00e7\u00e3o for\u00e7ada, ao aliciamento e a situa\u00e7\u00f5es de escravid\u00e3o.<\/p>\n<p align=\"justify\">Para explicar essa aparente contradi\u00e7\u00e3o pode-se invocar\u00a0<b>fatores que geraram<\/b>\u00a0uma falsa leitura da realidade enquanto na verdade simplesmente concorriam para a\u00a0<b>invisibilidade do trabalho escravo<\/b>. Entre eles:<\/p>\n<p align=\"justify\">&#8211;\u00a0<b>o medo<\/b>\u00a0<b>ou a recusa de um trabalhador denunciar<\/b>\u00a0a sistem\u00e1tica viola\u00e7\u00e3o dos seus direitos, pois conseguir um servi\u00e7o, por pior que seja, \u00e9 percebido como melhor que nada:\u00a0<b>em situa\u00e7\u00e3o de extrema \u201cprecis\u00e3o\u201d<\/b>, fica ainda mais dif\u00edcil denunciar a situa\u00e7\u00e3o de explora\u00e7\u00e3o, aceita-se qualquer trabalho e h\u00e1 medo de perder o pouco que se consegue;<\/p>\n<p align=\"justify\">&#8211;\u00a0<b>a redu\u00e7\u00e3o cont\u00ednua dos or\u00e7amentos<\/b>\u00a0e dos efetivos dedicados \u00e0 fiscaliza\u00e7\u00e3o, faltando hoje, ap\u00f3s 8 anos sem nenhum concurso de recrutamento, mais de 1.500 auditores fiscais (40% dos cargos existentes);<\/p>\n<p align=\"justify\">&#8211;\u00a0<b>a reforma trabalhista<\/b>\u00a0de 2017 colocou trabalhadores e trabalhadoras em situa\u00e7\u00e3o de risco maior. Favorecendo abertamente a parte patronal, liberou toda e qualquer terceiriza\u00e7\u00e3o e\u00a0<b>precarizou ainda mais a rela\u00e7\u00e3o trabalhista<\/b>. Ao contr\u00e1rio da propaganda, que anunciava \u201cmais emprego e investimentos\u201d, a flexibiliza\u00e7\u00e3o das rela\u00e7\u00f5es de trabalho retirou e segue abalando os direitos da classe trabalhadora, empurrando cada vez mais pessoas para as margens, na exclus\u00e3o&#8230; ou no trabalho degradante, exaustivo, for\u00e7ado. Escravo. \u201cPejotizados\u201d, \u201cuberizados\u201d, terceirizados \u00e0 for\u00e7a, precarizados e enfraquecidos na sua capacidade de organiza\u00e7\u00e3o e mobiliza\u00e7\u00e3o. Falsamente aut\u00f4nomos ou empreendedores e com a impress\u00e3o de \u201cvale-tudo\u201d quando se trata de ferir os direitos trabalhistas.<\/p>\n<p align=\"justify\">Imposi\u00e7\u00e3o de condi\u00e7\u00f5es degradantes, insalubres, que colocam em risco a sa\u00fade e a vida da pessoa: alimenta\u00e7\u00e3o prec\u00e1ria, falta de \u00e1gua pot\u00e1vel, nega\u00e7\u00e3o de alojamento decente, de equipamentos de prote\u00e7\u00e3o, humilha\u00e7\u00e3o e amea\u00e7as, isolamento geogr\u00e1fico, endividamento compuls\u00f3rio, viol\u00eancia f\u00edsica. Tais s\u00e3o ainda hoje os meios utilizados para manter trabalhadores e trabalhadoras submissos e amarrados, frustrados dos seus direitos, n\u00e3o s\u00f3 de ir e vir, mas de viver dignamente.<\/p>\n<p align=\"justify\"><b>Invers\u00e3o de tend\u00eancia?<\/b><\/p>\n<p align=\"justify\"><b>Nessa trajet\u00f3ria de uma anunciada e crescente invisibilidade do trabalho escravo em nosso meio, os resultados de 2021 trazem um impressionante desmentido<\/b>: mesmo com as limita\u00e7\u00f5es impostas pela pandemia e pelos criminosos cortes or\u00e7ament\u00e1rios, a atua\u00e7\u00e3o da fiscaliza\u00e7\u00e3o do renascido Minist\u00e9rio do Trabalho tem quase que explodido em 2021, pulando de uma m\u00e9dia anual de 260 estabelecimentos fiscalizados (2014-2020), para mais de 440 em 2021 (mais que em qualquer um dos 27 anos de exist\u00eancia do Grupo M\u00f3vel de Fiscaliza\u00e7\u00e3o), com o dobro do n\u00famero de trabalhadores e trabalhadoras resgatados em rela\u00e7\u00e3o \u00e0 media dos anos anteriores.<\/p>\n<p align=\"justify\">Se confirmada, essa \u00e9\u00a0<b>uma \u201cboa\u201d not\u00edcia<\/b>.<\/p>\n<p align=\"justify\">Se confirmada, podemos creditar e parabenizar a resist\u00eancia dos trabalhadores e das trabalhadoras que, inconformados com a situa\u00e7\u00e3o de degrada\u00e7\u00e3o e humilha\u00e7\u00e3o, denunciaram que eram submetidos ao trabalho escravo, encontrando a teimosa atua\u00e7\u00e3o dos servidores p\u00fablicos empenhados na fiscaliza\u00e7\u00e3o.<\/p>\n<p align=\"justify\">Ao mesmo tempo sabemos que \u201c<b>n\u00famero n\u00e3o \u00e9 realidade<\/b>\u201d: \u00e9 t\u00e3o somente uma parte do que dela se conseguiu apreender.\u00a0<b>Como ter certeza de que n\u00e3o deixamos de ver ainda boa parte desta realidade?\u00a0<\/b>O fato de a metade dos resgates de 2021 ter sido realizados na regi\u00e3o Sudeste, principalmente em\u00a0<b>Minas Gerais<\/b>, \u00e9 bastante significativo, mas,\u00a0<i>a contr\u00e1rio,<\/i>\u00a0indica que pouco se tem conseguido fazer no Norte onde, at\u00e9 10 anos atr\u00e1s, mais da metade das opera\u00e7\u00f5es e dos resgates eram realizados. O fato de entre um ter\u00e7o e a metade dos resgates dos \u00faltimos 4 anos ter sido feitos nas monoculturas do agroneg\u00f3cio tamb\u00e9m merece ser examinado com aten\u00e7\u00e3o.\u00a0<b>Agro \u00e9 pop?<\/b><\/p>\n<p align=\"justify\"><b>Em luta contra o trabalho escravo<\/b><\/p>\n<p align=\"justify\"><b>H\u00e1 quase 50 anos, a embrion\u00e1ria CPT<\/b>\u00a0iniciava uma verdadeira cruzada contra a escravid\u00e3o contempor\u00e2nea no Brasil. N\u00e3o por acaso, retomando ap\u00f3s 4 s\u00e9culos o grito acusat\u00f3rio de Ant\u00f4nio de Montesinos (\u201c<i>Estos no son hombres?<\/i>\u201d), Pedro Casald\u00e1liga se tornou um dos pais fundadores da Comiss\u00e3o Pastoral da Terra.<\/p>\n<p align=\"justify\"><b>E 25 anos atr\u00e1s<\/b>, movidos pela mesma indigna\u00e7\u00e3o prof\u00e9tica, frei Henri des Roziers e as equipes da frente pioneira da regi\u00e3o Araguaia-Tocantins colocaram essa nossa CPT em campanha, uma campanha nacional, forjando este lema que continua absolutamente atual hoje: \u201c<b>De Olho Aberto para N\u00e3o Virar Escravo!<\/b>\u201d.<\/p>\n<p align=\"justify\">Nesses\u00a0<b>25 anos de Campanha<\/b>, com o empenho das nossas equipes e a corajosa den\u00fancia de trabalhadores, trabalhadoras e seus familiares \u2013 representados por Dona Pureza, a m\u00e3e que saiu de Bacabal (MA) em busca de seu filho Abel para libert\u00e1-lo do trabalho escravo, em breve nas telas do cinema \u2013, o invis\u00edvel passou a ser mais vis\u00edvel, menos enterrado.<\/p>\n<p align=\"justify\">A conta de\u00a0<b>60 mil pessoas encontradas em condi\u00e7\u00e3o an\u00e1loga \u00e0 de escravo, desde 1995,<\/b>\u00a0j\u00e1 foi ultrapassada. Denunciado, pressionado nacional e internacionalmente, o\u00a0<b>Estado foi obrigado a tomar alguma postura e a lan\u00e7ar m\u00e3o de pol\u00edticas<\/b>, inicialmente na \u00e1rea da repress\u00e3o e, aos poucos, mas ainda muito pouco, da preven\u00e7\u00e3o e da inser\u00e7\u00e3o.<\/p>\n<p align=\"justify\">Pois\u00a0<b>o crime do trabalho escravo, sim, continua a existir e, na sua trilha, os crimes que com ele caminham juntos<\/b>, no bojo de um modelo de desenvolvimento perverso: desmatamento, grilagem, envenenamento, destrui\u00e7\u00e3o dos ecossistemas, genoc\u00eddio, racismo. (Sim!\u00a0<b>Ainda hoje, escravid\u00e3o tem cor!<\/b>).<\/p>\n<p align=\"justify\"><b>Em tudo isso, \u00e9 a vida que vale pouco.<\/b><\/p>\n<p align=\"justify\">Em Campanha permanente, seguimos nessa\u00a0<b>luta por vida digna<\/b>. Continuaremos abrindo o olho, sendo vigilantes, criando condi\u00e7\u00f5es, ampliando nossas a\u00e7\u00f5es, apoiando a organiza\u00e7\u00e3o comunit\u00e1ria e o trabalho de redes locais de vigil\u00e2ncia, cobrando programas e pol\u00edticas p\u00fablicas que possam n\u00e3o apenas mitigar mas arrancar as ra\u00edzes do problema.<\/p>\n<p align=\"justify\"><b>Essa luta continua!<\/b><\/p>\n<p align=\"right\"><b>28 de janeiro de 2022,<\/b><\/p>\n<p align=\"right\"><b>dia nacional do Auditor Fiscal do Trabalho &amp; dia nacional de Combate ao Trabalho Escravo<\/b><\/p>\n","protected":false},"excerpt":{"rendered":"<p>No dia em que recordamos a dram\u00e1tica chacina de Una\u00ed, MG, quando, 18 anos atr\u00e1s, balas assassinas tiraram a vida de 4 servidores da fiscaliza\u00e7\u00e3o do Minist\u00e9rio do Trabalho, nosso\u00a0sentimento de indigna\u00e7\u00e3o\u00a0se mistura ao desejo de homenagear mulheres e homens que, arriscando a pr\u00f3pria vida, investigam den\u00fancias de trabalho escravo no campo e na cidade [&hellip;]<\/p>\n","protected":false},"author":1,"featured_media":18516,"comment_status":"open","ping_status":"open","sticky":false,"template":"","format":"standard","meta":{"_uag_custom_page_level_css":"","footnotes":""},"categories":[27],"tags":[23085,16915,23087,23086,7934,11414,16813,11859,12429],"class_list":["post-18515","post","type-post","status-publish","format-standard","has-post-thumbnail","hentry","category-acontece","tag-combate-ao-trabalho-escravo","tag-cpt-comissao-pastoral-da-terra","tag-de-olho-aberto-para-nao-virar-escravo","tag-disputa-por-terra-agro-x-agricultores-familiares","tag-mpf","tag-stf","tag-terras-quilombolas","tag-trabalho-escravo","tag-violencia-no-campo"],"blocksy_meta":[],"spectra_blocks_featured_image_url":{"thumbnail":{"url":"https:\/\/construcaocivil.siriusmarketingedesign.com.br\/wp-content\/uploads\/2022\/01\/CPT-150x150.jpeg","width":150,"height":150},"medium":{"url":"https:\/\/construcaocivil.siriusmarketingedesign.com.br\/wp-content\/uploads\/2022\/01\/CPT-300x300.jpeg","width":300,"height":300},"medium_large":{"url":"https:\/\/construcaocivil.siriusmarketingedesign.com.br\/wp-content\/uploads\/2022\/01\/CPT-768x768.jpeg","width":768,"height":768},"large":{"url":"https:\/\/construcaocivil.siriusmarketingedesign.com.br\/wp-content\/uploads\/2022\/01\/CPT-1024x1024.jpeg","width":1024,"height":1024},"full":{"url":"https:\/\/construcaocivil.siriusmarketingedesign.com.br\/wp-content\/uploads\/2022\/01\/CPT.jpeg","width":1280,"height":1280}},"spectra_blocks_author_info":{"display_name":"Jornal da Constru\u00e7\u00e3o Civil","avatar_url":"https:\/\/secure.gravatar.com\/avatar\/973c9774fd44ddaceb026973c4962faa70fc512bc4c9da68e8ebb40fecee6540?s=96&d=mm&r=g","author_link":"https:\/\/construcaocivil.siriusmarketingedesign.com.br\/?author=1","description":"Desde de 2013, levando muitas informa\u00e7\u00f5es, lan\u00e7amentos e produtos de qualidade para toda cadeia produtiva da constru\u00e7\u00e3o. O Futuro da constru\u00e7\u00e3o passa por aqui,"},"uagb_featured_image_src":{"full":["https:\/\/construcaocivil.siriusmarketingedesign.com.br\/wp-content\/uploads\/2022\/01\/CPT.jpeg",1280,1280,false],"thumbnail":["https:\/\/construcaocivil.siriusmarketingedesign.com.br\/wp-content\/uploads\/2022\/01\/CPT-150x150.jpeg",150,150,true],"medium":["https:\/\/construcaocivil.siriusmarketingedesign.com.br\/wp-content\/uploads\/2022\/01\/CPT-300x300.jpeg",300,300,true],"medium_large":["https:\/\/construcaocivil.siriusmarketingedesign.com.br\/wp-content\/uploads\/2022\/01\/CPT-768x768.jpeg",768,768,true],"large":["https:\/\/construcaocivil.siriusmarketingedesign.com.br\/wp-content\/uploads\/2022\/01\/CPT-1024x1024.jpeg",1024,1024,true],"1536x1536":["https:\/\/construcaocivil.siriusmarketingedesign.com.br\/wp-content\/uploads\/2022\/01\/CPT.jpeg",1280,1280,false],"2048x2048":["https:\/\/construcaocivil.siriusmarketingedesign.com.br\/wp-content\/uploads\/2022\/01\/CPT.jpeg",1280,1280,false]},"uagb_author_info":{"display_name":"Jornal da Constru\u00e7\u00e3o Civil","author_link":"https:\/\/construcaocivil.siriusmarketingedesign.com.br\/?author=1"},"uagb_comment_info":0,"uagb_excerpt":"No dia em que recordamos a dram\u00e1tica chacina de Una\u00ed, MG, quando, 18 anos atr\u00e1s, balas assassinas tiraram a vida de 4 servidores da fiscaliza\u00e7\u00e3o do Minist\u00e9rio do Trabalho, nosso\u00a0sentimento de indigna\u00e7\u00e3o\u00a0se mistura ao desejo de homenagear mulheres e homens que, arriscando a pr\u00f3pria vida, investigam den\u00fancias de trabalho escravo no campo e na cidade&hellip;","_links":{"self":[{"href":"https:\/\/construcaocivil.siriusmarketingedesign.com.br\/index.php?rest_route=\/wp\/v2\/posts\/18515","targetHints":{"allow":["GET"]}}],"collection":[{"href":"https:\/\/construcaocivil.siriusmarketingedesign.com.br\/index.php?rest_route=\/wp\/v2\/posts"}],"about":[{"href":"https:\/\/construcaocivil.siriusmarketingedesign.com.br\/index.php?rest_route=\/wp\/v2\/types\/post"}],"author":[{"embeddable":true,"href":"https:\/\/construcaocivil.siriusmarketingedesign.com.br\/index.php?rest_route=\/wp\/v2\/users\/1"}],"replies":[{"embeddable":true,"href":"https:\/\/construcaocivil.siriusmarketingedesign.com.br\/index.php?rest_route=%2Fwp%2Fv2%2Fcomments&post=18515"}],"version-history":[{"count":0,"href":"https:\/\/construcaocivil.siriusmarketingedesign.com.br\/index.php?rest_route=\/wp\/v2\/posts\/18515\/revisions"}],"wp:featuredmedia":[{"embeddable":true,"href":"https:\/\/construcaocivil.siriusmarketingedesign.com.br\/index.php?rest_route=\/wp\/v2\/media\/18516"}],"wp:attachment":[{"href":"https:\/\/construcaocivil.siriusmarketingedesign.com.br\/index.php?rest_route=%2Fwp%2Fv2%2Fmedia&parent=18515"}],"wp:term":[{"taxonomy":"category","embeddable":true,"href":"https:\/\/construcaocivil.siriusmarketingedesign.com.br\/index.php?rest_route=%2Fwp%2Fv2%2Fcategories&post=18515"},{"taxonomy":"post_tag","embeddable":true,"href":"https:\/\/construcaocivil.siriusmarketingedesign.com.br\/index.php?rest_route=%2Fwp%2Fv2%2Ftags&post=18515"}],"curies":[{"name":"wp","href":"https:\/\/api.w.org\/{rel}","templated":true}]}}