{"id":18552,"date":"2022-02-02T01:22:31","date_gmt":"2022-02-02T04:22:31","guid":{"rendered":"https:\/\/www.jornaldaconstrucaocivil.com.br\/?p=18552"},"modified":"2022-02-02T01:29:27","modified_gmt":"2022-02-02T04:29:27","slug":"expo-revestir-retomada-presencial-marca-20-anos-de-sucesso","status":"publish","type":"post","link":"https:\/\/construcaocivil.siriusmarketingedesign.com.br\/?p=18552","title":{"rendered":"EXPO REVESTIR: retomada presencial marca 20 anos de sucesso"},"content":{"rendered":"<p><span style=\"color: #993300;\">Fevereiro<\/span>, 2022 marca a celebra\u00e7\u00e3o de 20 anos da EXPO REVESTIR, a maior feira de revestimentos e acabamentos da Am\u00e9rica Latina. Iniciado em 2003, com uma \u00e1rea de quase tr\u00eas pavilh\u00f5es, o evento atualmente abrange a totalidade dos sete espa\u00e7os do Transamerica Expo Center, em S\u00e3o Paulo, onde vem ocorrendo desde ent\u00e3o.<\/p>\n<p>As grandes atra\u00e7\u00f5es s\u00e3o norteadas em torno dos lan\u00e7amentos e tend\u00eancias mundiais, a renova\u00e7\u00e3o do conhecimento por meio do F\u00f3rum Internacional, a revitaliza\u00e7\u00e3o do networking entre as empresas e os profissionais do setor alinhadas \u00e0s novidades da feira, que acontece de 8 a 11 de mar\u00e7o, em formato h\u00edbrido: digital e presencial.<\/p>\n<p>Mais do que a comemora\u00e7\u00e3o de duas d\u00e9cadas de promo\u00e7\u00e3o de neg\u00f3cios, parcerias e participa\u00e7\u00e3o direta no desenvolvimento do segmento, nacional e internacionalmente, a data ic\u00f4nica marca a retomada do networking presencial e estreia a temporada de neg\u00f3cios do setor. Cerca de 200 expositores apresentar\u00e3o, em estandes repletos de experi\u00eancias l\u00fadicas, emocionantes e inesquec\u00edveis, as principais novidades e tend\u00eancias que v\u00e3o orientar a criatividade dos profissionais nos projetos e empreendimentos de 2022 e in\u00edcio de 2023.<\/p>\n<p>&#8220;A EXPO REVESTIR ser\u00e1 a oportunidade para o reencontro do setor e, certamente, ser\u00e1 propulsor de neg\u00f3cios ao longo do ano&#8221;, afirma Benjamin Ferreira Neto, Presidente do Conselho de Administra\u00e7\u00e3o da Associa\u00e7\u00e3o Nacional dos Fabricantes de Cer\u00e2mica para Revestimentos, Lou\u00e7as Sanit\u00e1rias e Cong\u00eaneres (ANFACER), promotora da feira. &#8220;A feira \u00e9 o resultado de um projeto do setor cer\u00e2mico nacional, que nasceu h\u00e1 20 anos, com o objetivo de criar um ambiente adequado para a gera\u00e7\u00e3o de neg\u00f3cios. Ao longo dos anos, o evento cresceu e consolidou-se como o mais importante no segmento de revestimentos e acabamentos da Am\u00e9rica Latina e um dos principais do mundo para a constru\u00e7\u00e3o civil&#8221;, destaca.<\/p>\n<p><strong>FORMATO H\u00cdBRIDO: PRESENCIAL E DIGITAL<\/strong><\/p>\n<p>A EXPO REVESTIR reunir\u00e1 duas experi\u00eancias bem-sucedidas para tornar a feira cada vez mais democr\u00e1tica: presencial e digital. O formato h\u00edbrido rompe fronteiras ao levar as inova\u00e7\u00f5es e os lan\u00e7amentos dos expositores para todo o mundo. Enquanto a vers\u00e3o presencial contar\u00e1 com os estandes marcantes e um ambiente pr\u00f3spero para neg\u00f3cios e networking, a vers\u00e3o digital concentrar\u00e1 todos as novidades dos expositores, bem como as maratonas de conte\u00fados e o F\u00f3rum Internacional de Arquitetura, Urbanismo e Constru\u00e7\u00e3o (FIAC), que este ano ser\u00e1 100% online.<\/p>\n<p>&#8220;Ser\u00e1 uma edi\u00e7\u00e3o memor\u00e1vel. Vamos celebrar juntos a retomada das agendas presenciais, do networking e das parcerias. Ao conectar os universos f\u00edsico e digital, aumentamos o alcance e as possibilidades de neg\u00f3cios, al\u00e9m de estreitar o contato com o mercado, os revendedores, os especificadores e todos que fazem parte da cadeia produtiva da constru\u00e7\u00e3o&#8221;, diz Maur\u00edcio Borges, Presidente Executivo da ANFACER e CEO da EXPO REVESTIR e do FIAC.<\/p>\n<p>Com capacidade m\u00e1xima de expositores atingida, a 20\u00aa edi\u00e7\u00e3o da feira apresentar\u00e1 inspira\u00e7\u00f5es, novidades e tend\u00eancias em cer\u00e2micas, lou\u00e7as sanit\u00e1rias, metais para cozinha e banheiro, rochas ornamentais, mosaicos, madeiras, laminados, ciment\u00edcios e v\u00edtreos. O evento f\u00edsico \u00e9 dirigido para arquitetos, designers de interiores, revendedores, engenheiros e os demais profissionais que fazem parte da cadeia produtiva da constru\u00e7\u00e3o. J\u00e1 a feira virtual ser\u00e1 aberta todos os p\u00fablicos, 24 horas, com imers\u00f5es no que h\u00e1 de mais atual em inova\u00e7\u00f5es e tend\u00eancias.<\/p>\n<p>&#8220;Temos muito orgulho da nossa hist\u00f3ria e seguimos com o mesmo entusiasmo e motiva\u00e7\u00e3o. Nesses 20 anos, crescemos como feira de neg\u00f3cios e evento de conte\u00fado, contando com a parceria de longa data do Transamerica Expo Center. Somos muito gratos por este local ter sido a casa da Expo Revestir por tantos anos&#8221;, destaca Andr\u00e9 Soares, Diretor Executivo da ANFACER e CFO da EXPO REVESTIR e do FIAC.<br \/>\n<strong>MEDIDAS SANIT\u00c1RIAS OBRIGAT\u00d3RIAS\u00a0<\/strong><strong>&#8212;\u00a0<\/strong>Para garantir a seguran\u00e7a e o conforto de visitantes, expositores e colaboradores, a EXPO REVESTIR seguir\u00e1 todos os protocolos sanit\u00e1rios vigentes contra a Covid-19, tais como a obrigatoriedade do Passaporte de Vacina\u00e7\u00e3o (com no m\u00ednimo duas doses ou dose \u00fanica da vacina), m\u00e1scaras cobrindo nariz e boca e uso de \u00e1lcool em gel. A entrada no evento s\u00f3 ser\u00e1 poss\u00edvel mediante a apresenta\u00e7\u00e3o do passaporte de vacina\u00e7\u00e3o e documento oficial com foto. A feira ainda contar\u00e1 com uma equipe de biosseguran\u00e7a para garantir a ades\u00e3o completa do p\u00fablico em rela\u00e7\u00e3o ao respeito a esses protocolos.<\/p>\n<p><img decoding=\"async\" class=\"aligncenter\" src=\"https:\/\/releaseswpp.com\/5wYDNzYzN6InYu02bj5CbpZXaj9WYjVnc0NnbvNWYkxWYuJ3bqBkbhlmclZXZzpTN0YTO0MzMxozZlBnauc3bsJjYjFmM4cTNilTNhVjZ5gTNkVGM1MmM3MzYidjZwQDNGJTJwQDNGJTJ0ATOxQjRyUyN4ADNx8VL0ETLfpTO\" \/><\/p>\n<p><strong>CREDENCIAMENTO &#8212;<\/strong>\u00a0A inscri\u00e7\u00e3o para a 20\u00aa EXPO REVESTIR j\u00e1 est\u00e1 dispon\u00edvel e pode ser feita gratuitamente atrav\u00e9s do\u00a0<span style=\"color: #0000ff;\"><a style=\"color: #0000ff;\" href=\"https:\/\/releaseswpp.com\/link.php?code=bDpodHRwcyUzQSUyRiUyRnd3dy5leHBvcmV2ZXN0aXIuY29tLmJyOjEzMzQ5NjQ1OnNldmVyaWFuQGpvcm5hbGRhY29uc3RydWNhb2NpdmlsLmNvbS5icjo1MDRiZmU=\" target=\"_blank\" rel=\"noopener noreferrer\">site oficial<\/a><\/span>.<\/p>\n<p><strong>Aten\u00e7\u00e3o!\u00a0<\/strong>Na feira f\u00edsica, n\u00e3o ser\u00e1 poss\u00edvel realizar credenciamento durante o evento.<\/p>\n<p><strong>FIAC 100% VIRTUAL &#8212;\u00a0<\/strong>O F\u00d3RUM INTERNACIONAL DE ARQUITETURA, DESIGN E CONSTRU\u00c7\u00c3O (FIAC) permanece virtual, como ocorreu em 2021. Palestrantes de alta relev\u00e2ncia no universo da arquitetura e do design se intercalam em programas e temas dirigidos a arquitetos, designers de interiores, revendedores e estudantes. Juntos, apresentar\u00e3o tend\u00eancias da realidade global diante dos novos desafios que o mundo enfrenta. Como todos os anos, o f\u00f3rum ter\u00e1 o Dia do Designer de Interiores (09\/03) e Dia do Arquiteto (10\/03). O FIAC, assim como as demais a\u00e7\u00f5es da feira digital, ocorrer\u00e1 na EXPO REVESTIR Digital House, no site oficial. Para completar ainda mais a maratona de conte\u00fado, diversos parceiros preparam uma programa\u00e7\u00e3o especial para que a experi\u00eancia virtual seja repleta de conhecimento.<br \/>\n<strong>SERVI\u00c7O<\/strong><\/p>\n<p><strong>EXPO REVESTIR 20 ANOS<\/strong><\/p>\n<p>8&#8211;11 de mar\u00e7o de 2022<\/p>\n<p>10h \u00e0s 19h<\/p>\n<p>Transamerica Expo Center<\/p>\n<p>Av. Dr. M\u00e1rio Villas Boas Rodrigues, 387<\/p>\n<p>Santo Amaro, S\u00e3o Paulo-SP, Brasil<\/p>\n","protected":false},"excerpt":{"rendered":"<p>Fevereiro, 2022 marca a celebra\u00e7\u00e3o de 20 anos da EXPO REVESTIR, a maior feira de revestimentos e acabamentos da Am\u00e9rica Latina. Iniciado em 2003, com uma \u00e1rea de quase tr\u00eas pavilh\u00f5es, o evento atualmente abrange a totalidade dos sete espa\u00e7os do Transamerica Expo Center, em S\u00e3o Paulo, onde vem ocorrendo desde ent\u00e3o. As grandes atra\u00e7\u00f5es [&hellip;]<\/p>\n","protected":false},"author":1,"featured_media":18554,"comment_status":"open","ping_status":"open","sticky":false,"template":"","format":"standard","meta":{"_uag_custom_page_level_css":"","footnotes":""},"categories":[28],"tags":[1933,23116,3919,23114,23117,7046,23115,8951,11873],"class_list":["post-18552","post","type-post","status-publish","format-standard","has-post-thumbnail","hentry","category-arquitetura","tag-casa-e-decoracao","tag-construtores-e-arquitetos","tag-edificacoes","tag-expo-revestir-20-anos","tag-fabricantes-de-ceramica","tag-loucas-sanitarias","tag-novidades-para-cozinha","tag-pisos-e-revestimentos","tag-transamerica-expo-center"],"blocksy_meta":[],"spectra_blocks_featured_image_url":{"thumbnail":{"url":"https:\/\/construcaocivil.siriusmarketingedesign.com.br\/wp-content\/uploads\/2022\/02\/AA-REVESTIR-2022-150x150.jpg","width":150,"height":150},"medium":{"url":"https:\/\/construcaocivil.siriusmarketingedesign.com.br\/wp-content\/uploads\/2022\/02\/AA-REVESTIR-2022-300x200.jpg","width":300,"height":200},"medium_large":{"url":"https:\/\/construcaocivil.siriusmarketingedesign.com.br\/wp-content\/uploads\/2022\/02\/AA-REVESTIR-2022-768x512.jpg","width":768,"height":512},"large":{"url":"https:\/\/construcaocivil.siriusmarketingedesign.com.br\/wp-content\/uploads\/2022\/02\/AA-REVESTIR-2022.jpg","width":800,"height":533},"full":{"url":"https:\/\/construcaocivil.siriusmarketingedesign.com.br\/wp-content\/uploads\/2022\/02\/AA-REVESTIR-2022.jpg","width":800,"height":533}},"spectra_blocks_author_info":{"display_name":"Jornal da Constru\u00e7\u00e3o Civil","avatar_url":"https:\/\/secure.gravatar.com\/avatar\/973c9774fd44ddaceb026973c4962faa70fc512bc4c9da68e8ebb40fecee6540?s=96&d=mm&r=g","author_link":"https:\/\/construcaocivil.siriusmarketingedesign.com.br\/?author=1","description":"Desde de 2013, levando muitas informa\u00e7\u00f5es, lan\u00e7amentos e produtos de qualidade para toda cadeia produtiva da constru\u00e7\u00e3o. O Futuro da constru\u00e7\u00e3o passa por aqui,"},"uagb_featured_image_src":{"full":["https:\/\/construcaocivil.siriusmarketingedesign.com.br\/wp-content\/uploads\/2022\/02\/AA-REVESTIR-2022.jpg",800,533,false],"thumbnail":["https:\/\/construcaocivil.siriusmarketingedesign.com.br\/wp-content\/uploads\/2022\/02\/AA-REVESTIR-2022-150x150.jpg",150,150,true],"medium":["https:\/\/construcaocivil.siriusmarketingedesign.com.br\/wp-content\/uploads\/2022\/02\/AA-REVESTIR-2022-300x200.jpg",300,200,true],"medium_large":["https:\/\/construcaocivil.siriusmarketingedesign.com.br\/wp-content\/uploads\/2022\/02\/AA-REVESTIR-2022-768x512.jpg",768,512,true],"large":["https:\/\/construcaocivil.siriusmarketingedesign.com.br\/wp-content\/uploads\/2022\/02\/AA-REVESTIR-2022.jpg",800,533,false],"1536x1536":["https:\/\/construcaocivil.siriusmarketingedesign.com.br\/wp-content\/uploads\/2022\/02\/AA-REVESTIR-2022.jpg",800,533,false],"2048x2048":["https:\/\/construcaocivil.siriusmarketingedesign.com.br\/wp-content\/uploads\/2022\/02\/AA-REVESTIR-2022.jpg",800,533,false]},"uagb_author_info":{"display_name":"Jornal da Constru\u00e7\u00e3o Civil","author_link":"https:\/\/construcaocivil.siriusmarketingedesign.com.br\/?author=1"},"uagb_comment_info":0,"uagb_excerpt":"Fevereiro, 2022 marca a celebra\u00e7\u00e3o de 20 anos da EXPO REVESTIR, a maior feira de revestimentos e acabamentos da Am\u00e9rica Latina. Iniciado em 2003, com uma \u00e1rea de quase tr\u00eas pavilh\u00f5es, o evento atualmente abrange a totalidade dos sete espa\u00e7os do Transamerica Expo Center, em S\u00e3o Paulo, onde vem ocorrendo desde ent\u00e3o. As grandes atra\u00e7\u00f5es&hellip;","_links":{"self":[{"href":"https:\/\/construcaocivil.siriusmarketingedesign.com.br\/index.php?rest_route=\/wp\/v2\/posts\/18552","targetHints":{"allow":["GET"]}}],"collection":[{"href":"https:\/\/construcaocivil.siriusmarketingedesign.com.br\/index.php?rest_route=\/wp\/v2\/posts"}],"about":[{"href":"https:\/\/construcaocivil.siriusmarketingedesign.com.br\/index.php?rest_route=\/wp\/v2\/types\/post"}],"author":[{"embeddable":true,"href":"https:\/\/construcaocivil.siriusmarketingedesign.com.br\/index.php?rest_route=\/wp\/v2\/users\/1"}],"replies":[{"embeddable":true,"href":"https:\/\/construcaocivil.siriusmarketingedesign.com.br\/index.php?rest_route=%2Fwp%2Fv2%2Fcomments&post=18552"}],"version-history":[{"count":0,"href":"https:\/\/construcaocivil.siriusmarketingedesign.com.br\/index.php?rest_route=\/wp\/v2\/posts\/18552\/revisions"}],"wp:featuredmedia":[{"embeddable":true,"href":"https:\/\/construcaocivil.siriusmarketingedesign.com.br\/index.php?rest_route=\/wp\/v2\/media\/18554"}],"wp:attachment":[{"href":"https:\/\/construcaocivil.siriusmarketingedesign.com.br\/index.php?rest_route=%2Fwp%2Fv2%2Fmedia&parent=18552"}],"wp:term":[{"taxonomy":"category","embeddable":true,"href":"https:\/\/construcaocivil.siriusmarketingedesign.com.br\/index.php?rest_route=%2Fwp%2Fv2%2Fcategories&post=18552"},{"taxonomy":"post_tag","embeddable":true,"href":"https:\/\/construcaocivil.siriusmarketingedesign.com.br\/index.php?rest_route=%2Fwp%2Fv2%2Ftags&post=18552"}],"curies":[{"name":"wp","href":"https:\/\/api.w.org\/{rel}","templated":true}]}}