{"id":18584,"date":"2022-02-07T00:30:18","date_gmt":"2022-02-07T03:30:18","guid":{"rendered":"https:\/\/www.jornaldaconstrucaocivil.com.br\/?p=18584"},"modified":"2022-02-07T00:30:18","modified_gmt":"2022-02-07T03:30:18","slug":"prefeitura-vai-ceder-quiosque-na-barra-da-tijuca-para-familia-do-congoles-moise-kabagambe","status":"publish","type":"post","link":"https:\/\/construcaocivil.siriusmarketingedesign.com.br\/?p=18584","title":{"rendered":"Prefeitura vai ceder quiosque na Barra da Tijuca para fam\u00edlia do congol\u00eas Mo\u00efse Kabagambe"},"content":{"rendered":"<p><span style=\"color: #993300;\">Fevereiro<\/span>, 2022 &#8211; Respons\u00e1vel pela gest\u00e3o do contrato de concess\u00e3o de quiosques da orla mar\u00edtima do Rio, a Prefeitura do Rio, por meio da Secretaria Municipal de Fazenda e Planejamento, vai ceder a opera\u00e7\u00e3o de um dos quiosques da Barra da Tijuca \u00e0 fam\u00edlia do congol\u00eas Mo\u00efse Kabagambe, morto no \u00faltimo dia 24 de janeiro. A decis\u00e3o foi tomada em comum acordo com a Orla Rio, concession\u00e1ria que administra os quiosques, e a proposta j\u00e1 foi aceita por parentes do refugiado.<\/p>\n<p>Al\u00e9m disso, a iniciativa prev\u00ea a transforma\u00e7\u00e3o do espa\u00e7o em um memorial em homenagem \u00e0s culturas congolesa e africana. A iniciativa tem o objetivo de promover a integra\u00e7\u00e3o social e econ\u00f4mica de refugiados africanos e reafirmar o compromisso da cidade com a promo\u00e7\u00e3o de oportunidades para todos. A a\u00e7\u00e3o ser\u00e1 realizada em parceria com a Orla Rio, concession\u00e1ria que opera os estabelecimentos.<\/p>\n<blockquote><p><em><span style=\"color: #993300;\">\u2013 O que aconteceu foi algo brutal, inaceit\u00e1vel e que n\u00e3o \u00e9 da natureza do Rio. \u00c9 nosso dever ser uma cidade antirracista, acolhedora e comprometida com a justi\u00e7a social \u2013 diz o secret\u00e1rio Pedro Paulo. \u2013 A transforma\u00e7\u00e3o do local busca ser uma repara\u00e7\u00e3o \u00e0 fam\u00edlia, uma oportunidade de inser\u00e7\u00e3o socioecon\u00f4mica de refugiados, al\u00e9m de um ponto de transmiss\u00e3o da cultura africana. E um memorial em homenagem a Mo\u00efse Kabagambe representar\u00e1 naquele espa\u00e7o p\u00fablico uma lembran\u00e7a para que n\u00e3o seja f\u00e1cil esquecer e que jamais se repita a barb\u00e1rie que o vitimou.<\/span><\/em><\/p><\/blockquote>\n<p>As oportunidades de emprego ligadas aos dois quiosques dever\u00e3o, tamb\u00e9m, ser oferecidas a refugiados africanos residentes no Rio. Al\u00e9m disso, em parceria com o Sesc\/Senac e com organiza\u00e7\u00f5es sociais, a Prefeitura e a Orla Rio v\u00e3o criar um programa de treinamento e capacita\u00e7\u00e3o para esses imigrantes atuarem no setor de alimenta\u00e7\u00e3o.<\/p>\n<p>As mudan\u00e7as previstas incluem uma reformula\u00e7\u00e3o da arquitetura dos quiosques para que eles se transformem em um espa\u00e7o de celebra\u00e7\u00e3o da cultura do povo africano, tendo ali um ponto de refer\u00eancia com comida t\u00edpica, m\u00fasica e artesanato.<\/p>\n<p>Tanto a concep\u00e7\u00e3o quanto a execu\u00e7\u00e3o do projeto, que inclui um memorial a Mo\u00efse, ser\u00e3o realizadas por profissionais negros e com foco na promo\u00e7\u00e3o e celebra\u00e7\u00e3o da cultura africana. O espa\u00e7o tamb\u00e9m poder\u00e1 ser utilizado para exposi\u00e7\u00e3o de arte e apresenta\u00e7\u00f5es musicais t\u00edpicas, al\u00e9m da realiza\u00e7\u00e3o de feiras de artesanato.<\/p>\n<p>Fonte: Prefeitura do Rio de Janeiro<\/p>\n<div class=\"slider-posts\"><\/div>\n<div class=\"share-area\"><\/div>\n","protected":false},"excerpt":{"rendered":"<p>Fevereiro, 2022 &#8211; Respons\u00e1vel pela gest\u00e3o do contrato de concess\u00e3o de quiosques da orla mar\u00edtima do Rio, a Prefeitura do Rio, por meio da Secretaria Municipal de Fazenda e Planejamento, vai ceder a opera\u00e7\u00e3o de um dos quiosques da Barra da Tijuca \u00e0 fam\u00edlia do congol\u00eas Mo\u00efse Kabagambe, morto no \u00faltimo dia 24 de janeiro. [&hellip;]<\/p>\n","protected":false},"author":1,"featured_media":18585,"comment_status":"open","ping_status":"open","sticky":false,"template":"","format":"standard","meta":{"_uag_custom_page_level_css":"","footnotes":""},"categories":[27],"tags":[23152,23148,23151,23150,23149,10375],"class_list":["post-18584","post","type-post","status-publish","format-standard","has-post-thumbnail","hentry","category-acontece","tag-congo-brasil","tag-familia-do-congoles-moise-kabagambe","tag-oportunidades-para-afrodescendetes","tag-quiosque-barra-da-tijuca-tropicalia","tag-racismo-estrutural","tag-rio-de-janeiro"],"blocksy_meta":[],"spectra_blocks_featured_image_url":{"thumbnail":{"url":"https:\/\/construcaocivil.siriusmarketingedesign.com.br\/wp-content\/uploads\/2022\/02\/AA-MOISES--150x150.jpeg","width":150,"height":150},"medium":{"url":"https:\/\/construcaocivil.siriusmarketingedesign.com.br\/wp-content\/uploads\/2022\/02\/AA-MOISES--300x179.jpeg","width":300,"height":179},"medium_large":{"url":"https:\/\/construcaocivil.siriusmarketingedesign.com.br\/wp-content\/uploads\/2022\/02\/AA-MOISES--768x459.jpeg","width":768,"height":459},"large":{"url":"https:\/\/construcaocivil.siriusmarketingedesign.com.br\/wp-content\/uploads\/2022\/02\/AA-MOISES--1024x612.jpeg","width":1024,"height":612},"full":{"url":"https:\/\/construcaocivil.siriusmarketingedesign.com.br\/wp-content\/uploads\/2022\/02\/AA-MOISES-.jpeg","width":1280,"height":765}},"spectra_blocks_author_info":{"display_name":"Jornal da Constru\u00e7\u00e3o Civil","avatar_url":"https:\/\/secure.gravatar.com\/avatar\/973c9774fd44ddaceb026973c4962faa70fc512bc4c9da68e8ebb40fecee6540?s=96&d=mm&r=g","author_link":"https:\/\/construcaocivil.siriusmarketingedesign.com.br\/?author=1","description":"Desde de 2013, levando muitas informa\u00e7\u00f5es, lan\u00e7amentos e produtos de qualidade para toda cadeia produtiva da constru\u00e7\u00e3o. O Futuro da constru\u00e7\u00e3o passa por aqui,"},"uagb_featured_image_src":{"full":["https:\/\/construcaocivil.siriusmarketingedesign.com.br\/wp-content\/uploads\/2022\/02\/AA-MOISES-.jpeg",1280,765,false],"thumbnail":["https:\/\/construcaocivil.siriusmarketingedesign.com.br\/wp-content\/uploads\/2022\/02\/AA-MOISES--150x150.jpeg",150,150,true],"medium":["https:\/\/construcaocivil.siriusmarketingedesign.com.br\/wp-content\/uploads\/2022\/02\/AA-MOISES--300x179.jpeg",300,179,true],"medium_large":["https:\/\/construcaocivil.siriusmarketingedesign.com.br\/wp-content\/uploads\/2022\/02\/AA-MOISES--768x459.jpeg",768,459,true],"large":["https:\/\/construcaocivil.siriusmarketingedesign.com.br\/wp-content\/uploads\/2022\/02\/AA-MOISES--1024x612.jpeg",1024,612,true],"1536x1536":["https:\/\/construcaocivil.siriusmarketingedesign.com.br\/wp-content\/uploads\/2022\/02\/AA-MOISES-.jpeg",1280,765,false],"2048x2048":["https:\/\/construcaocivil.siriusmarketingedesign.com.br\/wp-content\/uploads\/2022\/02\/AA-MOISES-.jpeg",1280,765,false]},"uagb_author_info":{"display_name":"Jornal da Constru\u00e7\u00e3o Civil","author_link":"https:\/\/construcaocivil.siriusmarketingedesign.com.br\/?author=1"},"uagb_comment_info":0,"uagb_excerpt":"Fevereiro, 2022 &#8211; Respons\u00e1vel pela gest\u00e3o do contrato de concess\u00e3o de quiosques da orla mar\u00edtima do Rio, a Prefeitura do Rio, por meio da Secretaria Municipal de Fazenda e Planejamento, vai ceder a opera\u00e7\u00e3o de um dos quiosques da Barra da Tijuca \u00e0 fam\u00edlia do congol\u00eas Mo\u00efse Kabagambe, morto no \u00faltimo dia 24 de janeiro.&hellip;","_links":{"self":[{"href":"https:\/\/construcaocivil.siriusmarketingedesign.com.br\/index.php?rest_route=\/wp\/v2\/posts\/18584","targetHints":{"allow":["GET"]}}],"collection":[{"href":"https:\/\/construcaocivil.siriusmarketingedesign.com.br\/index.php?rest_route=\/wp\/v2\/posts"}],"about":[{"href":"https:\/\/construcaocivil.siriusmarketingedesign.com.br\/index.php?rest_route=\/wp\/v2\/types\/post"}],"author":[{"embeddable":true,"href":"https:\/\/construcaocivil.siriusmarketingedesign.com.br\/index.php?rest_route=\/wp\/v2\/users\/1"}],"replies":[{"embeddable":true,"href":"https:\/\/construcaocivil.siriusmarketingedesign.com.br\/index.php?rest_route=%2Fwp%2Fv2%2Fcomments&post=18584"}],"version-history":[{"count":0,"href":"https:\/\/construcaocivil.siriusmarketingedesign.com.br\/index.php?rest_route=\/wp\/v2\/posts\/18584\/revisions"}],"wp:featuredmedia":[{"embeddable":true,"href":"https:\/\/construcaocivil.siriusmarketingedesign.com.br\/index.php?rest_route=\/wp\/v2\/media\/18585"}],"wp:attachment":[{"href":"https:\/\/construcaocivil.siriusmarketingedesign.com.br\/index.php?rest_route=%2Fwp%2Fv2%2Fmedia&parent=18584"}],"wp:term":[{"taxonomy":"category","embeddable":true,"href":"https:\/\/construcaocivil.siriusmarketingedesign.com.br\/index.php?rest_route=%2Fwp%2Fv2%2Fcategories&post=18584"},{"taxonomy":"post_tag","embeddable":true,"href":"https:\/\/construcaocivil.siriusmarketingedesign.com.br\/index.php?rest_route=%2Fwp%2Fv2%2Ftags&post=18584"}],"curies":[{"name":"wp","href":"https:\/\/api.w.org\/{rel}","templated":true}]}}