{"id":18596,"date":"2022-02-07T23:37:16","date_gmt":"2022-02-08T02:37:16","guid":{"rendered":"https:\/\/www.jornaldaconstrucaocivil.com.br\/?p=18596"},"modified":"2022-02-08T01:27:46","modified_gmt":"2022-02-08T04:27:46","slug":"cbic-promove-o-encontro-diversidade-em-construcao-nesta-quarta09-com-o-tema-equidade-e-justica-racial-nas-empresa","status":"publish","type":"post","link":"https:\/\/construcaocivil.siriusmarketingedesign.com.br\/?p=18596","title":{"rendered":"CBIC promove o encontro &#8220;Diversidade em Constru\u00e7\u00e3o&#8221;, nesta quarta(09) com o tema: Equidade e Justi\u00e7a Racial nas Empresa."},"content":{"rendered":"<p>Nesta semana, dia 09\/02 (quarta-feira), a Comiss\u00e3o de Responsabilidade Social (CRS\/CBIC) ir\u00e1 promover mais um encontro do projeto &#8220;<strong>Diversidade em Constru\u00e7\u00e3o&#8221;<\/strong>.Desta vez, o tema ser\u00e1: Equidade e Justi\u00e7a Racial nas Empresa.<\/p>\n<p>N\u00e3o perca mais esse encontro. S\u00e3o temas relevantes e atuais da nossa sociedade.<\/p>\n<p><strong>Convidada:\u00a0<\/strong><\/p>\n<p><span class=\"v1ql-color-#132d42\"><strong>Rita de C\u00e1ssia Barros Oliveira<\/strong>\u00a0&#8211;\u00a0<\/span><span class=\"v1ql-color-#172b4d\">Head de Diversidade, Equidade e Inclus\u00e3o &amp; Responsabilidade Social Corporativa na The Walt Disney Company<\/span><\/p>\n<p>Voc\u00ea n\u00e3o pode perder essa palestra incr\u00edvel!<\/p>\n<p>Acesse o link<span style=\"text-decoration: underline;\"><span style=\"color: #0000ff; text-decoration: underline;\"> https:\/\/brasil.cbic.org.br\/lp-diversidade-em-construcao-09-02-2022?utm_campaign=mkt_dna_diversidade_em_construcao_-_0902&amp;utm_medium=email&amp;utm_source=RD+Station<\/span><\/span><\/p>\n","protected":false},"excerpt":{"rendered":"<p>Nesta semana, dia 09\/02 (quarta-feira), a Comiss\u00e3o de Responsabilidade Social (CRS\/CBIC) ir\u00e1 promover mais um encontro do projeto &#8220;Diversidade em Constru\u00e7\u00e3o&#8221;.Desta vez, o tema ser\u00e1: Equidade e Justi\u00e7a Racial nas Empresa. N\u00e3o perca mais esse encontro. S\u00e3o temas relevantes e atuais da nossa sociedade. Convidada:\u00a0 Rita de C\u00e1ssia Barros Oliveira\u00a0&#8211;\u00a0Head de Diversidade, Equidade e Inclus\u00e3o [&hellip;]<\/p>\n","protected":false},"author":1,"featured_media":18595,"comment_status":"open","ping_status":"open","sticky":false,"template":"","format":"standard","meta":{"_uag_custom_page_level_css":"","footnotes":""},"categories":[27],"tags":[2029,2826,23161,23162,23159,7527,23160],"class_list":["post-18596","post","type-post","status-publish","format-standard","has-post-thumbnail","hentry","category-acontece","tag-cbic","tag-construcao-civil","tag-diversidade-em-construcao","tag-empregabilidade-da-populacao-negra","tag-equidade-e-justica-racial","tag-mercado-de-trabalho","tag-racismo-estrutural-nas-empresas"],"blocksy_meta":[],"spectra_blocks_featured_image_url":{"thumbnail":{"url":"https:\/\/construcaocivil.siriusmarketingedesign.com.br\/wp-content\/uploads\/2022\/02\/CBIC-DIVERSIDADE-Brasil-22-150x150.png","width":150,"height":150},"medium":{"url":"https:\/\/construcaocivil.siriusmarketingedesign.com.br\/wp-content\/uploads\/2022\/02\/CBIC-DIVERSIDADE-Brasil-22-300x168.png","width":300,"height":168},"medium_large":{"url":"https:\/\/construcaocivil.siriusmarketingedesign.com.br\/wp-content\/uploads\/2022\/02\/CBIC-DIVERSIDADE-Brasil-22.png","width":500,"height":280},"large":{"url":"https:\/\/construcaocivil.siriusmarketingedesign.com.br\/wp-content\/uploads\/2022\/02\/CBIC-DIVERSIDADE-Brasil-22.png","width":500,"height":280},"full":{"url":"https:\/\/construcaocivil.siriusmarketingedesign.com.br\/wp-content\/uploads\/2022\/02\/CBIC-DIVERSIDADE-Brasil-22.png","width":500,"height":280}},"spectra_blocks_author_info":{"display_name":"Jornal da Constru\u00e7\u00e3o Civil","avatar_url":"https:\/\/secure.gravatar.com\/avatar\/973c9774fd44ddaceb026973c4962faa70fc512bc4c9da68e8ebb40fecee6540?s=96&d=mm&r=g","author_link":"https:\/\/construcaocivil.siriusmarketingedesign.com.br\/?author=1","description":"Desde de 2013, levando muitas informa\u00e7\u00f5es, lan\u00e7amentos e produtos de qualidade para toda cadeia produtiva da constru\u00e7\u00e3o. O Futuro da constru\u00e7\u00e3o passa por aqui,"},"uagb_featured_image_src":{"full":["https:\/\/construcaocivil.siriusmarketingedesign.com.br\/wp-content\/uploads\/2022\/02\/CBIC-DIVERSIDADE-Brasil-22.png",500,280,false],"thumbnail":["https:\/\/construcaocivil.siriusmarketingedesign.com.br\/wp-content\/uploads\/2022\/02\/CBIC-DIVERSIDADE-Brasil-22-150x150.png",150,150,true],"medium":["https:\/\/construcaocivil.siriusmarketingedesign.com.br\/wp-content\/uploads\/2022\/02\/CBIC-DIVERSIDADE-Brasil-22-300x168.png",300,168,true],"medium_large":["https:\/\/construcaocivil.siriusmarketingedesign.com.br\/wp-content\/uploads\/2022\/02\/CBIC-DIVERSIDADE-Brasil-22.png",500,280,false],"large":["https:\/\/construcaocivil.siriusmarketingedesign.com.br\/wp-content\/uploads\/2022\/02\/CBIC-DIVERSIDADE-Brasil-22.png",500,280,false],"1536x1536":["https:\/\/construcaocivil.siriusmarketingedesign.com.br\/wp-content\/uploads\/2022\/02\/CBIC-DIVERSIDADE-Brasil-22.png",500,280,false],"2048x2048":["https:\/\/construcaocivil.siriusmarketingedesign.com.br\/wp-content\/uploads\/2022\/02\/CBIC-DIVERSIDADE-Brasil-22.png",500,280,false]},"uagb_author_info":{"display_name":"Jornal da Constru\u00e7\u00e3o Civil","author_link":"https:\/\/construcaocivil.siriusmarketingedesign.com.br\/?author=1"},"uagb_comment_info":0,"uagb_excerpt":"Nesta semana, dia 09\/02 (quarta-feira), a Comiss\u00e3o de Responsabilidade Social (CRS\/CBIC) ir\u00e1 promover mais um encontro do projeto &#8220;Diversidade em Constru\u00e7\u00e3o&#8221;.Desta vez, o tema ser\u00e1: Equidade e Justi\u00e7a Racial nas Empresa. N\u00e3o perca mais esse encontro. S\u00e3o temas relevantes e atuais da nossa sociedade. Convidada:\u00a0 Rita de C\u00e1ssia Barros Oliveira\u00a0&#8211;\u00a0Head de Diversidade, Equidade e Inclus\u00e3o&hellip;","_links":{"self":[{"href":"https:\/\/construcaocivil.siriusmarketingedesign.com.br\/index.php?rest_route=\/wp\/v2\/posts\/18596","targetHints":{"allow":["GET"]}}],"collection":[{"href":"https:\/\/construcaocivil.siriusmarketingedesign.com.br\/index.php?rest_route=\/wp\/v2\/posts"}],"about":[{"href":"https:\/\/construcaocivil.siriusmarketingedesign.com.br\/index.php?rest_route=\/wp\/v2\/types\/post"}],"author":[{"embeddable":true,"href":"https:\/\/construcaocivil.siriusmarketingedesign.com.br\/index.php?rest_route=\/wp\/v2\/users\/1"}],"replies":[{"embeddable":true,"href":"https:\/\/construcaocivil.siriusmarketingedesign.com.br\/index.php?rest_route=%2Fwp%2Fv2%2Fcomments&post=18596"}],"version-history":[{"count":0,"href":"https:\/\/construcaocivil.siriusmarketingedesign.com.br\/index.php?rest_route=\/wp\/v2\/posts\/18596\/revisions"}],"wp:featuredmedia":[{"embeddable":true,"href":"https:\/\/construcaocivil.siriusmarketingedesign.com.br\/index.php?rest_route=\/wp\/v2\/media\/18595"}],"wp:attachment":[{"href":"https:\/\/construcaocivil.siriusmarketingedesign.com.br\/index.php?rest_route=%2Fwp%2Fv2%2Fmedia&parent=18596"}],"wp:term":[{"taxonomy":"category","embeddable":true,"href":"https:\/\/construcaocivil.siriusmarketingedesign.com.br\/index.php?rest_route=%2Fwp%2Fv2%2Fcategories&post=18596"},{"taxonomy":"post_tag","embeddable":true,"href":"https:\/\/construcaocivil.siriusmarketingedesign.com.br\/index.php?rest_route=%2Fwp%2Fv2%2Ftags&post=18596"}],"curies":[{"name":"wp","href":"https:\/\/api.w.org\/{rel}","templated":true}]}}