{"id":18600,"date":"2022-02-08T12:45:07","date_gmt":"2022-02-08T15:45:07","guid":{"rendered":"https:\/\/www.jornaldaconstrucaocivil.com.br\/?p=18600"},"modified":"2022-02-08T12:45:07","modified_gmt":"2022-02-08T15:45:07","slug":"brasil-e-alemanha-renovam-parceria-para-fortalecimento-do-varejo-de-material-de-construcao","status":"publish","type":"post","link":"https:\/\/construcaocivil.siriusmarketingedesign.com.br\/?p=18600","title":{"rendered":"Brasil e Alemanha renovam parceria para fortalecimento do varejo de material de constru\u00e7\u00e3o"},"content":{"rendered":"<p style=\"text-align: justify;\">Fevereiro, 2022 &#8211; A alian\u00e7a entre a Federa\u00e7\u00e3o Brasileira de Redes Associativas de Materiais de Constru\u00e7\u00e3o (Febramat) e a Alemanha para desenvolver o associativismo no Brasil, por meio da parceria com a entidade alem\u00e3 Der Mittelstandsverbund ZGV, foi renovada por mais tr\u00eas anos, prometendo um novo est\u00e1gio de a\u00e7\u00f5es.\n<\/p>\n<p style=\"text-align: justify;\">A uni\u00e3o teve in\u00edcio em 2018 e foi intitulada &#8220;Vamos!&#8221;. Agora a parceria foi renovada, a partir de uma aprofundada auditoria das a\u00e7\u00f5es j\u00e1 realizadas, que comprovaram os resultados. Essa nova etapa do projeto teve in\u00edcio em 1\u00ba de novembro de 2021 e vai at\u00e9 31 de outubro de 2024, sendo financiado pelo governo da Alemanha, por meio do Minist\u00e9rio Federal de Coopera\u00e7\u00e3o Econ\u00f4mica e Desenvolvimento (BMZ).\n<\/p>\n<p style=\"text-align: justify;\">&#8220;\u00c9 muito importante essa parceria, pois traz para o Brasil uma tradi\u00e7\u00e3o de mais de 150 anos de associativismo, mostrando como ele \u00e9 uma grande solu\u00e7\u00e3o para pequenas e m\u00e9dias empresas se tornarem mais fortes, o que tamb\u00e9m proporciona maior for\u00e7a para economia como um todo. Na Alemanha se tem a vis\u00e3o de que isso n\u00e3o deve ficar limitado a um pa\u00eds, podendo existir em outros lugares, por isso dessa relevante parceria que visa fortalecer esse modelo econ\u00f4mico&#8221;, explica Clarissa Beckert-Schmid, respons\u00e1vel pelo gerenciamento do projeto.\n<\/p>\n<p style=\"text-align: justify;\">Neste novo momento da parceria ser\u00e3o fortalecidas a\u00e7\u00f5es que j\u00e1 estavam em desenvolvimento e ser\u00e3o iniciadas novas a\u00e7\u00f5es. Um primeiro evento para isso ser\u00e1 um workshop presencial planejado para janeiro, para criar ainda mais uma base s\u00f3lida de confian\u00e7a. Al\u00e9m disso, a parceria deve focar na busca de levar a sustentabilidade para dentro das redes.\n<\/p>\n<p style=\"text-align: justify;\">&#8220;Temos muitos objetivos, primeiramente queremos tra\u00e7ar detalhadamente onde queremos chegar, tamb\u00e9m queremos que a sustentabilidade seja uma realidade cada vez maior dentro das redes e que essas sejam multiplicadoras desse conceito. Tamb\u00e9m vemos a import\u00e2ncia de um caminho para a digitaliza\u00e7\u00e3o, enfim, s\u00e3o muitos os caminhos comuns e buscaremos as melhores respostas&#8221;, analisa Clarissa Beckert-Schmid.\n<\/p>\n<p style=\"text-align: justify;\">O projeto Vamos objetiva com essas a\u00e7\u00f5es proporcionar o fortalecimento da Febramat, criar empregos, al\u00e9m de capacitar jovens e criar um ambiente empresarial e concorrencial saud\u00e1vel, tendo assim um impacto na sociedade como um todo.\n<\/p>\n<p style=\"text-align: justify;\">Clarissa Beckert-Schmid lembra que iniciativas de sustentabilidade j\u00e1 existem na associa\u00e7\u00e3o alem\u00e3, tendo assim como trazer a experi\u00eancia alem\u00e3 para uma maior efici\u00eancia de projetos a serem desenvolvidos aqui no Brasil com \u00eanfase no corte de emiss\u00f5es a partir das atividades log\u00edsticas otimizadas ou ainda com a potencializa\u00e7\u00e3o dos recursos.\n<\/p>\n<p style=\"text-align: justify;\">S\u00e3o muitos os pontos que podem servir de inspira\u00e7\u00e3o e o principal benef\u00edcio desse tipo de projeto \u00e9 que aproxima pessoas e proporciona neg\u00f3cios. Os resultados esperados com a parceria s\u00e3o o comprometimento, o fortalecimento da Febramat e das redes e uma melhoria para todo o ambiente empresarial brasileiro.<\/p>\n","protected":false},"excerpt":{"rendered":"<p>Fevereiro, 2022 &#8211; A alian\u00e7a entre a Federa\u00e7\u00e3o Brasileira de Redes Associativas de Materiais de Constru\u00e7\u00e3o (Febramat) e a Alemanha para desenvolver o associativismo no Brasil, por meio da parceria com a entidade alem\u00e3 Der Mittelstandsverbund ZGV, foi renovada por mais tr\u00eas anos, prometendo um novo est\u00e1gio de a\u00e7\u00f5es. A uni\u00e3o teve in\u00edcio em 2018 [&hellip;]<\/p>\n","protected":false},"author":1,"featured_media":18601,"comment_status":"open","ping_status":"open","sticky":false,"template":"","format":"standard","meta":{"_uag_custom_page_level_css":"","footnotes":""},"categories":[12591],"tags":[23166,23165,23163,23167,23164],"class_list":["post-18600","post","type-post","status-publish","format-standard","has-post-thumbnail","hentry","category-produtos","tag-brasil-e-alemanha-juntos-na-construcao","tag-der-mittelstandsverbund-zgv","tag-febramat","tag-redes-associativas-de-materiais-de-construcao","tag-varejo-e-lojas-de-material-de-construcao"],"blocksy_meta":[],"spectra_blocks_featured_image_url":{"thumbnail":{"url":"https:\/\/construcaocivil.siriusmarketingedesign.com.br\/wp-content\/uploads\/2022\/02\/ARGAMASSA-150x150.jpg","width":150,"height":150},"medium":{"url":"https:\/\/construcaocivil.siriusmarketingedesign.com.br\/wp-content\/uploads\/2022\/02\/ARGAMASSA-300x225.jpg","width":300,"height":225},"medium_large":{"url":"https:\/\/construcaocivil.siriusmarketingedesign.com.br\/wp-content\/uploads\/2022\/02\/ARGAMASSA-768x576.jpg","width":768,"height":576},"large":{"url":"https:\/\/construcaocivil.siriusmarketingedesign.com.br\/wp-content\/uploads\/2022\/02\/ARGAMASSA-1024x768.jpg","width":1024,"height":768},"full":{"url":"https:\/\/construcaocivil.siriusmarketingedesign.com.br\/wp-content\/uploads\/2022\/02\/ARGAMASSA-scaled.jpg","width":2560,"height":1919}},"spectra_blocks_author_info":{"display_name":"Jornal da Constru\u00e7\u00e3o Civil","avatar_url":"https:\/\/secure.gravatar.com\/avatar\/973c9774fd44ddaceb026973c4962faa70fc512bc4c9da68e8ebb40fecee6540?s=96&d=mm&r=g","author_link":"https:\/\/construcaocivil.siriusmarketingedesign.com.br\/?author=1","description":"Desde de 2013, levando muitas informa\u00e7\u00f5es, lan\u00e7amentos e produtos de qualidade para toda cadeia produtiva da constru\u00e7\u00e3o. O Futuro da constru\u00e7\u00e3o passa por aqui,"},"uagb_featured_image_src":{"full":["https:\/\/construcaocivil.siriusmarketingedesign.com.br\/wp-content\/uploads\/2022\/02\/ARGAMASSA-scaled.jpg",2560,1919,false],"thumbnail":["https:\/\/construcaocivil.siriusmarketingedesign.com.br\/wp-content\/uploads\/2022\/02\/ARGAMASSA-150x150.jpg",150,150,true],"medium":["https:\/\/construcaocivil.siriusmarketingedesign.com.br\/wp-content\/uploads\/2022\/02\/ARGAMASSA-300x225.jpg",300,225,true],"medium_large":["https:\/\/construcaocivil.siriusmarketingedesign.com.br\/wp-content\/uploads\/2022\/02\/ARGAMASSA-768x576.jpg",768,576,true],"large":["https:\/\/construcaocivil.siriusmarketingedesign.com.br\/wp-content\/uploads\/2022\/02\/ARGAMASSA-1024x768.jpg",1024,768,true],"1536x1536":["https:\/\/construcaocivil.siriusmarketingedesign.com.br\/wp-content\/uploads\/2022\/02\/ARGAMASSA-1536x1152.jpg",1536,1152,true],"2048x2048":["https:\/\/construcaocivil.siriusmarketingedesign.com.br\/wp-content\/uploads\/2022\/02\/ARGAMASSA-2048x1535.jpg",2048,1535,true]},"uagb_author_info":{"display_name":"Jornal da Constru\u00e7\u00e3o Civil","author_link":"https:\/\/construcaocivil.siriusmarketingedesign.com.br\/?author=1"},"uagb_comment_info":0,"uagb_excerpt":"Fevereiro, 2022 &#8211; A alian\u00e7a entre a Federa\u00e7\u00e3o Brasileira de Redes Associativas de Materiais de Constru\u00e7\u00e3o (Febramat) e a Alemanha para desenvolver o associativismo no Brasil, por meio da parceria com a entidade alem\u00e3 Der Mittelstandsverbund ZGV, foi renovada por mais tr\u00eas anos, prometendo um novo est\u00e1gio de a\u00e7\u00f5es. A uni\u00e3o teve in\u00edcio em 2018&hellip;","_links":{"self":[{"href":"https:\/\/construcaocivil.siriusmarketingedesign.com.br\/index.php?rest_route=\/wp\/v2\/posts\/18600","targetHints":{"allow":["GET"]}}],"collection":[{"href":"https:\/\/construcaocivil.siriusmarketingedesign.com.br\/index.php?rest_route=\/wp\/v2\/posts"}],"about":[{"href":"https:\/\/construcaocivil.siriusmarketingedesign.com.br\/index.php?rest_route=\/wp\/v2\/types\/post"}],"author":[{"embeddable":true,"href":"https:\/\/construcaocivil.siriusmarketingedesign.com.br\/index.php?rest_route=\/wp\/v2\/users\/1"}],"replies":[{"embeddable":true,"href":"https:\/\/construcaocivil.siriusmarketingedesign.com.br\/index.php?rest_route=%2Fwp%2Fv2%2Fcomments&post=18600"}],"version-history":[{"count":0,"href":"https:\/\/construcaocivil.siriusmarketingedesign.com.br\/index.php?rest_route=\/wp\/v2\/posts\/18600\/revisions"}],"wp:featuredmedia":[{"embeddable":true,"href":"https:\/\/construcaocivil.siriusmarketingedesign.com.br\/index.php?rest_route=\/wp\/v2\/media\/18601"}],"wp:attachment":[{"href":"https:\/\/construcaocivil.siriusmarketingedesign.com.br\/index.php?rest_route=%2Fwp%2Fv2%2Fmedia&parent=18600"}],"wp:term":[{"taxonomy":"category","embeddable":true,"href":"https:\/\/construcaocivil.siriusmarketingedesign.com.br\/index.php?rest_route=%2Fwp%2Fv2%2Fcategories&post=18600"},{"taxonomy":"post_tag","embeddable":true,"href":"https:\/\/construcaocivil.siriusmarketingedesign.com.br\/index.php?rest_route=%2Fwp%2Fv2%2Ftags&post=18600"}],"curies":[{"name":"wp","href":"https:\/\/api.w.org\/{rel}","templated":true}]}}