{"id":18630,"date":"2022-02-11T00:36:09","date_gmt":"2022-02-11T03:36:09","guid":{"rendered":"https:\/\/www.jornaldaconstrucaocivil.com.br\/?p=18630"},"modified":"2022-02-11T00:36:09","modified_gmt":"2022-02-11T03:36:09","slug":"a-diversidade-e-fundamental-para-os-negocios-diz-head-da-disney","status":"publish","type":"post","link":"https:\/\/construcaocivil.siriusmarketingedesign.com.br\/?p=18630","title":{"rendered":"\u201cA diversidade \u00e9 fundamental para os neg\u00f3cios\u201d, diz head da Disney"},"content":{"rendered":"<p style=\"text-align: justify;\"><span style=\"color: #993300;\">Fevereiro<\/span>, 2022 &#8211; A Comiss\u00e3o de Responsabilidade Social (CRS) da C\u00e2mara Brasileira da Ind\u00fastria da Constru\u00e7\u00e3o (CBIC), realizou, nesta quarta (9), o projeto <em><span style=\"color: #0000ff;\">\u201cDiversidade em Constru\u00e7\u00e3o\u201d que abordou o tema \u201cEquidade e Justi\u00e7a Racial nas Empresas\u201d.<\/span><\/em> A convidada escolhida para debater esse tema de tamanha relev\u00e2ncia foi a head de Diversidade, Equidade e Inclus\u00e3o &amp; Responsabilidade Social Corporativa na The Walt Disney Company, Rita de C\u00e1ssia Barros Oliveira. O evento discutiu a import\u00e2ncia da equidade dentro das institui\u00e7\u00f5es e trouxe como exemplo o posicionamento da empresa <i>The Walt Disney Company<\/i>, que tem se destacado, ainda mais, nos \u00faltimos anos por focar\u00a0 seus projetos na diversidade e inclus\u00e3o.<\/p>\n<p style=\"text-align: justify;\">\u201cA empresa percebeu que, ap\u00f3s a morte brutal de George Floyd, em 2020, o tema ganhou mais for\u00e7a e visibilidade. Foi entendido que havia necessidade de uma lideran\u00e7a para trabalhar o tema, n\u00e3o apenas na quest\u00e3o social, mas tamb\u00e9m na estrat\u00e9gia do neg\u00f3cio. E a equidade racial virou uma prioridade para a empresa.\u201d, disse Rita de Oliveira.<\/p>\n<p style=\"text-align: justify;\">Segundo ela, a diversidade \u00e9 fundamental para os neg\u00f3cios. A empresa que n\u00e3o est\u00e1 alinhada, e n\u00e3o considera a diversidade na sua estrat\u00e9gia de neg\u00f3cio, n\u00e3o vai avan\u00e7ar. N\u00e3o existe concorr\u00eancia em diversidade e inclus\u00e3o, existe colabora\u00e7\u00e3o.\u201d, concluiu.<\/p>\n<p style=\"text-align: justify;\">O mundo tem se mobilizado para trabalhar o tema, n\u00e3o s\u00f3 da equidade racial mas todos os tipos de inclus\u00e3o e diversidade. De acordo com a presidente da CRS, Ana Claudia Gomes, \u201ca equidade, seja ela racial, de g\u00eanero, \u00e9 um tema pro mundo, \u00e9 um tema urgente! \u00c9 preciso construir uma sociedade mais justa e inclusiva\u201d, apontou.<\/p>\n<p style=\"text-align: justify;\">Durante o debate, a palestrante destacou a iniciativa do projeto MOVER, movimento voltado \u00e0 equidade racial, que tem como objetivo unir for\u00e7as para combater de forma efetiva o racismo e garantir oportunidades justas para todos, principalmente nas institui\u00e7\u00f5es.<\/p>\n<p style=\"text-align: justify;\">A a\u00e7\u00e3o, j\u00e1 reuniu mais de 40 grandes empresas, entre elas: Alcoa, Aliansce Sonae, Align, Ambev, Americanas, Arcos Dorados (Mc Donald\u2019s), Atento, Bain &amp; Company, BRF, Cargill, Coca-Cola Brasil, Colgate-Palmolive, CSN, Danone, Descomplica, DHL, Diageo, Disney, EF, General Mills, Gerdau, GPA, Grupo Carrefour Brasil, Heineken, JBS, Kellogg\u2019s, Klabin, Kraft Heinz, L\u2019Or\u00e9al Brasil, Lojas Renner, Magazine Luiza, Manserv, Marfrig, Mars, Michelin, Mondel\u00ebz, Moove, Nestl\u00e9, Grupo Botic\u00e1rio, Pepsico, Petz, Sodexo, Tenda, Vale e Via (ex-Via Varejo).\u00a0<b><span style=\"color: #0000ff;\"><a style=\"color: #0000ff;\" href=\"https:\/\/somosmover.org\/\">Clique aqui e saiba mais sobre o projeto!<\/a><\/span>\u00a0<\/b><\/p>\n<p style=\"text-align: justify;\"><strong>O projeto tem tr\u00eas principais compromissos:\u00a0<\/strong><\/p>\n<ul style=\"text-align: justify;\">\n<li>Promover 10 mil cargos de lideran\u00e7a para\u00a0 pessoas negras at\u00e9 2030.<\/li>\n<li>Empregar e capacitar atrav\u00e9s de oportunidades que equilibram a visibilidade dos profissionais negros.<\/li>\n<li>Conscientizar a popula\u00e7\u00e3o sobre o tema, trazendo conte\u00fados diversos e relevantes.<\/li>\n<\/ul>\n<p style=\"text-align: justify;\">\u201cEsse trabalho ainda est\u00e1 sendo desenvolvido, mas tem um potencial muito grande, e as maiores empresas do mercado est\u00e3o unidas para que essa engrenagem funcione\u201d, afirmou a palestrante.<\/p>\n<p style=\"text-align: justify;\">Al\u00e9m da equidade racial, que \u00e9 prioridade para a Disney, Rita afirmou que trabalha os temas de g\u00eanero, lideran\u00e7a feminina, empoderamento de meninas e meninas na ci\u00eancia, transgeneridade, LGBTQIA+, viol\u00eancia de g\u00eanero. \u201cTudo o que envolve nosso colaborador e o p\u00fablico, s\u00e3o temas que devemos trazer para discuss\u00e3o como forma de incluir e sabendo o tanto que isso impacta o neg\u00f3cio\u201d, disse.<\/p>\n<p style=\"text-align: justify;\">O evento tem interface com o projeto \u201cDesenvolvimento de Lideran\u00e7as\u201d da CRS\/CBIC, com a correaliza\u00e7\u00e3o do Servi\u00e7o Social da Ind\u00fastria (Sesi Nacional).<\/p>\n<p>Fonte: CBIC<\/p>\n","protected":false},"excerpt":{"rendered":"<p>Fevereiro, 2022 &#8211; A Comiss\u00e3o de Responsabilidade Social (CRS) da C\u00e2mara Brasileira da Ind\u00fastria da Constru\u00e7\u00e3o (CBIC), realizou, nesta quarta (9), o projeto \u201cDiversidade em Constru\u00e7\u00e3o\u201d que abordou o tema \u201cEquidade e Justi\u00e7a Racial nas Empresas\u201d. A convidada escolhida para debater esse tema de tamanha relev\u00e2ncia foi a head de Diversidade, Equidade e Inclus\u00e3o &amp; [&hellip;]<\/p>\n","protected":false},"author":1,"featured_media":18631,"comment_status":"open","ping_status":"open","sticky":false,"template":"","format":"standard","meta":{"_uag_custom_page_level_css":"","footnotes":""},"categories":[27],"tags":[2029,23193,23161,23190,23191,23192,23149],"class_list":["post-18630","post","type-post","status-publish","format-standard","has-post-thumbnail","hentry","category-acontece","tag-cbic","tag-construcao-do-futuro-oportunidades-para-todos","tag-diversidade-em-construcao","tag-equidade-racial","tag-oportunidades-no-mercado-de-trabalho","tag-qualificaao-profissional","tag-racismo-estrutural"],"blocksy_meta":[],"spectra_blocks_featured_image_url":{"thumbnail":{"url":"https:\/\/construcaocivil.siriusmarketingedesign.com.br\/wp-content\/uploads\/2022\/02\/BRASIL-PLURAL-CBIC-150x150.png","width":150,"height":150},"medium":{"url":"https:\/\/construcaocivil.siriusmarketingedesign.com.br\/wp-content\/uploads\/2022\/02\/BRASIL-PLURAL-CBIC-300x170.png","width":300,"height":170},"medium_large":{"url":"https:\/\/construcaocivil.siriusmarketingedesign.com.br\/wp-content\/uploads\/2022\/02\/BRASIL-PLURAL-CBIC-768x435.png","width":768,"height":435},"large":{"url":"https:\/\/construcaocivil.siriusmarketingedesign.com.br\/wp-content\/uploads\/2022\/02\/BRASIL-PLURAL-CBIC-1024x580.png","width":1024,"height":580},"full":{"url":"https:\/\/construcaocivil.siriusmarketingedesign.com.br\/wp-content\/uploads\/2022\/02\/BRASIL-PLURAL-CBIC.png","width":1730,"height":980}},"spectra_blocks_author_info":{"display_name":"Jornal da Constru\u00e7\u00e3o Civil","avatar_url":"https:\/\/secure.gravatar.com\/avatar\/973c9774fd44ddaceb026973c4962faa70fc512bc4c9da68e8ebb40fecee6540?s=96&d=mm&r=g","author_link":"https:\/\/construcaocivil.siriusmarketingedesign.com.br\/?author=1","description":"Desde de 2013, levando muitas informa\u00e7\u00f5es, lan\u00e7amentos e produtos de qualidade para toda cadeia produtiva da constru\u00e7\u00e3o. O Futuro da constru\u00e7\u00e3o passa por aqui,"},"uagb_featured_image_src":{"full":["https:\/\/construcaocivil.siriusmarketingedesign.com.br\/wp-content\/uploads\/2022\/02\/BRASIL-PLURAL-CBIC.png",1730,980,false],"thumbnail":["https:\/\/construcaocivil.siriusmarketingedesign.com.br\/wp-content\/uploads\/2022\/02\/BRASIL-PLURAL-CBIC-150x150.png",150,150,true],"medium":["https:\/\/construcaocivil.siriusmarketingedesign.com.br\/wp-content\/uploads\/2022\/02\/BRASIL-PLURAL-CBIC-300x170.png",300,170,true],"medium_large":["https:\/\/construcaocivil.siriusmarketingedesign.com.br\/wp-content\/uploads\/2022\/02\/BRASIL-PLURAL-CBIC-768x435.png",768,435,true],"large":["https:\/\/construcaocivil.siriusmarketingedesign.com.br\/wp-content\/uploads\/2022\/02\/BRASIL-PLURAL-CBIC-1024x580.png",1024,580,true],"1536x1536":["https:\/\/construcaocivil.siriusmarketingedesign.com.br\/wp-content\/uploads\/2022\/02\/BRASIL-PLURAL-CBIC-1536x870.png",1536,870,true],"2048x2048":["https:\/\/construcaocivil.siriusmarketingedesign.com.br\/wp-content\/uploads\/2022\/02\/BRASIL-PLURAL-CBIC.png",1730,980,false]},"uagb_author_info":{"display_name":"Jornal da Constru\u00e7\u00e3o Civil","author_link":"https:\/\/construcaocivil.siriusmarketingedesign.com.br\/?author=1"},"uagb_comment_info":0,"uagb_excerpt":"Fevereiro, 2022 &#8211; A Comiss\u00e3o de Responsabilidade Social (CRS) da C\u00e2mara Brasileira da Ind\u00fastria da Constru\u00e7\u00e3o (CBIC), realizou, nesta quarta (9), o projeto \u201cDiversidade em Constru\u00e7\u00e3o\u201d que abordou o tema \u201cEquidade e Justi\u00e7a Racial nas Empresas\u201d. A convidada escolhida para debater esse tema de tamanha relev\u00e2ncia foi a head de Diversidade, Equidade e Inclus\u00e3o &amp;&hellip;","_links":{"self":[{"href":"https:\/\/construcaocivil.siriusmarketingedesign.com.br\/index.php?rest_route=\/wp\/v2\/posts\/18630","targetHints":{"allow":["GET"]}}],"collection":[{"href":"https:\/\/construcaocivil.siriusmarketingedesign.com.br\/index.php?rest_route=\/wp\/v2\/posts"}],"about":[{"href":"https:\/\/construcaocivil.siriusmarketingedesign.com.br\/index.php?rest_route=\/wp\/v2\/types\/post"}],"author":[{"embeddable":true,"href":"https:\/\/construcaocivil.siriusmarketingedesign.com.br\/index.php?rest_route=\/wp\/v2\/users\/1"}],"replies":[{"embeddable":true,"href":"https:\/\/construcaocivil.siriusmarketingedesign.com.br\/index.php?rest_route=%2Fwp%2Fv2%2Fcomments&post=18630"}],"version-history":[{"count":0,"href":"https:\/\/construcaocivil.siriusmarketingedesign.com.br\/index.php?rest_route=\/wp\/v2\/posts\/18630\/revisions"}],"wp:featuredmedia":[{"embeddable":true,"href":"https:\/\/construcaocivil.siriusmarketingedesign.com.br\/index.php?rest_route=\/wp\/v2\/media\/18631"}],"wp:attachment":[{"href":"https:\/\/construcaocivil.siriusmarketingedesign.com.br\/index.php?rest_route=%2Fwp%2Fv2%2Fmedia&parent=18630"}],"wp:term":[{"taxonomy":"category","embeddable":true,"href":"https:\/\/construcaocivil.siriusmarketingedesign.com.br\/index.php?rest_route=%2Fwp%2Fv2%2Fcategories&post=18630"},{"taxonomy":"post_tag","embeddable":true,"href":"https:\/\/construcaocivil.siriusmarketingedesign.com.br\/index.php?rest_route=%2Fwp%2Fv2%2Ftags&post=18630"}],"curies":[{"name":"wp","href":"https:\/\/api.w.org\/{rel}","templated":true}]}}