{"id":18642,"date":"2022-02-12T12:37:50","date_gmt":"2022-02-12T15:37:50","guid":{"rendered":"https:\/\/www.jornaldaconstrucaocivil.com.br\/?p=18642"},"modified":"2022-02-12T12:37:50","modified_gmt":"2022-02-12T15:37:50","slug":"em-janeiro-valor-medio-da-cesta-basica-aumenta-em-ate-45-em-7-cidades","status":"publish","type":"post","link":"https:\/\/construcaocivil.siriusmarketingedesign.com.br\/?p=18642","title":{"rendered":"Em Janeiro, valor m\u00e9dio da Cesta B\u00e1sica aumenta em at\u00e9 4,5% em 7 cidades"},"content":{"rendered":"<p><span style=\"color: #993300;\">Fevereiro<\/span>, 2022 &#8211; O valor m\u00e9dio da cesta de consumo b\u00e1sica de alimentos de janeiro aumentou em rela\u00e7\u00e3o ao m\u00eas anterior em sete das oito capitais analisadas mensalmente pela <span style=\"color: #0000ff;\"><a style=\"color: #0000ff;\" href=\"https:\/\/enviosinbound.com\/link.php?code=bDpodHRwcyUzQSUyRiUyRmNlc3RhY29uc3Vtby5laG9ydXMuY29tLmJyJTJGOjE4NjMyMzQwMDk6d2Vib2JyYXNAZ21haWwuY29tOjZhNDI5MQ==\" target=\"_blank\" rel=\"noopener\" data-saferedirecturl=\"https:\/\/www.google.com\/url?q=https:\/\/enviosinbound.com\/link.php?code%3DbDpodHRwcyUzQSUyRiUyRmNlc3RhY29uc3Vtby5laG9ydXMuY29tLmJyJTJGOjE4NjMyMzQwMDk6d2Vib2JyYXNAZ21haWwuY29tOjZhNDI5MQ%3D%3D&amp;source=gmail&amp;ust=1644760402515000&amp;usg=AOvVaw0O_lephGM3nHN9pKLKkLxL\">plataforma Cesta de Consumo HORUS &amp; FGV IBRE<\/a>, rec\u00e9m-lan\u00e7ada.<\/span><\/p>\n<p>As maiores altas foram registradas em Belo Horizonte (4,5%), Curitiba (3,9%) e Salvador (1,8%), em rela\u00e7\u00e3o aos valores de dezembro\/21. Fortaleza apresentou leve retra\u00e7\u00e3o de 0,4% no valor total da cesta b\u00e1sica enquanto Bras\u00edlia ficou praticamente est\u00e1vel em rela\u00e7\u00e3o ao m\u00eas anterior (0,1%).<br \/>\nOs produtos que mais contribu\u00edram para o aumento do valor da cesta b\u00e1sica de Belo Horizonte foram legumes (20,3%), carne bovina (6,8%) e frutas (6,1%) enquanto em Fortaleza a redu\u00e7\u00e3o deveu-se \u00e0 queda no pre\u00e7o de carne bovina (-6,2%), Ovos (-3,0%) e P\u00e3o (-1,8%).<br \/>\nA cesta mais cara foi a do Rio de Janeiro (R\uff04 818,10), seguida pelas de S\u00e3o Paulo (R\uff04 776,12) e Fortaleza (R\uff04 690,59). Por outro lado, as capitais Belo Horizonte (R\uff04 544,01), Manaus (R\uff04 588,87) e Bras\u00edlia (R\uff04 634,12) registraram os menores valores.<\/p>\n<p><span style=\"color: #000080;\"><strong>Tabela 1<\/strong>\u00a0&#8212; Valores da Cesta de Consumo b\u00e1sica por capital em Janeiro\/22<\/span><\/p>\n<p>&nbsp;<\/p>\n<table class=\"m_-6092512925384627665table\" width=\"\" align=\"center\">\n<tbody>\n<tr>\n<td>\n<table class=\"m_-6092512925384627665looset\">\n<tbody>\n<tr>\n<td colspan=\"4\"><span style=\"color: #ff0000;\"><strong>Cesta B\u00e1sica<\/strong><\/span><\/td>\n<\/tr>\n<tr>\n<td><strong>Capital<\/strong><\/td>\n<td><strong>Valor M\u00e9dio Dez\/21<\/strong><\/td>\n<td><strong>Valor M\u00e9dio Jan\/22<\/strong><\/td>\n<td><strong>Varia\u00e7\u00e3o<\/strong><\/td>\n<\/tr>\n<tr>\n<td>Fortaleza<\/td>\n<td>693,47<\/td>\n<td>690,59<\/td>\n<td>-0,4%<\/td>\n<\/tr>\n<tr>\n<td>Bras\u00edlia<\/td>\n<td>633,46<\/td>\n<td>634,12<\/td>\n<td>0,1%<\/td>\n<\/tr>\n<tr>\n<td><span style=\"color: #993300;\"><strong>Rio de Janeiro<\/strong><\/span><\/td>\n<td><span style=\"color: #993300;\"><strong>813,93<\/strong><\/span><\/td>\n<td><strong><span style=\"color: #993300;\">818,10<\/span><\/strong><\/td>\n<td><strong><span style=\"color: #993300;\">0,5%<\/span><\/strong><\/td>\n<\/tr>\n<tr>\n<td>S\u00e3o Paulo<\/td>\n<td>768,82<\/td>\n<td>776,12<\/td>\n<td>0,9%<\/td>\n<\/tr>\n<tr>\n<td>Manaus<\/td>\n<td>582,13<\/td>\n<td>588,87<\/td>\n<td>1,2%<\/td>\n<\/tr>\n<tr>\n<td>Salvador<\/td>\n<td>650,21<\/td>\n<td>662,24<\/td>\n<td>1,8%<\/td>\n<\/tr>\n<tr>\n<td>Curitiba<\/td>\n<td>617,98<\/td>\n<td>642,09<\/td>\n<td>3,9%<\/td>\n<\/tr>\n<tr>\n<td>Belo Horizonte<\/td>\n<td>520,63<\/td>\n<td>544,01<\/td>\n<td><strong>4,5%<\/strong><\/td>\n<\/tr>\n<\/tbody>\n<\/table>\n<\/td>\n<\/tr>\n<\/tbody>\n<\/table>\n<p>Os grupos de produtos que apresentaram aumento de pre\u00e7o mais expressivo na cesta b\u00e1sica, e em quase todas as capitais, foram os legumes (representados por batata, cebola e cenoura), seguidos de carne bovina, caf\u00e9 e farinha de mandioca.<\/p>\n<p>&nbsp;<\/p>\n<p>Os legumes continuam seguindo a trajet\u00f3ria de alta,<strong>\u00a0<\/strong>apresentando pre\u00e7os em eleva\u00e7\u00e3o em 7 das 8 cidades, pressionados pelo aumento de pre\u00e7o da batata e da cebola, que tem sido impactado por fatores clim\u00e1ticos que prejudicaram a colheita.<br \/>\nA alta no pre\u00e7o da carne bovina tende a ser reflexo do aumento da demanda das festas de fim de ano e do<span style=\"text-decoration: underline;\"><a href=\"https:\/\/enviosinbound.com\/link.php?code=bDpodHRwcyUzQSUyRiUyRnd3dzEuZm9saGEudW9sLmNvbS5iciUyRm1lcmNhZG8lMkYyMDIxJTJGMTIlMkZjaGluYS1yZXRvbWEtaW1wb3J0YWNhby1kZS1jYXJuZS1ib3ZpbmEtYnJhc2lsZWlyYS5zaHRtbDoxODYzMjM0MDA5OndlYm9icmFzQGdtYWlsLmNvbTo3YWRjYjU=\" target=\"_blank\" rel=\"noopener\" data-saferedirecturl=\"https:\/\/www.google.com\/url?q=https:\/\/enviosinbound.com\/link.php?code%3DbDpodHRwcyUzQSUyRiUyRnd3dzEuZm9saGEudW9sLmNvbS5iciUyRm1lcmNhZG8lMkYyMDIxJTJGMTIlMkZjaGluYS1yZXRvbWEtaW1wb3J0YWNhby1kZS1jYXJuZS1ib3ZpbmEtYnJhc2lsZWlyYS5zaHRtbDoxODYzMjM0MDA5OndlYm9icmFzQGdtYWlsLmNvbTo3YWRjYjU%3D&amp;source=gmail&amp;ust=1644760402516000&amp;usg=AOvVaw3qvWBB8wDLwDQw_qcZlpTc\">\u00a0<strong><span style=\"color: #0000ff; text-decoration: underline;\">t\u00e9rmino do embargo das exporta\u00e7\u00f5es de carne bovina brasileira<\/span><\/strong><\/a><\/span><strong><span style=\"color: #0000ff;\">.<\/span><\/strong> A escassez h\u00eddrica do ano passado tamb\u00e9m vem contribuindo para o aumento do pre\u00e7o da carne, tendo prejudicado as lavouras de milho e soja e pastagens, usadas na alimenta\u00e7\u00e3o do gado.<br \/>\nOs problemas clim\u00e1ticos tamb\u00e9m t\u00eam sido o principal motivo de aumento do caf\u00e9, devido \u00e0 quebra de safras e consequente redu\u00e7\u00e3o da oferta no mercado. Al\u00e9m disso, o aumento dos pre\u00e7os internacionais e a valoriza\u00e7\u00e3o do d\u00f3lar t\u00eam sido um incentivo para exporta\u00e7\u00e3o, empurrando ainda mais para cima os pre\u00e7os no mercado interno.<\/p>\n<p><span style=\"color: #008080;\"><strong>Tabela 2<\/strong>\u00a0&#8212; Produtos com mais altas de pre\u00e7os m\u00e9dios da cesta de consumo b\u00e1sica em Janeiro\/22<\/span><\/p>\n<table class=\"m_-6092512925384627665table\" width=\"\" align=\"center\">\n<tbody>\n<tr>\n<td>\n<table class=\"m_-6092512925384627665looset\" style=\"width: 94.0882%;\">\n<tbody>\n<tr>\n<td style=\"width: 19.2434%;\"><\/td>\n<td style=\"width: 78.6184%;\" colspan=\"4\">Var (%) no m\u00eas<\/td>\n<\/tr>\n<tr>\n<td style=\"width: 19.2434%;\"><strong>Capital<\/strong><\/td>\n<td style=\"width: 13.8158%;\"><strong>Legumes<\/strong><\/td>\n<td style=\"width: 11.1842%;\"><strong>Bovino<\/strong><\/td>\n<td style=\"width: 27.9605%;\"><strong>Caf\u00e9 em P\u00f3 e em Gr\u00e3os<\/strong><\/td>\n<td style=\"width: 25.6579%;\"><strong>Farinha de Mandioca<\/strong><\/td>\n<\/tr>\n<tr>\n<td style=\"width: 19.2434%;\">Belo Horizonte<\/td>\n<td style=\"width: 13.8158%;\">20,4%<\/td>\n<td style=\"width: 11.1842%;\">6,8%<\/td>\n<td style=\"width: 27.9605%;\">2,6%<\/td>\n<td style=\"width: 25.6579%;\">-1,7%<\/td>\n<\/tr>\n<tr>\n<td style=\"width: 19.2434%;\">Bras\u00edlia<\/td>\n<td style=\"width: 13.8158%;\">11,9%<\/td>\n<td style=\"width: 11.1842%;\">9,5%<\/td>\n<td style=\"width: 27.9605%;\">1,1%<\/td>\n<td style=\"width: 25.6579%;\">1,8%<\/td>\n<\/tr>\n<tr>\n<td style=\"width: 19.2434%;\">Curitiba<\/td>\n<td style=\"width: 13.8158%;\">37,2%<\/td>\n<td style=\"width: 11.1842%;\">6,6%<\/td>\n<td style=\"width: 27.9605%;\">1,5%<\/td>\n<td style=\"width: 25.6579%;\">1,0%<\/td>\n<\/tr>\n<tr>\n<td style=\"width: 19.2434%;\">Fortaleza<\/td>\n<td style=\"width: 13.8158%;\">10,0%<\/td>\n<td style=\"width: 11.1842%;\">-6,2%<\/td>\n<td style=\"width: 27.9605%;\">0,1%<\/td>\n<td style=\"width: 25.6579%;\">2,2%<\/td>\n<\/tr>\n<tr>\n<td style=\"width: 19.2434%;\">Manaus<\/td>\n<td style=\"width: 13.8158%;\">7,1%<\/td>\n<td style=\"width: 11.1842%;\">1,1%<\/td>\n<td style=\"width: 27.9605%;\">2,1%<\/td>\n<td style=\"width: 25.6579%;\">1,3%<\/td>\n<\/tr>\n<tr>\n<td style=\"width: 19.2434%;\">Rio de Janeiro<\/td>\n<td style=\"width: 13.8158%;\">7,7%<\/td>\n<td style=\"width: 11.1842%;\">5,0%<\/td>\n<td style=\"width: 27.9605%;\">1,3%<\/td>\n<td style=\"width: 25.6579%;\">2,7%<\/td>\n<\/tr>\n<tr>\n<td style=\"width: 19.2434%;\">Salvador<\/td>\n<td style=\"width: 13.8158%;\">14,3%<\/td>\n<td style=\"width: 11.1842%;\">1,4%<\/td>\n<td style=\"width: 27.9605%;\">1,7%<\/td>\n<td style=\"width: 25.6579%;\">2,1%<\/td>\n<\/tr>\n<tr>\n<td style=\"width: 19.2434%;\">S\u00e3o Paulo<\/td>\n<td style=\"width: 13.8158%;\">-1,9%<\/td>\n<td style=\"width: 11.1842%;\">-0,1%<\/td>\n<td style=\"width: 27.9605%;\">2,2%<\/td>\n<td style=\"width: 25.6579%;\">2,1%<\/td>\n<\/tr>\n<\/tbody>\n<\/table>\n<\/td>\n<\/tr>\n<\/tbody>\n<\/table>\n<p>&nbsp;<\/p>\n<p>Alguns produtos tamb\u00e9m apresentaram redu\u00e7\u00e3o de pre\u00e7o. \u00c9 o caso do arroz, frango, lingui\u00e7a, que apresentaram queda no pre\u00e7o m\u00e9dio em diversas capitais, al\u00e9m da manteiga e ovos.<\/p>\n<p>fONTE: <strong>Cesta de Consumo HORUS &amp; FGV IBRE<\/strong><\/p>\n<p>&nbsp;<\/p>\n","protected":false},"excerpt":{"rendered":"<p>Fevereiro, 2022 &#8211; O valor m\u00e9dio da cesta de consumo b\u00e1sica de alimentos de janeiro aumentou em rela\u00e7\u00e3o ao m\u00eas anterior em sete das oito capitais analisadas mensalmente pela plataforma Cesta de Consumo HORUS &amp; FGV IBRE, rec\u00e9m-lan\u00e7ada. As maiores altas foram registradas em Belo Horizonte (4,5%), Curitiba (3,9%) e Salvador (1,8%), em rela\u00e7\u00e3o aos [&hellip;]<\/p>\n","protected":false},"author":1,"featured_media":18643,"comment_status":"open","ping_status":"open","sticky":false,"template":"","format":"standard","meta":{"_uag_custom_page_level_css":"","footnotes":""},"categories":[33],"tags":[23208,23205,23206,23207,10375],"class_list":["post-18642","post","type-post","status-publish","format-standard","has-post-thumbnail","hentry","category-mercado","tag-alimentos-e-comida","tag-cesta-basica-r-800","tag-inflacao-e-desemprego-alto","tag-precos-dos-supermercados-disparam","tag-rio-de-janeiro"],"blocksy_meta":[],"spectra_blocks_featured_image_url":{"thumbnail":{"url":"https:\/\/construcaocivil.siriusmarketingedesign.com.br\/wp-content\/uploads\/2022\/02\/134108130_246174456935787_3462925591037383452_n1-150x150.jpg","width":150,"height":150},"medium":{"url":"https:\/\/construcaocivil.siriusmarketingedesign.com.br\/wp-content\/uploads\/2022\/02\/134108130_246174456935787_3462925591037383452_n1-300x300.jpg","width":300,"height":300},"medium_large":{"url":"https:\/\/construcaocivil.siriusmarketingedesign.com.br\/wp-content\/uploads\/2022\/02\/134108130_246174456935787_3462925591037383452_n1.jpg","width":451,"height":451},"large":{"url":"https:\/\/construcaocivil.siriusmarketingedesign.com.br\/wp-content\/uploads\/2022\/02\/134108130_246174456935787_3462925591037383452_n1.jpg","width":451,"height":451},"full":{"url":"https:\/\/construcaocivil.siriusmarketingedesign.com.br\/wp-content\/uploads\/2022\/02\/134108130_246174456935787_3462925591037383452_n1.jpg","width":451,"height":451}},"spectra_blocks_author_info":{"display_name":"Jornal da Constru\u00e7\u00e3o Civil","avatar_url":"https:\/\/secure.gravatar.com\/avatar\/973c9774fd44ddaceb026973c4962faa70fc512bc4c9da68e8ebb40fecee6540?s=96&d=mm&r=g","author_link":"https:\/\/construcaocivil.siriusmarketingedesign.com.br\/?author=1","description":"Desde de 2013, levando muitas informa\u00e7\u00f5es, lan\u00e7amentos e produtos de qualidade para toda cadeia produtiva da constru\u00e7\u00e3o. O Futuro da constru\u00e7\u00e3o passa por aqui,"},"uagb_featured_image_src":{"full":["https:\/\/construcaocivil.siriusmarketingedesign.com.br\/wp-content\/uploads\/2022\/02\/134108130_246174456935787_3462925591037383452_n1.jpg",451,451,false],"thumbnail":["https:\/\/construcaocivil.siriusmarketingedesign.com.br\/wp-content\/uploads\/2022\/02\/134108130_246174456935787_3462925591037383452_n1-150x150.jpg",150,150,true],"medium":["https:\/\/construcaocivil.siriusmarketingedesign.com.br\/wp-content\/uploads\/2022\/02\/134108130_246174456935787_3462925591037383452_n1-300x300.jpg",300,300,true],"medium_large":["https:\/\/construcaocivil.siriusmarketingedesign.com.br\/wp-content\/uploads\/2022\/02\/134108130_246174456935787_3462925591037383452_n1.jpg",451,451,false],"large":["https:\/\/construcaocivil.siriusmarketingedesign.com.br\/wp-content\/uploads\/2022\/02\/134108130_246174456935787_3462925591037383452_n1.jpg",451,451,false],"1536x1536":["https:\/\/construcaocivil.siriusmarketingedesign.com.br\/wp-content\/uploads\/2022\/02\/134108130_246174456935787_3462925591037383452_n1.jpg",451,451,false],"2048x2048":["https:\/\/construcaocivil.siriusmarketingedesign.com.br\/wp-content\/uploads\/2022\/02\/134108130_246174456935787_3462925591037383452_n1.jpg",451,451,false]},"uagb_author_info":{"display_name":"Jornal da Constru\u00e7\u00e3o Civil","author_link":"https:\/\/construcaocivil.siriusmarketingedesign.com.br\/?author=1"},"uagb_comment_info":0,"uagb_excerpt":"Fevereiro, 2022 &#8211; O valor m\u00e9dio da cesta de consumo b\u00e1sica de alimentos de janeiro aumentou em rela\u00e7\u00e3o ao m\u00eas anterior em sete das oito capitais analisadas mensalmente pela plataforma Cesta de Consumo HORUS &amp; FGV IBRE, rec\u00e9m-lan\u00e7ada. As maiores altas foram registradas em Belo Horizonte (4,5%), Curitiba (3,9%) e Salvador (1,8%), em rela\u00e7\u00e3o aos&hellip;","_links":{"self":[{"href":"https:\/\/construcaocivil.siriusmarketingedesign.com.br\/index.php?rest_route=\/wp\/v2\/posts\/18642","targetHints":{"allow":["GET"]}}],"collection":[{"href":"https:\/\/construcaocivil.siriusmarketingedesign.com.br\/index.php?rest_route=\/wp\/v2\/posts"}],"about":[{"href":"https:\/\/construcaocivil.siriusmarketingedesign.com.br\/index.php?rest_route=\/wp\/v2\/types\/post"}],"author":[{"embeddable":true,"href":"https:\/\/construcaocivil.siriusmarketingedesign.com.br\/index.php?rest_route=\/wp\/v2\/users\/1"}],"replies":[{"embeddable":true,"href":"https:\/\/construcaocivil.siriusmarketingedesign.com.br\/index.php?rest_route=%2Fwp%2Fv2%2Fcomments&post=18642"}],"version-history":[{"count":0,"href":"https:\/\/construcaocivil.siriusmarketingedesign.com.br\/index.php?rest_route=\/wp\/v2\/posts\/18642\/revisions"}],"wp:featuredmedia":[{"embeddable":true,"href":"https:\/\/construcaocivil.siriusmarketingedesign.com.br\/index.php?rest_route=\/wp\/v2\/media\/18643"}],"wp:attachment":[{"href":"https:\/\/construcaocivil.siriusmarketingedesign.com.br\/index.php?rest_route=%2Fwp%2Fv2%2Fmedia&parent=18642"}],"wp:term":[{"taxonomy":"category","embeddable":true,"href":"https:\/\/construcaocivil.siriusmarketingedesign.com.br\/index.php?rest_route=%2Fwp%2Fv2%2Fcategories&post=18642"},{"taxonomy":"post_tag","embeddable":true,"href":"https:\/\/construcaocivil.siriusmarketingedesign.com.br\/index.php?rest_route=%2Fwp%2Fv2%2Ftags&post=18642"}],"curies":[{"name":"wp","href":"https:\/\/api.w.org\/{rel}","templated":true}]}}