{"id":18661,"date":"2022-02-15T21:10:37","date_gmt":"2022-02-16T00:10:37","guid":{"rendered":"https:\/\/www.jornaldaconstrucaocivil.com.br\/?p=18661"},"modified":"2022-02-15T21:10:37","modified_gmt":"2022-02-16T00:10:37","slug":"governador-do-rio-de-janeiro-visita-unidade-da-arcelormittal-em-barra-mansa-rj","status":"publish","type":"post","link":"https:\/\/construcaocivil.siriusmarketingedesign.com.br\/?p=18661","title":{"rendered":"Governador do Rio de Janeiro visita unidade da ArcelorMittal em Barra Mansa (RJ)"},"content":{"rendered":"<p style=\"text-align: justify;\"><span style=\"color: #993300;\">Fevereiro<\/span>, 2022 &#8211; O governador Cl\u00e1udio Castro esteve hoje (15.2), em Barra Mansa, para uma visita \u00e0 planta industrial da ArcelorMittal, maior produtora de a\u00e7o do pa\u00eds e l\u00edder global do setor. Ele foi recebido pelos diretores da empresa. Anunciado na semana passada, o aporte de R\uff04 1,3 bilh\u00e3o para a unidade sul fluminense foi o tema do encontro. Participaram da visita o secret\u00e1rio estadual de Desenvolvimento Econ\u00f4mico, Energia e Rela\u00e7\u00f5es Internacionais, Vinicius Farah e, por parte da ArcelorMittal, Waldenir Lima (Vice-Presidente de Opera\u00e7\u00f5es da ArcelorMittal A\u00e7os Longos), Alexandre Barcelos (Vice-Presidente Corporativo de Finan\u00e7as e TI da ArcelorMittal Brasil) e Tatiana Nolasco (Diretora de Neg\u00f3cios Industriais da ArcelorMittal Sul Fluminense).<\/p>\n<p style=\"text-align: justify;\">O aporte permitir\u00e1 a moderniza\u00e7\u00e3o da planta industrial \u2013 que completa 85 anos de atividades em 2022 \u2013 e a amplia\u00e7\u00e3o do portf\u00f3lio de produtos e solu\u00e7\u00f5es voltados aos mercados da ind\u00fastria (setor automotivo e energia) e constru\u00e7\u00e3o civil. O projeto consiste na amplia\u00e7\u00e3o do atual laminador, instala\u00e7\u00e3o de um novo laminador e melhorias na Aciaria para amplia\u00e7\u00e3o do portf\u00f3lio de produtos de alta qualidade. A produ\u00e7\u00e3o ser\u00e1 voltada prioritariamente para o mercado interno.<\/p>\n<p style=\"text-align: justify;\">&#8220;Os investimentos anunciados demonstram a confian\u00e7a da ArcelorMittal em nosso estado e confirmam a percep\u00e7\u00e3o de que o Rio de Janeiro tem hoje previsibilidade, seguran\u00e7a jur\u00eddica e um dos melhores ambientes de neg\u00f3cios do mundo.\u00a0 A produ\u00e7\u00e3o de a\u00e7o estimula diversos segmentos e impulsiona o crescimento econ\u00f4mico, gerando milhares de empregos diretos e indiretos&#8221;, afirma o governador Cl\u00e1udio Castro.<\/p>\n<p style=\"text-align: justify;\">\u00a0Os recursos v\u00e3o abrir 1,2 mil postos de trabalho no pico da obra, criando oportunidades de crescimento para a regi\u00e3o.\u00a0 Al\u00e9m disso, estima-se que outros 350 empregos permanentes sejam gerados pelo projeto. &#8220;O investimento refor\u00e7a a import\u00e2ncia do mercado fluminense para a opera\u00e7\u00e3o brasileira. Seguimos comprometidos com o desenvolvimento econ\u00f4mico, social e sustent\u00e1vel da regi\u00e3o, estabelecendo rela\u00e7\u00f5es de parceria com a comunidade e as institui\u00e7\u00f5es locais&#8221;, aponta o VP de Opera\u00e7\u00f5es da ArcelorMittal A\u00e7os Longos, Waldenir Lima.<\/p>\n<p style=\"text-align: justify;\">\u00a0Para Vinicius Farah, secret\u00e1rio de Desenvolvimento Econ\u00f4mico, Energia e Rela\u00e7\u00f5es Internacionais, o estado voltou a ser um vetor de crescimento da ind\u00fastria nacional. &#8220;Os investimentos da ArcelorMittal tornar\u00e3o o Rio uma refer\u00eancia mundial no setor de produ\u00e7\u00e3o de a\u00e7os de alta qualidade, que ser\u00e3o fornecidos para grandes ind\u00fastrias como a automobil\u00edstica, de eletrodom\u00e9sticos, embalagens, constru\u00e7\u00e3o civil e naval&#8221;, destaca o secret\u00e1rio.<\/p>\n<p style=\"text-align: justify;\">Este \u00e9 o quarto investimento da produtora de a\u00e7o no pa\u00eds em apenas um ano, totalizando R\uff04 7,6 bilh\u00f5es nos segmentos de a\u00e7os longos, a\u00e7os planos e minera\u00e7\u00e3o. O an\u00fancio deste novo investimento ocorre em meio \u00e0 comemora\u00e7\u00e3o dos 100 anos de atua\u00e7\u00e3o do segmento de A\u00e7os Longos da ArcelorMittal no Brasil e reflete a aposta da empresa na constru\u00e7\u00e3o do pr\u00f3ximo s\u00e9culo de sua hist\u00f3ria.<\/p>\n<p style=\"text-align: justify;\"><span style=\"color: #0000ff;\"><strong>Raio- X do investimento<\/strong><\/span><\/p>\n<p style=\"text-align: justify;\">&#8211; Amplia\u00e7\u00e3o e moderniza\u00e7\u00e3o da unidade de Barra Mansa.<\/p>\n<p style=\"text-align: justify;\">&#8211; R\uff04 1,3 bilh\u00e3o de investimentos na aquisi\u00e7\u00e3o de novo laminador e melhorias na aciaria.<\/p>\n<p style=\"text-align: justify;\">&#8211; Foco na ind\u00fastria (setor automotivo e energia) e constru\u00e7\u00e3o civil com amplia\u00e7\u00e3o do portf\u00f3lio de produtos e solu\u00e7\u00f5es.<\/p>\n<p style=\"text-align: justify;\"><strong>&#8211; Gera\u00e7\u00e3o de 200 empregos diretos e 150 indiretos.<\/strong><\/p>\n<p style=\"text-align: justify;\"><strong>&#8211; 1,2 mil trabalhadores contratados no pico da obra.\u00a0<\/strong><\/p>\n<p style=\"text-align: justify;\">&#8211; Produ\u00e7\u00e3o ser\u00e1 voltada prioritariamente para o mercado interno.<\/p>\n<p style=\"text-align: justify;\">]<strong>ArcelorMittal em Barra Mansa<\/strong><\/p>\n<p style=\"text-align: justify;\">A unidade de Barra Mansa da ArcelorMittal foi fundada em 1937. O a\u00e7o produzido na usina \u00e9 ofertado em portf\u00f3lio variado, que ser\u00e1 ampliado com o novo aporte. S\u00e3o diversos clientes dos setores automotivo, energia, constru\u00e7\u00e3o civil, ind\u00fastria, agr\u00edcola e estruturas met\u00e1licas. S\u00e3o produzidos perfis, barra redonda e barra chata mola e estrutural. Em 2022, a planta completa 85 anos de atividades e \u00e9 uma das mais antigas do Grupo ArcelorMittal. As unidades da ArcelorMittal Sul Fluminense, que incluem tamb\u00e9m a Usina de Resende, possuem aproximadamente 800 empregados diretos.<\/p>\n","protected":false},"excerpt":{"rendered":"<p>Fevereiro, 2022 &#8211; O governador Cl\u00e1udio Castro esteve hoje (15.2), em Barra Mansa, para uma visita \u00e0 planta industrial da ArcelorMittal, maior produtora de a\u00e7o do pa\u00eds e l\u00edder global do setor. Ele foi recebido pelos diretores da empresa. Anunciado na semana passada, o aporte de R\uff04 1,3 bilh\u00e3o para a unidade sul fluminense foi [&hellip;]<\/p>\n","protected":false},"author":1,"featured_media":18662,"comment_status":"open","ping_status":"open","sticky":false,"template":"","format":"standard","meta":{"_uag_custom_page_level_css":"","footnotes":""},"categories":[33],"tags":[13251,22455,23224,4288,9507,10375,14864],"class_list":["post-18661","post","type-post","status-publish","format-standard","has-post-thumbnail","hentry","category-mercado","tag-arcelormittal","tag-barra-mansa-rj","tag-empregos-na-regiao-sul-fluminense","tag-energia","tag-produtos-para-construcao-civil","tag-rio-de-janeiro","tag-setor-automotivo"],"blocksy_meta":[],"spectra_blocks_featured_image_url":{"thumbnail":{"url":"https:\/\/construcaocivil.siriusmarketingedesign.com.br\/wp-content\/uploads\/2022\/02\/ARCELLOR-MITTAL-150x150.jpeg","width":150,"height":150},"medium":{"url":"https:\/\/construcaocivil.siriusmarketingedesign.com.br\/wp-content\/uploads\/2022\/02\/ARCELLOR-MITTAL-300x200.jpeg","width":300,"height":200},"medium_large":{"url":"https:\/\/construcaocivil.siriusmarketingedesign.com.br\/wp-content\/uploads\/2022\/02\/ARCELLOR-MITTAL-768x512.jpeg","width":768,"height":512},"large":{"url":"https:\/\/construcaocivil.siriusmarketingedesign.com.br\/wp-content\/uploads\/2022\/02\/ARCELLOR-MITTAL.jpeg","width":800,"height":533},"full":{"url":"https:\/\/construcaocivil.siriusmarketingedesign.com.br\/wp-content\/uploads\/2022\/02\/ARCELLOR-MITTAL.jpeg","width":800,"height":533}},"spectra_blocks_author_info":{"display_name":"Jornal da Constru\u00e7\u00e3o Civil","avatar_url":"https:\/\/secure.gravatar.com\/avatar\/973c9774fd44ddaceb026973c4962faa70fc512bc4c9da68e8ebb40fecee6540?s=96&d=mm&r=g","author_link":"https:\/\/construcaocivil.siriusmarketingedesign.com.br\/?author=1","description":"Desde de 2013, levando muitas informa\u00e7\u00f5es, lan\u00e7amentos e produtos de qualidade para toda cadeia produtiva da constru\u00e7\u00e3o. O Futuro da constru\u00e7\u00e3o passa por aqui,"},"uagb_featured_image_src":{"full":["https:\/\/construcaocivil.siriusmarketingedesign.com.br\/wp-content\/uploads\/2022\/02\/ARCELLOR-MITTAL.jpeg",800,533,false],"thumbnail":["https:\/\/construcaocivil.siriusmarketingedesign.com.br\/wp-content\/uploads\/2022\/02\/ARCELLOR-MITTAL-150x150.jpeg",150,150,true],"medium":["https:\/\/construcaocivil.siriusmarketingedesign.com.br\/wp-content\/uploads\/2022\/02\/ARCELLOR-MITTAL-300x200.jpeg",300,200,true],"medium_large":["https:\/\/construcaocivil.siriusmarketingedesign.com.br\/wp-content\/uploads\/2022\/02\/ARCELLOR-MITTAL-768x512.jpeg",768,512,true],"large":["https:\/\/construcaocivil.siriusmarketingedesign.com.br\/wp-content\/uploads\/2022\/02\/ARCELLOR-MITTAL.jpeg",800,533,false],"1536x1536":["https:\/\/construcaocivil.siriusmarketingedesign.com.br\/wp-content\/uploads\/2022\/02\/ARCELLOR-MITTAL.jpeg",800,533,false],"2048x2048":["https:\/\/construcaocivil.siriusmarketingedesign.com.br\/wp-content\/uploads\/2022\/02\/ARCELLOR-MITTAL.jpeg",800,533,false]},"uagb_author_info":{"display_name":"Jornal da Constru\u00e7\u00e3o Civil","author_link":"https:\/\/construcaocivil.siriusmarketingedesign.com.br\/?author=1"},"uagb_comment_info":0,"uagb_excerpt":"Fevereiro, 2022 &#8211; O governador Cl\u00e1udio Castro esteve hoje (15.2), em Barra Mansa, para uma visita \u00e0 planta industrial da ArcelorMittal, maior produtora de a\u00e7o do pa\u00eds e l\u00edder global do setor. Ele foi recebido pelos diretores da empresa. Anunciado na semana passada, o aporte de R\uff04 1,3 bilh\u00e3o para a unidade sul fluminense foi&hellip;","_links":{"self":[{"href":"https:\/\/construcaocivil.siriusmarketingedesign.com.br\/index.php?rest_route=\/wp\/v2\/posts\/18661","targetHints":{"allow":["GET"]}}],"collection":[{"href":"https:\/\/construcaocivil.siriusmarketingedesign.com.br\/index.php?rest_route=\/wp\/v2\/posts"}],"about":[{"href":"https:\/\/construcaocivil.siriusmarketingedesign.com.br\/index.php?rest_route=\/wp\/v2\/types\/post"}],"author":[{"embeddable":true,"href":"https:\/\/construcaocivil.siriusmarketingedesign.com.br\/index.php?rest_route=\/wp\/v2\/users\/1"}],"replies":[{"embeddable":true,"href":"https:\/\/construcaocivil.siriusmarketingedesign.com.br\/index.php?rest_route=%2Fwp%2Fv2%2Fcomments&post=18661"}],"version-history":[{"count":0,"href":"https:\/\/construcaocivil.siriusmarketingedesign.com.br\/index.php?rest_route=\/wp\/v2\/posts\/18661\/revisions"}],"wp:featuredmedia":[{"embeddable":true,"href":"https:\/\/construcaocivil.siriusmarketingedesign.com.br\/index.php?rest_route=\/wp\/v2\/media\/18662"}],"wp:attachment":[{"href":"https:\/\/construcaocivil.siriusmarketingedesign.com.br\/index.php?rest_route=%2Fwp%2Fv2%2Fmedia&parent=18661"}],"wp:term":[{"taxonomy":"category","embeddable":true,"href":"https:\/\/construcaocivil.siriusmarketingedesign.com.br\/index.php?rest_route=%2Fwp%2Fv2%2Fcategories&post=18661"},{"taxonomy":"post_tag","embeddable":true,"href":"https:\/\/construcaocivil.siriusmarketingedesign.com.br\/index.php?rest_route=%2Fwp%2Fv2%2Ftags&post=18661"}],"curies":[{"name":"wp","href":"https:\/\/api.w.org\/{rel}","templated":true}]}}