{"id":1871,"date":"2016-05-27T16:08:55","date_gmt":"2016-05-27T16:08:55","guid":{"rendered":"http:\/\/www.jornaldaconstrucaocivil.com.br\/?p=1871"},"modified":"2016-05-27T16:08:55","modified_gmt":"2016-05-27T16:08:55","slug":"feira-de-organicos-invade-o-plaza-shopping-niteroi","status":"publish","type":"post","link":"https:\/\/construcaocivil.siriusmarketingedesign.com.br\/?p=1871","title":{"rendered":"Feira de org\u00e2nicos invade o Plaza Shopping Niter\u00f3i"},"content":{"rendered":"<p><span style=\"color: #000000;\">Neste fim de semana (28 e 29 de maio), Niter\u00f3i ter\u00e1 sua primeira feira de org\u00e2nicos<span style=\"color: #993300;\"> <em>indoor<\/em><\/span>: a <strong>Green Market<\/strong>. Encerrando a <strong>Temporada Gourmet<\/strong>, evento do Plaza Shopping Niter\u00f3i dedicado \u00e0 gastronomia, a feira vai ocupar o Espa\u00e7o Gourmet do shopping, no 4\u00ba piso, com diversos produtores org\u00e2nicos, veganos e naturais. Organizada por Pedro Bonelli e Alessandra Moraes, respons\u00e1veis tamb\u00e9m pelo Festival Veggo, a Green Market reunir\u00e1 expositores como os sucos LOV, Hortamix Org\u00e2nicos, Dora Vegana, Hareburguer, Nuu P\u00e3o de Queijo, entre outros.<\/span><\/p>\n<figure id=\"attachment_1872\" aria-describedby=\"caption-attachment-1872\" style=\"width: 300px\" class=\"wp-caption alignleft\"><a href=\"http:\/\/www.jornaldaconstrucaocivil.com.br\/wp-content\/uploads\/2016\/05\/COMIDA-NITEROI.jpg\"><img loading=\"lazy\" decoding=\"async\" class=\"wp-image-1872 size-medium\" src=\"http:\/\/www.jornaldaconstrucaocivil.com.br\/wp-content\/uploads\/2016\/05\/COMIDA-NITEROI-300x111.jpg\" alt=\"COMIDA NITEROI\" width=\"300\" height=\"111\" \/><\/a><figcaption id=\"caption-attachment-1872\" class=\"wp-caption-text\"><span style=\"color: #ff0000;\">Imagem: Divulga\u00e7\u00e3o<\/span><\/figcaption><\/figure>\n<p><span style=\"color: #000000;\">Al\u00e9m das compras, DJs animar\u00e3o o espa\u00e7o durante os dois dias de evento e os participantes tamb\u00e9m poder\u00e3o assistir palestras com profissionais de educa\u00e7\u00e3o f\u00edsica, nutricionistas e participar de aul\u00f5es de ioga. Alinhado ao clima natureba do fim de semana, \u00e0s 19h do dia 28\/05 o restaurante Balada Mix promove um workshop sobre saladas e, \u00e0s 19h do dia 29\/05, a nutricionista funcional Marina Seidl fala sobre alimenta\u00e7\u00e3o saud\u00e1vel.<\/span><\/p>\n<p><span style=\"color: #000000;\">A <strong>Green Market<\/strong> tem entrada gratuita e aberta a todo p\u00fablico. O Plaza Shopping Niter\u00f3i fica na Rua Quinze de Novembro, 8, Centro, Niter\u00f3i. Mais informa\u00e7\u00f5es pelo site<span style=\"color: #0000ff;\">\u00a0<a style=\"color: #0000ff;\" href=\"http:\/\/www.plazaniteroi.com.br\/\">http:\/\/www.plazaniteroi.com.br\/<\/a><\/span> ou pelo telefone (21) 2621-9400.<\/span><\/p>\n","protected":false},"excerpt":{"rendered":"<p>Neste fim de semana (28 e 29 de maio), Niter\u00f3i ter\u00e1 sua primeira feira de org\u00e2nicos indoor: a Green Market. Encerrando a Temporada Gourmet, evento do Plaza Shopping Niter\u00f3i dedicado \u00e0 gastronomia, a feira vai ocupar o Espa\u00e7o Gourmet do shopping, no 4\u00ba piso, com diversos produtores org\u00e2nicos, veganos e naturais. Organizada por Pedro Bonelli [&hellip;]<\/p>\n","protected":false},"author":1,"featured_media":0,"comment_status":"open","ping_status":"open","sticky":false,"template":"","format":"quote","meta":{"_uag_custom_page_level_css":"","footnotes":""},"categories":[27],"tags":[5618,5830,9029,11661],"class_list":["post-1871","post","type-post","status-publish","format-quote","hentry","category-acontece","tag-green-market","tag-i-feira-organica","tag-plaza-shopping-niteroi","tag-temporada-gourmet","post_format-post-format-quote"],"blocksy_meta":[],"spectra_blocks_featured_image_url":null,"spectra_blocks_author_info":{"display_name":"Jornal da Constru\u00e7\u00e3o Civil","avatar_url":"https:\/\/secure.gravatar.com\/avatar\/973c9774fd44ddaceb026973c4962faa70fc512bc4c9da68e8ebb40fecee6540?s=96&d=mm&r=g","author_link":"https:\/\/construcaocivil.siriusmarketingedesign.com.br\/?author=1","description":"Desde de 2013, levando muitas informa\u00e7\u00f5es, lan\u00e7amentos e produtos de qualidade para toda cadeia produtiva da constru\u00e7\u00e3o. O Futuro da constru\u00e7\u00e3o passa por aqui,"},"uagb_featured_image_src":{"full":false,"thumbnail":false,"medium":false,"medium_large":false,"large":false,"1536x1536":false,"2048x2048":false},"uagb_author_info":{"display_name":"Jornal da Constru\u00e7\u00e3o Civil","author_link":"https:\/\/construcaocivil.siriusmarketingedesign.com.br\/?author=1"},"uagb_comment_info":0,"uagb_excerpt":"Neste fim de semana (28 e 29 de maio), Niter\u00f3i ter\u00e1 sua primeira feira de org\u00e2nicos indoor: a Green Market. Encerrando a Temporada Gourmet, evento do Plaza Shopping Niter\u00f3i dedicado \u00e0 gastronomia, a feira vai ocupar o Espa\u00e7o Gourmet do shopping, no 4\u00ba piso, com diversos produtores org\u00e2nicos, veganos e naturais. Organizada por Pedro Bonelli&hellip;","_links":{"self":[{"href":"https:\/\/construcaocivil.siriusmarketingedesign.com.br\/index.php?rest_route=\/wp\/v2\/posts\/1871","targetHints":{"allow":["GET"]}}],"collection":[{"href":"https:\/\/construcaocivil.siriusmarketingedesign.com.br\/index.php?rest_route=\/wp\/v2\/posts"}],"about":[{"href":"https:\/\/construcaocivil.siriusmarketingedesign.com.br\/index.php?rest_route=\/wp\/v2\/types\/post"}],"author":[{"embeddable":true,"href":"https:\/\/construcaocivil.siriusmarketingedesign.com.br\/index.php?rest_route=\/wp\/v2\/users\/1"}],"replies":[{"embeddable":true,"href":"https:\/\/construcaocivil.siriusmarketingedesign.com.br\/index.php?rest_route=%2Fwp%2Fv2%2Fcomments&post=1871"}],"version-history":[{"count":0,"href":"https:\/\/construcaocivil.siriusmarketingedesign.com.br\/index.php?rest_route=\/wp\/v2\/posts\/1871\/revisions"}],"wp:attachment":[{"href":"https:\/\/construcaocivil.siriusmarketingedesign.com.br\/index.php?rest_route=%2Fwp%2Fv2%2Fmedia&parent=1871"}],"wp:term":[{"taxonomy":"category","embeddable":true,"href":"https:\/\/construcaocivil.siriusmarketingedesign.com.br\/index.php?rest_route=%2Fwp%2Fv2%2Fcategories&post=1871"},{"taxonomy":"post_tag","embeddable":true,"href":"https:\/\/construcaocivil.siriusmarketingedesign.com.br\/index.php?rest_route=%2Fwp%2Fv2%2Ftags&post=1871"}],"curies":[{"name":"wp","href":"https:\/\/api.w.org\/{rel}","templated":true}]}}