{"id":18750,"date":"2022-02-28T01:30:14","date_gmt":"2022-02-28T04:30:14","guid":{"rendered":"https:\/\/www.jornaldaconstrucaocivil.com.br\/?p=18750"},"modified":"2022-02-28T01:30:14","modified_gmt":"2022-02-28T04:30:14","slug":"alta-nas-ocupacoes-e-baixa-disponibilidade-o-turismo-nas-principais-cidades-do-brasil-no-carnaval-2022","status":"publish","type":"post","link":"https:\/\/construcaocivil.siriusmarketingedesign.com.br\/?p=18750","title":{"rendered":"Alta nas ocupa\u00e7\u00f5es e baixa disponibilidade: o turismo nas principais cidades do Brasil no carnaval 2022"},"content":{"rendered":"<p style=\"text-align: justify;\"><span style=\"color: #0000ff;\">Fevereiro<\/span>, 2022 &#8211; Quem nunca participou ou j\u00e1 teve vontade de pular carnaval pelas ruas das grandes cidades do Brasil? O evento costuma fazer com que milhares de viajantes atravessem o pa\u00eds para aproveitar o per\u00edodo em determinadas cidades, mas tamb\u00e9m atrai visitantes de todo o mundo, especialmente de nossos vizinhos da Am\u00e9rica do Sul, Estados Unidos e Europa. Mas em tempos de pandemia, com o carnaval de rua cancelado em boa parte das capitais brasileiras, ser\u00e1 que muita gente ainda vai pegar estrada ou um avi\u00e3o para aproveitar o carnaval em outro lugar? A resposta \u00e9 sim!<\/p>\n<figure id=\"attachment_18752\" aria-describedby=\"caption-attachment-18752\" style=\"width: 300px\" class=\"wp-caption alignleft\"><img loading=\"lazy\" decoding=\"async\" class=\"size-medium wp-image-18752\" src=\"https:\/\/www.jornaldaconstrucaocivil.com.br\/wp-content\/uploads\/2022\/02\/CARNAVAL-2022-AB-300x168.png\" alt=\"\" width=\"300\" height=\"168\" srcset=\"https:\/\/construcaocivil.siriusmarketingedesign.com.br\/wp-content\/uploads\/2022\/02\/CARNAVAL-2022-AB-300x168.png 300w, https:\/\/construcaocivil.siriusmarketingedesign.com.br\/wp-content\/uploads\/2022\/02\/CARNAVAL-2022-AB-1024x575.png 1024w, https:\/\/construcaocivil.siriusmarketingedesign.com.br\/wp-content\/uploads\/2022\/02\/CARNAVAL-2022-AB-768x431.png 768w, https:\/\/construcaocivil.siriusmarketingedesign.com.br\/wp-content\/uploads\/2022\/02\/CARNAVAL-2022-AB-1536x862.png 1536w, https:\/\/construcaocivil.siriusmarketingedesign.com.br\/wp-content\/uploads\/2022\/02\/CARNAVAL-2022-AB.png 1600w\" sizes=\"auto, (max-width: 300px) 100vw, 300px\" \/><figcaption id=\"caption-attachment-18752\" class=\"wp-caption-text\">Divulga\u00e7\u00e3o<\/figcaption><\/figure>\n<p style=\"text-align: justify;\">Isso ocorre principalmente porque todos querem dar um tempo da correria do dia a dia, e um feriado prolongado como o carnaval \u00e9 o melhor momento para isso. O movimento, apesar de menor quando comparado a anos pr\u00e9-Covid, j\u00e1 atingiu patamares elevados e tende a continuar subindo nos pr\u00f3ximos feriados nacionais.<\/p>\n<p style=\"text-align: justify;\"><strong>Ocupa\u00e7\u00e3o nas grandes cidades do Brasil<\/strong><\/p>\n<p style=\"text-align: justify;\">Na quinta-feira (24), a Associa\u00e7\u00e3o de Hot\u00e9is do Rio de Janeiro (ABIH-RJ) divulgou que cerca de 80% da rede hoteleira do munic\u00edpio do Rio de Janeiro est\u00e1 reservada para o \u00faltimo fim de semana de fevereiro. Regi\u00f5es como\u00a0<span style=\"color: #0000ff;\"><a style=\"color: #0000ff;\" href=\"https:\/\/gateway.cse360.com.br\/api\/Campaign\/AddCampaignEmailClick\/f566e51e-44c9-4daa-a224-08d9f609784f\/https%253a%252f%252fcasatemporada.com%252fimoveis-aluguel-temporada%252fimoveis-temporada%252frio-de-janeiro%252frio-de-janeiro%252fipanema\/e5a1d2fa-94bb-4a21-b332-08d7c5ff26d1\/redacao@jornaldaconstrucaocivil.com.br\/True\" target=\"_blank\" rel=\"noopener noreferrer\">Ipanema<\/a><\/span>,\u00a0<span style=\"color: #0000ff;\"><a style=\"color: #0000ff;\" href=\"https:\/\/gateway.cse360.com.br\/api\/Campaign\/AddCampaignEmailClick\/f566e51e-44c9-4daa-a224-08d9f609784f\/https%253a%252f%252fcasatemporada.com%252fimoveis-aluguel-temporada%252fimoveis-temporada%252frio-de-janeiro%252frio-de-janeiro%252fleblon\/e5a1d2fa-94bb-4a21-b332-08d7c5ff26d1\/redacao@jornaldaconstrucaocivil.com.br\/True\" target=\"_blank\" rel=\"noopener noreferrer\">Leblon<\/a><\/span>,\u00a0<span style=\"color: #0000ff;\"><a style=\"color: #0000ff;\" href=\"https:\/\/gateway.cse360.com.br\/api\/Campaign\/AddCampaignEmailClick\/f566e51e-44c9-4daa-a224-08d9f609784f\/https%253a%252f%252fcasatemporada.com%252fimoveis-aluguel-temporada%252fimoveis-temporada%252frio-de-janeiro%252frio-de-janeiro%252fbarra-da-tijuca\/e5a1d2fa-94bb-4a21-b332-08d7c5ff26d1\/redacao@jornaldaconstrucaocivil.com.br\/True\" target=\"_blank\" rel=\"noopener noreferrer\">Barra da Tijuca<\/a>,<\/span>\u00a0<span style=\"color: #0000ff;\"><a style=\"color: #0000ff;\" href=\"https:\/\/gateway.cse360.com.br\/api\/Campaign\/AddCampaignEmailClick\/f566e51e-44c9-4daa-a224-08d9f609784f\/https%253a%252f%252fcasatemporada.com%252fimoveis-aluguel-temporada%252fimoveis-temporada%252frio-de-janeiro%252frio-de-janeiro%252frecreio-dos-bandeirantes\/e5a1d2fa-94bb-4a21-b332-08d7c5ff26d1\/redacao@jornaldaconstrucaocivil.com.br\/True\" target=\"_blank\" rel=\"noopener noreferrer\">Recreio dos Bandeirantes<\/a>\u00a0<\/span>e\u00a0<a href=\"https:\/\/gateway.cse360.com.br\/api\/Campaign\/AddCampaignEmailClick\/f566e51e-44c9-4daa-a224-08d9f609784f\/https%253a%252f%252fcasatemporada.com%252fimoveis-aluguel-temporada%252fimoveis-temporada%252frio-de-janeiro%252frio-de-janeiro%252fsao-conrado\/e5a1d2fa-94bb-4a21-b332-08d7c5ff26d1\/redacao@jornaldaconstrucaocivil.com.br\/True\" target=\"_blank\" rel=\"noopener noreferrer\"><span style=\"color: #0000ff;\">S\u00e3o<\/span> <span style=\"color: #0000ff;\">Conrado<\/span><\/a><span style=\"color: #0000ff;\">\u00a0<\/span>est\u00e3o com a ocupa\u00e7\u00e3o ainda mais alta, pr\u00f3xima dos 90%. J\u00e1 no interior do estado, a m\u00e9dia \u00e9 de 78% dos quartos reservados, por\u00e9m,\u00a0<span style=\"color: #0000ff;\"><a style=\"color: #0000ff;\" href=\"https:\/\/gateway.cse360.com.br\/api\/Campaign\/AddCampaignEmailClick\/f566e51e-44c9-4daa-a224-08d9f609784f\/https%253a%252f%252fcasatemporada.com%252fimoveis-aluguel-temporada%252fimoveis-temporada%252frio-de-janeiro%252farraial-do-cabo\/e5a1d2fa-94bb-4a21-b332-08d7c5ff26d1\/redacao@jornaldaconstrucaocivil.com.br\/True\" target=\"_blank\" rel=\"noopener noreferrer\">Arraial do Cabo<\/a><\/span>, um dos principais pontos tur\u00edsticos do litoral brasileiro, registra n\u00fameros superiores a 95%.\u00a0<span style=\"color: #0000ff;\"><a style=\"color: #0000ff;\" href=\"https:\/\/gateway.cse360.com.br\/api\/Campaign\/AddCampaignEmailClick\/f566e51e-44c9-4daa-a224-08d9f609784f\/https%253a%252f%252fcasatemporada.com%252fimoveis-aluguel-temporada%252fimoveis-temporada%252frio-de-janeiro%252fparaty\/e5a1d2fa-94bb-4a21-b332-08d7c5ff26d1\/redacao@jornaldaconstrucaocivil.com.br\/True\" target=\"_blank\" rel=\"noopener noreferrer\">Paraty<\/a><\/span>, em segundo lugar, tem 90% de ocupa\u00e7\u00e3o.<\/p>\n<figure id=\"attachment_18753\" aria-describedby=\"caption-attachment-18753\" style=\"width: 300px\" class=\"wp-caption alignright\"><img loading=\"lazy\" decoding=\"async\" class=\"size-medium wp-image-18753\" src=\"https:\/\/www.jornaldaconstrucaocivil.com.br\/wp-content\/uploads\/2022\/02\/CARNAVAL-MULHER-BONITA-300x200.png\" alt=\"\" width=\"300\" height=\"200\" srcset=\"https:\/\/construcaocivil.siriusmarketingedesign.com.br\/wp-content\/uploads\/2022\/02\/CARNAVAL-MULHER-BONITA-300x200.png 300w, https:\/\/construcaocivil.siriusmarketingedesign.com.br\/wp-content\/uploads\/2022\/02\/CARNAVAL-MULHER-BONITA-1024x682.png 1024w, https:\/\/construcaocivil.siriusmarketingedesign.com.br\/wp-content\/uploads\/2022\/02\/CARNAVAL-MULHER-BONITA-768x512.png 768w, https:\/\/construcaocivil.siriusmarketingedesign.com.br\/wp-content\/uploads\/2022\/02\/CARNAVAL-MULHER-BONITA-1536x1023.png 1536w, https:\/\/construcaocivil.siriusmarketingedesign.com.br\/wp-content\/uploads\/2022\/02\/CARNAVAL-MULHER-BONITA-450x300.png 450w, https:\/\/construcaocivil.siriusmarketingedesign.com.br\/wp-content\/uploads\/2022\/02\/CARNAVAL-MULHER-BONITA.png 1600w\" sizes=\"auto, (max-width: 300px) 100vw, 300px\" \/><figcaption id=\"caption-attachment-18753\" class=\"wp-caption-text\">Divulga\u00e7\u00e3o<\/figcaption><\/figure>\n<p style=\"text-align: justify;\">J\u00e1 em alguns pontos tur\u00edsticos do estado da\u00a0<span style=\"color: #0000ff;\"><a style=\"color: #0000ff;\" href=\"https:\/\/gateway.cse360.com.br\/api\/Campaign\/AddCampaignEmailClick\/f566e51e-44c9-4daa-a224-08d9f609784f\/https%253a%252f%252fcasatemporada.com%252fimoveis-aluguel-temporada%252fimoveis-temporada%252fbahia\/e5a1d2fa-94bb-4a21-b332-08d7c5ff26d1\/redacao@jornaldaconstrucaocivil.com.br\/True\" target=\"_blank\" rel=\"noopener noreferrer\">Bahia<\/a><\/span>, a ocupa\u00e7\u00e3o deve atingir os 100% durante o carnaval deste ano. \u00c9 o caso de locais como a\u00a0<span style=\"color: #0000ff;\"><a style=\"color: #0000ff;\" href=\"https:\/\/gateway.cse360.com.br\/api\/Campaign\/AddCampaignEmailClick\/f566e51e-44c9-4daa-a224-08d9f609784f\/https%253a%252f%252fcasatemporada.com%252fimoveis-aluguel-temporada%252fimoveis-temporada%252fbahia%252fmata-de-sao-joao\/e5a1d2fa-94bb-4a21-b332-08d7c5ff26d1\/redacao@jornaldaconstrucaocivil.com.br\/True\" target=\"_blank\" rel=\"noopener noreferrer\">Mata de S\u00e3o Jo\u00e3o<\/a>,\u00a0<a style=\"color: #0000ff;\" href=\"https:\/\/gateway.cse360.com.br\/api\/Campaign\/AddCampaignEmailClick\/f566e51e-44c9-4daa-a224-08d9f609784f\/https%253a%252f%252fcasatemporada.com%252fimoveis-aluguel-temporada%252fimoveis-temporada%252fbahia%252fmorro-de-sao-paulo\/e5a1d2fa-94bb-4a21-b332-08d7c5ff26d1\/redacao@jornaldaconstrucaocivil.com.br\/True\" target=\"_blank\" rel=\"noopener noreferrer\">Morro de S\u00e3o Paulo<\/a>\u00a0<\/span>e Chapada Diamantina, segundo a ABIH. J\u00e1 para a capital\u00a0<span style=\"color: #0000ff;\"><a style=\"color: #0000ff;\" href=\"https:\/\/gateway.cse360.com.br\/api\/Campaign\/AddCampaignEmailClick\/f566e51e-44c9-4daa-a224-08d9f609784f\/https%253a%252f%252fcasatemporada.com%252fimoveis-aluguel-temporada%252fimoveis-temporada%252fbahia%252fsalvador\/e5a1d2fa-94bb-4a21-b332-08d7c5ff26d1\/redacao@jornaldaconstrucaocivil.com.br\/True\" target=\"_blank\" rel=\"noopener noreferrer\">Salvador<\/a><\/span>, a estimativa \u00e9 de que as reservas atinjam em torno de 80%.<\/p>\n<p style=\"text-align: justify;\">Um pouco mais ao norte do estado da Bahia, no\u00a0<span style=\"color: #0000ff;\"><a style=\"color: #0000ff;\" href=\"https:\/\/gateway.cse360.com.br\/api\/Campaign\/AddCampaignEmailClick\/f566e51e-44c9-4daa-a224-08d9f609784f\/https%253a%252f%252fcasatemporada.com%252fimoveis-aluguel-temporada%252fimoveis-temporada%252fceara\/e5a1d2fa-94bb-4a21-b332-08d7c5ff26d1\/redacao@jornaldaconstrucaocivil.com.br\/True\" target=\"_blank\" rel=\"noopener noreferrer\">Cear\u00e1<\/a><\/span>, a previs\u00e3o da Secretaria Municipal do Turismo (Setfor) \u00e9 de que a ocupa\u00e7\u00e3o em\u00a0<span style=\"color: #0000ff;\"><a style=\"color: #0000ff;\" href=\"https:\/\/gateway.cse360.com.br\/api\/Campaign\/AddCampaignEmailClick\/f566e51e-44c9-4daa-a224-08d9f609784f\/https%253a%252f%252fcasatemporada.com%252fimoveis-aluguel-temporada%252fimoveis-temporada%252fceara%252ffortaleza\/e5a1d2fa-94bb-4a21-b332-08d7c5ff26d1\/redacao@jornaldaconstrucaocivil.com.br\/True\" target=\"_blank\" rel=\"noopener noreferrer\">Fortaleza<\/a>\u00a0<\/span>chegue a 75% neste ano, n\u00famero que subiu 30 pontos percentuais em rela\u00e7\u00e3o ao registrado no carnaval de 2021.<\/p>\n<figure id=\"attachment_18754\" aria-describedby=\"caption-attachment-18754\" style=\"width: 300px\" class=\"wp-caption alignleft\"><img loading=\"lazy\" decoding=\"async\" class=\"size-medium wp-image-18754\" src=\"https:\/\/www.jornaldaconstrucaocivil.com.br\/wp-content\/uploads\/2022\/02\/CARNAVAL-HOTEL-300x200.png\" alt=\"\" width=\"300\" height=\"200\" srcset=\"https:\/\/construcaocivil.siriusmarketingedesign.com.br\/wp-content\/uploads\/2022\/02\/CARNAVAL-HOTEL-300x200.png 300w, https:\/\/construcaocivil.siriusmarketingedesign.com.br\/wp-content\/uploads\/2022\/02\/CARNAVAL-HOTEL-1024x682.png 1024w, https:\/\/construcaocivil.siriusmarketingedesign.com.br\/wp-content\/uploads\/2022\/02\/CARNAVAL-HOTEL-768x512.png 768w, https:\/\/construcaocivil.siriusmarketingedesign.com.br\/wp-content\/uploads\/2022\/02\/CARNAVAL-HOTEL-450x300.png 450w, https:\/\/construcaocivil.siriusmarketingedesign.com.br\/wp-content\/uploads\/2022\/02\/CARNAVAL-HOTEL.png 1280w\" sizes=\"auto, (max-width: 300px) 100vw, 300px\" \/><figcaption id=\"caption-attachment-18754\" class=\"wp-caption-text\">Divulga\u00e7\u00e3o<\/figcaption><\/figure>\n<p style=\"text-align: justify;\">Grandes destinos tur\u00edsticos no carnaval, cidades como\u00a0<span style=\"color: #0000ff;\"><a style=\"color: #0000ff;\" href=\"https:\/\/gateway.cse360.com.br\/api\/Campaign\/AddCampaignEmailClick\/f566e51e-44c9-4daa-a224-08d9f609784f\/https%253a%252f%252fcasatemporada.com%252faluguel-temporada-em-maceio--al\/e5a1d2fa-94bb-4a21-b332-08d7c5ff26d1\/redacao@jornaldaconstrucaocivil.com.br\/True\" target=\"_blank\" rel=\"noopener noreferrer\">Macei\u00f3<\/a>,\u00a0<a style=\"color: #0000ff;\" href=\"https:\/\/gateway.cse360.com.br\/api\/Campaign\/AddCampaignEmailClick\/f566e51e-44c9-4daa-a224-08d9f609784f\/https%253a%252f%252fcasatemporada.com%252fimoveis-aluguel-temporada%252fimoveis-temporada%252fsanta-catarina%252fflorianopolis\/e5a1d2fa-94bb-4a21-b332-08d7c5ff26d1\/redacao@jornaldaconstrucaocivil.com.br\/True\" target=\"_blank\" rel=\"noopener noreferrer\">Florian\u00f3polis<\/a><\/span>\u00a0e<span style=\"color: #0000ff;\">\u00a0<a style=\"color: #0000ff;\" href=\"https:\/\/gateway.cse360.com.br\/api\/Campaign\/AddCampaignEmailClick\/f566e51e-44c9-4daa-a224-08d9f609784f\/https%253a%252f%252fcasatemporada.com%252fimoveis-aluguel-temporada%252fimoveis-temporada%252fsao-paulo%252fubatuba\/e5a1d2fa-94bb-4a21-b332-08d7c5ff26d1\/redacao@jornaldaconstrucaocivil.com.br\/True\" target=\"_blank\" rel=\"noopener noreferrer\">Ubatuba<\/a>,<\/span> no litoral de\u00a0<span style=\"color: #0000ff;\"><a style=\"color: #0000ff;\" href=\"https:\/\/gateway.cse360.com.br\/api\/Campaign\/AddCampaignEmailClick\/f566e51e-44c9-4daa-a224-08d9f609784f\/https%253a%252f%252fcasatemporada.com%252fimoveis-aluguel-temporada%252fimoveis-temporada%252fsao-paulo\/e5a1d2fa-94bb-4a21-b332-08d7c5ff26d1\/redacao@jornaldaconstrucaocivil.com.br\/True\" target=\"_blank\" rel=\"noopener noreferrer\">S\u00e3o Paulo<\/a><\/span>, t\u00eam previs\u00e3o de ocupa\u00e7\u00e3o superior aos 80% neste ano, segundo associa\u00e7\u00f5es locais. Nesta \u00faltima, por exemplo, n\u00e3o h\u00e1 mais disponibilidade para quem procura casas e apartamentos de frente para o mar.<\/p>\n<p style=\"text-align: justify;\"><strong>Cuidado tamb\u00e9m no carnaval<\/strong><\/p>\n<p style=\"text-align: justify;\">Durante os dias de carnaval, \u00e9 preciso lembrar-se tamb\u00e9m dos cuidados contra a Covid-19. Cada cidade possui suas pr\u00f3prias regras e limita\u00e7\u00f5es, por\u00e9m, no geral, \u00e9 importante evitar locais fechados e com muitas pessoas, al\u00e9m de, sempre que poss\u00edvel, utilizar m\u00e1scara e higienizar as m\u00e3os com \u00e1lcool em gel. Ter o esquema vacinal completo tamb\u00e9m \u00e9 fundamental para curtir esse per\u00edodo com mais tranquilidade, onde quer que voc\u00ea esteja.<\/p>\n<p style=\"text-align: justify;\">Ainda d\u00e1 tempo de encontrar um aluguel de temporada ideal para curtir o carnaval com a sua fam\u00edlia, ou ent\u00e3o comece agora mesmo a programar sua pr\u00f3xima viagem! No\u00a0<span style=\"color: #0000ff;\"><a style=\"color: #0000ff;\" href=\"https:\/\/gateway.cse360.com.br\/api\/Campaign\/AddCampaignEmailClick\/f566e51e-44c9-4daa-a224-08d9f609784f\/https%253a%252f%252fcasatemporada.com\/e5a1d2fa-94bb-4a21-b332-08d7c5ff26d1\/redacao@jornaldaconstrucaocivil.com.br\/True\" target=\"_blank\" rel=\"noopener noreferrer\"><strong>Casa Temporada<\/strong><\/a><\/span>\u00a0voc\u00ea encontra milhares de casas e apartamentos para\u00a0<span style=\"color: #0000ff;\"><a style=\"color: #0000ff;\" href=\"https:\/\/gateway.cse360.com.br\/api\/Campaign\/AddCampaignEmailClick\/f566e51e-44c9-4daa-a224-08d9f609784f\/https%253a%252f%252fcasatemporada.com\/e5a1d2fa-94bb-4a21-b332-08d7c5ff26d1\/redacao@jornaldaconstrucaocivil.com.br\/True\" target=\"_blank\" rel=\"noopener noreferrer\">aluguel de temporada<\/a>\u00a0<\/span>em todo o Brasil, em qualquer \u00e9poca do ano.<\/p>\n<p style=\"text-align: justify;\">\n","protected":false},"excerpt":{"rendered":"<p>Fevereiro, 2022 &#8211; Quem nunca participou ou j\u00e1 teve vontade de pular carnaval pelas ruas das grandes cidades do Brasil? O evento costuma fazer com que milhares de viajantes atravessem o pa\u00eds para aproveitar o per\u00edodo em determinadas cidades, mas tamb\u00e9m atrai visitantes de todo o mundo, especialmente de nossos vizinhos da Am\u00e9rica do Sul, [&hellip;]<\/p>\n","protected":false},"author":1,"featured_media":18751,"comment_status":"open","ping_status":"open","sticky":false,"template":"","format":"standard","meta":{"_uag_custom_page_level_css":"","footnotes":""},"categories":[1],"tags":[23331,1165,23333,5195,23334,10375,23332],"class_list":["post-18750","post","type-post","status-publish","format-standard","has-post-thumbnail","hentry","category-sem-categoria","tag-abih-rj","tag-bahia","tag-caranaval-2022-hoteis-lotam","tag-fortaleza","tag-pousadas-e-lugares-para-descanso","tag-rio-de-janeiro","tag-turismo-no-nordeste"],"blocksy_meta":[],"spectra_blocks_featured_image_url":{"thumbnail":{"url":"https:\/\/construcaocivil.siriusmarketingedesign.com.br\/wp-content\/uploads\/2022\/02\/CARNAVAL-2022-150x150.png","width":150,"height":150},"medium":{"url":"https:\/\/construcaocivil.siriusmarketingedesign.com.br\/wp-content\/uploads\/2022\/02\/CARNAVAL-2022-300x188.png","width":300,"height":188},"medium_large":{"url":"https:\/\/construcaocivil.siriusmarketingedesign.com.br\/wp-content\/uploads\/2022\/02\/CARNAVAL-2022-768x480.png","width":768,"height":480},"large":{"url":"https:\/\/construcaocivil.siriusmarketingedesign.com.br\/wp-content\/uploads\/2022\/02\/CARNAVAL-2022-1024x640.png","width":1024,"height":640},"full":{"url":"https:\/\/construcaocivil.siriusmarketingedesign.com.br\/wp-content\/uploads\/2022\/02\/CARNAVAL-2022.png","width":1200,"height":750}},"spectra_blocks_author_info":{"display_name":"Jornal da Constru\u00e7\u00e3o Civil","avatar_url":"https:\/\/secure.gravatar.com\/avatar\/973c9774fd44ddaceb026973c4962faa70fc512bc4c9da68e8ebb40fecee6540?s=96&d=mm&r=g","author_link":"https:\/\/construcaocivil.siriusmarketingedesign.com.br\/?author=1","description":"Desde de 2013, levando muitas informa\u00e7\u00f5es, lan\u00e7amentos e produtos de qualidade para toda cadeia produtiva da constru\u00e7\u00e3o. O Futuro da constru\u00e7\u00e3o passa por aqui,"},"uagb_featured_image_src":{"full":["https:\/\/construcaocivil.siriusmarketingedesign.com.br\/wp-content\/uploads\/2022\/02\/CARNAVAL-2022.png",1200,750,false],"thumbnail":["https:\/\/construcaocivil.siriusmarketingedesign.com.br\/wp-content\/uploads\/2022\/02\/CARNAVAL-2022-150x150.png",150,150,true],"medium":["https:\/\/construcaocivil.siriusmarketingedesign.com.br\/wp-content\/uploads\/2022\/02\/CARNAVAL-2022-300x188.png",300,188,true],"medium_large":["https:\/\/construcaocivil.siriusmarketingedesign.com.br\/wp-content\/uploads\/2022\/02\/CARNAVAL-2022-768x480.png",768,480,true],"large":["https:\/\/construcaocivil.siriusmarketingedesign.com.br\/wp-content\/uploads\/2022\/02\/CARNAVAL-2022-1024x640.png",1024,640,true],"1536x1536":["https:\/\/construcaocivil.siriusmarketingedesign.com.br\/wp-content\/uploads\/2022\/02\/CARNAVAL-2022.png",1200,750,false],"2048x2048":["https:\/\/construcaocivil.siriusmarketingedesign.com.br\/wp-content\/uploads\/2022\/02\/CARNAVAL-2022.png",1200,750,false]},"uagb_author_info":{"display_name":"Jornal da Constru\u00e7\u00e3o Civil","author_link":"https:\/\/construcaocivil.siriusmarketingedesign.com.br\/?author=1"},"uagb_comment_info":0,"uagb_excerpt":"Fevereiro, 2022 &#8211; Quem nunca participou ou j\u00e1 teve vontade de pular carnaval pelas ruas das grandes cidades do Brasil? O evento costuma fazer com que milhares de viajantes atravessem o pa\u00eds para aproveitar o per\u00edodo em determinadas cidades, mas tamb\u00e9m atrai visitantes de todo o mundo, especialmente de nossos vizinhos da Am\u00e9rica do Sul,&hellip;","_links":{"self":[{"href":"https:\/\/construcaocivil.siriusmarketingedesign.com.br\/index.php?rest_route=\/wp\/v2\/posts\/18750","targetHints":{"allow":["GET"]}}],"collection":[{"href":"https:\/\/construcaocivil.siriusmarketingedesign.com.br\/index.php?rest_route=\/wp\/v2\/posts"}],"about":[{"href":"https:\/\/construcaocivil.siriusmarketingedesign.com.br\/index.php?rest_route=\/wp\/v2\/types\/post"}],"author":[{"embeddable":true,"href":"https:\/\/construcaocivil.siriusmarketingedesign.com.br\/index.php?rest_route=\/wp\/v2\/users\/1"}],"replies":[{"embeddable":true,"href":"https:\/\/construcaocivil.siriusmarketingedesign.com.br\/index.php?rest_route=%2Fwp%2Fv2%2Fcomments&post=18750"}],"version-history":[{"count":0,"href":"https:\/\/construcaocivil.siriusmarketingedesign.com.br\/index.php?rest_route=\/wp\/v2\/posts\/18750\/revisions"}],"wp:featuredmedia":[{"embeddable":true,"href":"https:\/\/construcaocivil.siriusmarketingedesign.com.br\/index.php?rest_route=\/wp\/v2\/media\/18751"}],"wp:attachment":[{"href":"https:\/\/construcaocivil.siriusmarketingedesign.com.br\/index.php?rest_route=%2Fwp%2Fv2%2Fmedia&parent=18750"}],"wp:term":[{"taxonomy":"category","embeddable":true,"href":"https:\/\/construcaocivil.siriusmarketingedesign.com.br\/index.php?rest_route=%2Fwp%2Fv2%2Fcategories&post=18750"},{"taxonomy":"post_tag","embeddable":true,"href":"https:\/\/construcaocivil.siriusmarketingedesign.com.br\/index.php?rest_route=%2Fwp%2Fv2%2Ftags&post=18750"}],"curies":[{"name":"wp","href":"https:\/\/api.w.org\/{rel}","templated":true}]}}