{"id":1880,"date":"2016-05-27T17:16:55","date_gmt":"2016-05-27T17:16:55","guid":{"rendered":"http:\/\/www.jornaldaconstrucaocivil.com.br\/?p=1880"},"modified":"2016-05-27T17:16:55","modified_gmt":"2016-05-27T17:16:55","slug":"imobiliaria-tha-promove-o-1o-feriadao-do-imovel","status":"publish","type":"post","link":"https:\/\/construcaocivil.siriusmarketingedesign.com.br\/?p=1880","title":{"rendered":"Imobili\u00e1ria Th\u00e1 promove o 1\u00ba Feriad\u00e3o do Im\u00f3vel"},"content":{"rendered":"<p><span style=\"color: #000080;\"><strong><em>Ser\u00e3o mais de 20 empreendimentos de 14 incorporadoras dispon\u00edveis com condi\u00e7\u00f5es especiais de negocia\u00e7\u00e3o<\/em><\/strong><\/span><\/p>\n<figure id=\"attachment_1881\" aria-describedby=\"caption-attachment-1881\" style=\"width: 217px\" class=\"wp-caption alignleft\"><a href=\"http:\/\/www.jornaldaconstrucaocivil.com.br\/wp-content\/uploads\/2016\/05\/THA-feriad\u00e3o-do-im\u00f3vel.jpg\"><img loading=\"lazy\" decoding=\"async\" class=\"wp-image-1881 size-medium\" src=\"http:\/\/www.jornaldaconstrucaocivil.com.br\/wp-content\/uploads\/2016\/05\/THA-feriad\u00e3o-do-im\u00f3vel-217x300.jpg\" alt=\"THA feriad\u00e3o do im\u00f3vel\" width=\"217\" height=\"300\" \/><\/a><figcaption id=\"caption-attachment-1881\" class=\"wp-caption-text\"><span style=\"color: #ff0000;\">THA feriad\u00e3o do im\u00f3vel.<\/span><\/figcaption><\/figure>\n<p><span style=\"color: #000000;\">O feriad\u00e3o de Corpus Christi est\u00e1\u00a0chegando e a\u00a0<strong>Imobili\u00e1ria Th\u00e1<\/strong>\u00a0preparou uma a\u00e7\u00e3o especial para quem estiver em Curitiba(PR) e pretende adquirir um im\u00f3vel. No s\u00e1bado, dia 28 de maio, a empresa vai promover a primeira edi\u00e7\u00e3o do\u00a0<strong>Feriad\u00e3o do Im\u00f3vel, no Espa\u00e7o Th\u00e1 Curitiba<\/strong>.<\/span><\/p>\n<p><span style=\"color: #000000;\">Durante o dia, ser\u00e3o disponibilizados para venda com condi\u00e7\u00f5es especiais 20 empreendimentos de diversas incorporadoras, entre salas comerciais e unidades residenciais de 1 a 4 dormit\u00f3rios. Os interessados ter\u00e3o a oportunidade de adquirir im\u00f3veis com condi\u00e7\u00f5es imperd\u00edveis de negocia\u00e7\u00f5es, al\u00e9m de contar com todo o apoio da equipe de atendimento da\u00a0<strong>Imobili\u00e1ria Th\u00e1<\/strong>.<\/span><\/p>\n<p><span style=\"color: #000000;\">O Feriad\u00e3o do Im\u00f3vel ser\u00e1 realizado das 9h \u00e0s 20h, no\u00a0<strong>Espa\u00e7o Th\u00e1<\/strong>, espa\u00e7o multiuso do Grupo Th\u00e1 e tamb\u00e9m atual sede da<strong>\u00a0Imobili\u00e1ria Th\u00e1<\/strong>, que fica na Avenida Nossa Senhora Aparecida (N\u00ba 48), no bairro Batel. Mais informa\u00e7\u00f5es no site:<\/span>\u00a0<span style=\"color: #0000ff;\">imobiliariatha.com.br\/feriadao-do-imovel\/\u00a0<\/span><\/p>\n<p>&nbsp;<\/p>\n","protected":false},"excerpt":{"rendered":"<p>Ser\u00e3o mais de 20 empreendimentos de 14 incorporadoras dispon\u00edveis com condi\u00e7\u00f5es especiais de negocia\u00e7\u00e3o O feriad\u00e3o de Corpus Christi est\u00e1\u00a0chegando e a\u00a0Imobili\u00e1ria Th\u00e1\u00a0preparou uma a\u00e7\u00e3o especial para quem estiver em Curitiba(PR) e pretende adquirir um im\u00f3vel. No s\u00e1bado, dia 28 de maio, a empresa vai promover a primeira edi\u00e7\u00e3o do\u00a0Feriad\u00e3o do Im\u00f3vel, no Espa\u00e7o Th\u00e1 [&hellip;]<\/p>\n","protected":false},"author":1,"featured_media":0,"comment_status":"open","ping_status":"open","sticky":false,"template":"","format":"standard","meta":{"_uag_custom_page_level_css":"","footnotes":""},"categories":[30],"tags":[1967,3270,4946,5918,8478,9246],"class_list":["post-1880","post","type-post","status-publish","format-standard","hentry","category-imoveis","tag-casas-e-apartamentos","tag-curitibapr","tag-feirao-de-imoveis","tag-imobiliaria-tha","tag-oportunidades","tag-precos-especiais"],"blocksy_meta":[],"spectra_blocks_featured_image_url":null,"spectra_blocks_author_info":{"display_name":"Jornal da Constru\u00e7\u00e3o Civil","avatar_url":"https:\/\/secure.gravatar.com\/avatar\/973c9774fd44ddaceb026973c4962faa70fc512bc4c9da68e8ebb40fecee6540?s=96&d=mm&r=g","author_link":"https:\/\/construcaocivil.siriusmarketingedesign.com.br\/?author=1","description":"Desde de 2013, levando muitas informa\u00e7\u00f5es, lan\u00e7amentos e produtos de qualidade para toda cadeia produtiva da constru\u00e7\u00e3o. O Futuro da constru\u00e7\u00e3o passa por aqui,"},"uagb_featured_image_src":{"full":false,"thumbnail":false,"medium":false,"medium_large":false,"large":false,"1536x1536":false,"2048x2048":false},"uagb_author_info":{"display_name":"Jornal da Constru\u00e7\u00e3o Civil","author_link":"https:\/\/construcaocivil.siriusmarketingedesign.com.br\/?author=1"},"uagb_comment_info":0,"uagb_excerpt":"Ser\u00e3o mais de 20 empreendimentos de 14 incorporadoras dispon\u00edveis com condi\u00e7\u00f5es especiais de negocia\u00e7\u00e3o O feriad\u00e3o de Corpus Christi est\u00e1\u00a0chegando e a\u00a0Imobili\u00e1ria Th\u00e1\u00a0preparou uma a\u00e7\u00e3o especial para quem estiver em Curitiba(PR) e pretende adquirir um im\u00f3vel. No s\u00e1bado, dia 28 de maio, a empresa vai promover a primeira edi\u00e7\u00e3o do\u00a0Feriad\u00e3o do Im\u00f3vel, no Espa\u00e7o Th\u00e1&hellip;","_links":{"self":[{"href":"https:\/\/construcaocivil.siriusmarketingedesign.com.br\/index.php?rest_route=\/wp\/v2\/posts\/1880","targetHints":{"allow":["GET"]}}],"collection":[{"href":"https:\/\/construcaocivil.siriusmarketingedesign.com.br\/index.php?rest_route=\/wp\/v2\/posts"}],"about":[{"href":"https:\/\/construcaocivil.siriusmarketingedesign.com.br\/index.php?rest_route=\/wp\/v2\/types\/post"}],"author":[{"embeddable":true,"href":"https:\/\/construcaocivil.siriusmarketingedesign.com.br\/index.php?rest_route=\/wp\/v2\/users\/1"}],"replies":[{"embeddable":true,"href":"https:\/\/construcaocivil.siriusmarketingedesign.com.br\/index.php?rest_route=%2Fwp%2Fv2%2Fcomments&post=1880"}],"version-history":[{"count":0,"href":"https:\/\/construcaocivil.siriusmarketingedesign.com.br\/index.php?rest_route=\/wp\/v2\/posts\/1880\/revisions"}],"wp:attachment":[{"href":"https:\/\/construcaocivil.siriusmarketingedesign.com.br\/index.php?rest_route=%2Fwp%2Fv2%2Fmedia&parent=1880"}],"wp:term":[{"taxonomy":"category","embeddable":true,"href":"https:\/\/construcaocivil.siriusmarketingedesign.com.br\/index.php?rest_route=%2Fwp%2Fv2%2Fcategories&post=1880"},{"taxonomy":"post_tag","embeddable":true,"href":"https:\/\/construcaocivil.siriusmarketingedesign.com.br\/index.php?rest_route=%2Fwp%2Fv2%2Ftags&post=1880"}],"curies":[{"name":"wp","href":"https:\/\/api.w.org\/{rel}","templated":true}]}}