{"id":18803,"date":"2022-03-03T12:16:01","date_gmt":"2022-03-03T15:16:01","guid":{"rendered":"https:\/\/www.jornaldaconstrucaocivil.com.br\/?p=18803"},"modified":"2022-03-03T12:16:01","modified_gmt":"2022-03-03T15:16:01","slug":"setor-de-materiais-de-construcoes-e-o-quarto-que-mais-cresceu-em-2021-veja-expectativas-para-2022","status":"publish","type":"post","link":"https:\/\/construcaocivil.siriusmarketingedesign.com.br\/?p=18803","title":{"rendered":"Setor de materiais de constru\u00e7\u00f5es \u00e9 o quarto que mais cresceu em 2021 &#8211; Veja expectativas para 2022"},"content":{"rendered":"<p style=\"text-align: justify;\"><span style=\"color: #0000ff;\">Mar\u00e7o<\/span>, 2022 &#8211; Em 2021 o setor de materiais de constru\u00e7\u00e3o mais uma vez mostrou grande resili\u00eancia, se destacando perante grande parte dos setores do mercado, conforme dados divulgados no PMC (Pesquisa Mensal do Comercio\/IBGE) em novembro de 2021, o varejo de materiais de constru\u00e7\u00e3o quando comparado imediatamente aos 12 \u00faltimos meses, demonstra um aumento nas vendas de 12%.<\/p>\n<p style=\"text-align: justify;\">Com isso o setor fica na quarta posi\u00e7\u00e3o entre as atividades do varejo ampliado que mais crescem, estando atr\u00e1s do segmento de artigos farmac\u00eauticos, m\u00e9dicos, ortop\u00e9dicos, de perfumaria e cosm\u00e9ticos que cresceu 12,5%, setor de ve\u00edculos, motocicletas, partes e pe\u00e7as com alta de 14,8% e de outros artigos de uso pessoal e dom\u00e9stico que cresceu 18,5%.<\/p>\n<p style=\"text-align: justify;\">Destaque no setor de materiais de constru\u00e7\u00f5es foi a Federa\u00e7\u00e3o Brasileira de Redes Associativistas de Materiais de Constru\u00e7\u00e3o (Febramat), segundo explica Jo\u00e3o Oliveira de Lima, Gerente Executivo (CEO) da entidade. Ele explica que a Febramat tem como m\u00e9trica a rela\u00e7\u00e3o de sell-in que \u00e9 feita atrav\u00e9s da leitura das compras das lojas das Redes associadas e diante destes dados, pode-se afirmar:<\/p>\n<p style=\"text-align: justify;\">\n<p style=\"text-align: justify;\">&#8220;A partir dessa nossa an\u00e1lise percebemos alta no volume de compras em 36,6% no ano de 2021 e registramos um recorde de volume de compras no final do ano, quando as redes compraram juntas mais de R\uff04 2,8 bilh\u00f5es, superando assim em muito todo o volume de compras realizados no ano anterior 2020&#8221;, explica Jo\u00e3o Oliveira.<\/p>\n<p style=\"text-align: justify;\">\n<p style=\"text-align: justify;\">Para os resultados de compras das redes no ano de 2021 e, em comparativo no ano anterior, as redes registraram os seguintes resultados:<\/p>\n<p style=\"text-align: justify;\"><span style=\"color: #0000ff;\">1\u00ba trimestre +40,03% (R\uff04366,6 milh\u00f5es 2020 \/ R\uff04514,7 milh\u00f5es 2021)<\/span><\/p>\n<p style=\"text-align: justify;\"><span style=\"color: #0000ff;\">2\u00ba trimestre +64,08% (R\uff04785,4 milh\u00f5es 2020 \/ R\uff041,4 bilh\u00f5es 2021)<\/span><\/p>\n<p style=\"text-align: justify;\"><span style=\"color: #0000ff;\">3\u00ba trimestre +36,65% (R\uff041,3 bilh\u00f5es 2020 \/ R\uff042,1 bilh\u00f5es 2021)<\/span><\/p>\n<p style=\"text-align: justify;\"><span style=\"color: #0000ff;\">4\u00ba trimestre +19,32% (R\uff04 2,0 bilh\u00f5es 2020 \/ R\uff04 2,8 bilh\u00f5es 2021)<\/span><\/p>\n<p style=\"text-align: justify;\"><strong>Perspectivas do mercado<\/strong><\/p>\n<p style=\"text-align: justify;\">Em rela\u00e7\u00e3o \u00e0s perspectivas do varejo de materiais de constru\u00e7\u00f5es para 2022, o CEO da <strong>Febramat<\/strong> analisa que haver\u00e1 complexidades, sendo que o mercado financeiro elevou de 3,70% para 3,78% a estimativa de infla\u00e7\u00e3o. No ano que vem, a meta central de infla\u00e7\u00e3o \u00e9 de 3,50% e ser\u00e1 oficialmente cumprida se o \u00edndice oscilar de 2% a 5%.<\/p>\n<p style=\"text-align: justify;\">&#8220;Considerando esse panorama, o varejo de materiais de constru\u00e7\u00f5es poder\u00e1 ter impactos importantes principalmente frente a um ano de elei\u00e7\u00f5es nacionais, onde a economia deve conhecer as propostas dos pacotes econ\u00f4micos que poder\u00e3o impulsionar o segmento. Ainda assim, estatisticamente considerando, podemos ver um crescimento de 2022 em mais 3% frente ao ano de 2021, podendo chegar perto das expectativas de resultados previstos aos do cen\u00e1rio pr\u00e9-pand\u00eamico&#8221;, analisa Jo\u00e3o Oliveira de Lima.<\/p>\n<p style=\"text-align: justify;\"><strong>Motivos de crescimento da Febramat<\/strong><\/p>\n<p style=\"text-align: justify;\">&#8220;A entrada de novas lojas para as Redes pode ser considerado o grande destaque no ano que passou e que deve ter continuidade. A principal vantagem do associativismo \u00e9 o aumento do poder de negocia\u00e7\u00e3o das empresas associadas fazendo com que os lojistas adentrem em nossas Redes&#8221;, explica o CEO da Febramat.<\/p>\n<p style=\"text-align: justify;\">\n<p style=\"text-align: justify;\">Nas redes, as empresas que compartilham das mesmas necessidades podem, por exemplo, negociar pre\u00e7os diferenciados com os fornecedores quando realizam compras conjuntas maiores, aumentando a sua competitividade ao repassar esse custo ao consumidor final. Outra vantagem expressiva \u00e9 a troca de informa\u00e7\u00f5es e potencializa\u00e7\u00e3o da administra\u00e7\u00e3o dos associados com programas de desenvolvimento das PME\u00b4s associadas \u00e0s Redes.<\/p>\n<p style=\"text-align: justify;\">\n<p style=\"text-align: justify;\">&#8220;Quando olhamos para a performance das empresas s\u00f3cias honor\u00e1rias da Febramat, que s\u00e3o as ind\u00fastrias e parceiras comerciais, percebe-se que a for\u00e7a de compra destas redes possibilitara altas de 45,5% nos resultados de vendas destas empresas\/ind\u00fastrias. Ou seja, as lojas das redes associadas compraram mais em geral das ind\u00fastrias s\u00f3cias honor\u00e1rias do que as demais empresas que atendem os lojistas&#8217;, finaliza o CEO da Febramat.<\/p>\n<p style=\"text-align: justify;\">\n","protected":false},"excerpt":{"rendered":"<p>Mar\u00e7o, 2022 &#8211; Em 2021 o setor de materiais de constru\u00e7\u00e3o mais uma vez mostrou grande resili\u00eancia, se destacando perante grande parte dos setores do mercado, conforme dados divulgados no PMC (Pesquisa Mensal do Comercio\/IBGE) em novembro de 2021, o varejo de materiais de constru\u00e7\u00e3o quando comparado imediatamente aos 12 \u00faltimos meses, demonstra um aumento [&hellip;]<\/p>\n","protected":false},"author":1,"featured_media":18804,"comment_status":"open","ping_status":"open","sticky":false,"template":"","format":"standard","meta":{"_uag_custom_page_level_css":"","footnotes":""},"categories":[33],"tags":[23373,23370,23163,22965,23371,23372,10330,23369],"class_list":["post-18803","post","type-post","status-publish","format-standard","has-post-thumbnail","hentry","category-mercado","tag-autoconstruao","tag-expo-revestir-2022","tag-febramat","tag-feicon-2022","tag-inflacao-e-juros-altos","tag-material-de-construcao-2022-vendas-localizadas","tag-revestimentos-e-acabamentos","tag-varejo-de-mterial-de-construcao"],"blocksy_meta":[],"spectra_blocks_featured_image_url":{"thumbnail":{"url":"https:\/\/construcaocivil.siriusmarketingedesign.com.br\/wp-content\/uploads\/2022\/03\/CARRO-MATERIAL-DE-CONSTRUCAO-150x150.jpg","width":150,"height":150},"medium":{"url":"https:\/\/construcaocivil.siriusmarketingedesign.com.br\/wp-content\/uploads\/2022\/03\/CARRO-MATERIAL-DE-CONSTRUCAO-201x300.jpg","width":201,"height":300},"medium_large":{"url":"https:\/\/construcaocivil.siriusmarketingedesign.com.br\/wp-content\/uploads\/2022\/03\/CARRO-MATERIAL-DE-CONSTRUCAO.jpg","width":420,"height":626},"large":{"url":"https:\/\/construcaocivil.siriusmarketingedesign.com.br\/wp-content\/uploads\/2022\/03\/CARRO-MATERIAL-DE-CONSTRUCAO.jpg","width":420,"height":626},"full":{"url":"https:\/\/construcaocivil.siriusmarketingedesign.com.br\/wp-content\/uploads\/2022\/03\/CARRO-MATERIAL-DE-CONSTRUCAO.jpg","width":420,"height":626}},"spectra_blocks_author_info":{"display_name":"Jornal da Constru\u00e7\u00e3o Civil","avatar_url":"https:\/\/secure.gravatar.com\/avatar\/973c9774fd44ddaceb026973c4962faa70fc512bc4c9da68e8ebb40fecee6540?s=96&d=mm&r=g","author_link":"https:\/\/construcaocivil.siriusmarketingedesign.com.br\/?author=1","description":"Desde de 2013, levando muitas informa\u00e7\u00f5es, lan\u00e7amentos e produtos de qualidade para toda cadeia produtiva da constru\u00e7\u00e3o. O Futuro da constru\u00e7\u00e3o passa por aqui,"},"uagb_featured_image_src":{"full":["https:\/\/construcaocivil.siriusmarketingedesign.com.br\/wp-content\/uploads\/2022\/03\/CARRO-MATERIAL-DE-CONSTRUCAO.jpg",420,626,false],"thumbnail":["https:\/\/construcaocivil.siriusmarketingedesign.com.br\/wp-content\/uploads\/2022\/03\/CARRO-MATERIAL-DE-CONSTRUCAO-150x150.jpg",150,150,true],"medium":["https:\/\/construcaocivil.siriusmarketingedesign.com.br\/wp-content\/uploads\/2022\/03\/CARRO-MATERIAL-DE-CONSTRUCAO-201x300.jpg",201,300,true],"medium_large":["https:\/\/construcaocivil.siriusmarketingedesign.com.br\/wp-content\/uploads\/2022\/03\/CARRO-MATERIAL-DE-CONSTRUCAO.jpg",420,626,false],"large":["https:\/\/construcaocivil.siriusmarketingedesign.com.br\/wp-content\/uploads\/2022\/03\/CARRO-MATERIAL-DE-CONSTRUCAO.jpg",420,626,false],"1536x1536":["https:\/\/construcaocivil.siriusmarketingedesign.com.br\/wp-content\/uploads\/2022\/03\/CARRO-MATERIAL-DE-CONSTRUCAO.jpg",420,626,false],"2048x2048":["https:\/\/construcaocivil.siriusmarketingedesign.com.br\/wp-content\/uploads\/2022\/03\/CARRO-MATERIAL-DE-CONSTRUCAO.jpg",420,626,false]},"uagb_author_info":{"display_name":"Jornal da Constru\u00e7\u00e3o Civil","author_link":"https:\/\/construcaocivil.siriusmarketingedesign.com.br\/?author=1"},"uagb_comment_info":0,"uagb_excerpt":"Mar\u00e7o, 2022 &#8211; Em 2021 o setor de materiais de constru\u00e7\u00e3o mais uma vez mostrou grande resili\u00eancia, se destacando perante grande parte dos setores do mercado, conforme dados divulgados no PMC (Pesquisa Mensal do Comercio\/IBGE) em novembro de 2021, o varejo de materiais de constru\u00e7\u00e3o quando comparado imediatamente aos 12 \u00faltimos meses, demonstra um aumento&hellip;","_links":{"self":[{"href":"https:\/\/construcaocivil.siriusmarketingedesign.com.br\/index.php?rest_route=\/wp\/v2\/posts\/18803","targetHints":{"allow":["GET"]}}],"collection":[{"href":"https:\/\/construcaocivil.siriusmarketingedesign.com.br\/index.php?rest_route=\/wp\/v2\/posts"}],"about":[{"href":"https:\/\/construcaocivil.siriusmarketingedesign.com.br\/index.php?rest_route=\/wp\/v2\/types\/post"}],"author":[{"embeddable":true,"href":"https:\/\/construcaocivil.siriusmarketingedesign.com.br\/index.php?rest_route=\/wp\/v2\/users\/1"}],"replies":[{"embeddable":true,"href":"https:\/\/construcaocivil.siriusmarketingedesign.com.br\/index.php?rest_route=%2Fwp%2Fv2%2Fcomments&post=18803"}],"version-history":[{"count":0,"href":"https:\/\/construcaocivil.siriusmarketingedesign.com.br\/index.php?rest_route=\/wp\/v2\/posts\/18803\/revisions"}],"wp:featuredmedia":[{"embeddable":true,"href":"https:\/\/construcaocivil.siriusmarketingedesign.com.br\/index.php?rest_route=\/wp\/v2\/media\/18804"}],"wp:attachment":[{"href":"https:\/\/construcaocivil.siriusmarketingedesign.com.br\/index.php?rest_route=%2Fwp%2Fv2%2Fmedia&parent=18803"}],"wp:term":[{"taxonomy":"category","embeddable":true,"href":"https:\/\/construcaocivil.siriusmarketingedesign.com.br\/index.php?rest_route=%2Fwp%2Fv2%2Fcategories&post=18803"},{"taxonomy":"post_tag","embeddable":true,"href":"https:\/\/construcaocivil.siriusmarketingedesign.com.br\/index.php?rest_route=%2Fwp%2Fv2%2Ftags&post=18803"}],"curies":[{"name":"wp","href":"https:\/\/api.w.org\/{rel}","templated":true}]}}